{"id":1437,"date":"2021-04-05T21:56:40","date_gmt":"2021-04-05T21:56:40","guid":{"rendered":"https:\/\/www.portatax.cl\/mineria\/?p=1437"},"modified":"2023-12-05T15:36:02","modified_gmt":"2023-12-05T19:36:02","slug":"collahuasi-realiza-nuevo-ajuste-temporal-de-40-en-su-dotacion","status":"publish","type":"post","link":"https:\/\/www.portatax.cl\/mineria\/2021\/04\/05\/collahuasi-realiza-nuevo-ajuste-temporal-de-40-en-su-dotacion\/","title":{"rendered":"Collahuasi realiza nuevo ajuste temporal de 40% en su dotaci\u00f3n."},"content":{"rendered":"\n<p>por&nbsp;<a href=\"https:\/\/www.portalminero.com\/wp\/author\/portal-minero\/\">Portal Minero<\/a>&nbsp;|&nbsp;Abr 5, 2021&nbsp;|&nbsp;<a href=\"https:\/\/www.portalminero.com\/wp\/category\/noticias\/\">Noticias<\/a><\/p>\n\n\n\n<h6 class=\"wp-block-heading\"><em>Chile<\/em><\/h6>\n\n\n\n<p><strong>La minera, que ha operado con una dotaci\u00f3n restringida desde marzo de 2020 por la pandemia, volvi\u00f3 a realizar un ajuste paulatino en sus dotaciones propias y terceras, con el fin de apoyar la reducci\u00f3n de la movilidad que est\u00e1 impulsando la autoridad.<\/strong><\/p>\n\n\n\n<p><strong>lunes 05 de abril del 2021.-<\/strong>&nbsp;<\/p>\n\n\n\n<p>Frente al aumento de casos que se han producido en las \u00faltimas semanas a nivel regional y nacional, junto a las disposiciones adoptadas por la autoridad en su plan Paso a Paso, Compa\u00f1\u00eda Minera Do\u00f1a In\u00e9s de Collahuasi anunci\u00f3 que reforzar\u00e1 la reducci\u00f3n de dotaciones que viene realizando desde marzo de 2020, con el objetivo de continuar resguardando la salud y seguridad de sus trabajadores propios y terceros. Lo anterior, implicar\u00e1 una nueva disminuci\u00f3n paulatina de trabajadores para llegar hasta un 40% menos en todas sus instalaciones.<\/p>\n\n\n\n<p>Cabe recordar que, a fines de marzo de 2020, la compa\u00f1\u00eda efectu\u00f3 su primera disminuci\u00f3n de personal de hasta un 40%, donde estaban incluidos trabajadores con enfermedades cr\u00f3nicas, todos los mayores de 60 a\u00f1os y quienes pudieran realizar sus actividades desde el hogar mediante remotizaci\u00f3n.<\/p>\n\n\n\n<p>Adem\u00e1s, adopt\u00f3 una estricta barrera sanitaria, que a la fecha ha realizado m\u00e1s de 250 mil test ant\u00edgenos, anticuerpos, PCR y saliva; tambi\u00e9n la sanitizaci\u00f3n de instalaciones, uso obligatorio de EPP sanitarios, adecuaci\u00f3n de funcionamiento de casinos y transporte terrestre, junto con una reducci\u00f3n en la utilizaci\u00f3n de infraestructura como terminales o aeropuertos, estableciendo transportes privados directos a sus instalaciones.<\/p>\n\n\n\n<p>El presidente ejecutivo de Collahuasi, Jorge G\u00f3mez, indic\u00f3 que \u201cnuestra primera tarea, desde el inicio de la pandemia, ha sido proteger la salud y seguridad de nuestros trabajadores y continuaremos sin descanso, tomando todas las medidas necesarias para que eso ocurra. Con lo anterior, hemos podido mantener nuestra operaci\u00f3n y as\u00ed desplegar un apoyo sanitario robusto en la regi\u00f3n, resguardando la salud y el dinamismo econ\u00f3mico, en beneficio de todos nuestros vecinos de Tarapac\u00e1\u201d.<\/p>\n\n\n\n<p>Desde el comienzo de la emergencia sanitaria, Collahuasi implement\u00f3 a trav\u00e9s de alianzas con las autoridades locales, ej\u00e9rcito, servicios p\u00fablicos y sus sindicatos un plan de apoyo sanitario, que contempl\u00f3 la primera m\u00e1quina de an\u00e1lisis PCR para la regi\u00f3n, equipamiento m\u00e9dico para el Hospital Regional y PAME del ej\u00e9rcito, 32 ventiladores mec\u00e1nicos a disposici\u00f3n del Servicio de Salud, 15 mil test r\u00e1pidos y un equipo de 44 especialistas en tratamientos intensivos y cr\u00edticos para la atenci\u00f3n de pacientes con Covid-19.<\/p>\n\n\n\n<p>Asimismo, lanz\u00f3 el Plan Impulso Tarapac\u00e1, dirigido a apoyar la situaci\u00f3n econ\u00f3mica de las Mipymes regionales mediante fondos concursables para acceder a capital de trabajo e implementaci\u00f3n de medidas de distanciamiento f\u00edsico en las micro y peque\u00f1as empresas. A la fecha, el programa ha beneficiado a cerca de 500 empresas de Tarapac\u00e1, aportando a la protecci\u00f3n de m\u00e1s de mil empleos locales.<\/p>\n","protected":false},"excerpt":{"rendered":"<p>por&nbsp;Portal Minero&nbsp;|&nbsp;Abr 5, 2021&nbsp;|&nbsp;Noticias Chile La minera, que ha operado con una dotaci\u00f3n restringida desde marzo de 2020 por la pandemia, volvi\u00f3 a realizar un ajuste paulatino en sus dotaciones propias y terceras, con el fin de apoyar la reducci\u00f3n de la movilidad que est\u00e1 impulsando la autoridad. lunes 05 de abril del 2021.-&nbsp; Frente &hellip;<\/p>\n<p class=\"read-more\"> <a class=\"\" href=\"https:\/\/www.portatax.cl\/mineria\/2021\/04\/05\/collahuasi-realiza-nuevo-ajuste-temporal-de-40-en-su-dotacion\/\"> <span class=\"screen-reader-text\">Collahuasi realiza nuevo ajuste temporal de 40% en su dotaci\u00f3n.<\/span> Leer m\u00e1s &raquo;<\/a><\/p>\n","protected":false},"author":2,"featured_media":1438,"comment_status":"closed","ping_status":"closed","sticky":false,"template":"","format":"standard","meta":{"om_disable_all_campaigns":false,"_monsterinsights_skip_tracking":false,"_monsterinsights_sitenote_active":false,"_monsterinsights_sitenote_note":"","_monsterinsights_sitenote_category":0,"_uf_show_specific_survey":0,"_uf_disable_surveys":false,"site-sidebar-layout":"default","site-content-layout":"default","ast-site-content-layout":"default","site-content-style":"default","site-sidebar-style":"default","ast-global-header-display":"","ast-banner-title-visibility":"","ast-main-header-display":"","ast-hfb-above-header-display":"","ast-hfb-below-header-display":"","ast-hfb-mobile-header-display":"","site-post-title":"","ast-breadcrumbs-content":"","ast-featured-img":"","footer-sml-layout":"","theme-transparent-header-meta":"default","adv-header-id-meta":"","stick-header-meta":"","header-above-stick-meta":"","header-main-stick-meta":"","header-below-stick-meta":"","astra-migrate-meta-layouts":"set","ast-page-background-enabled":"default","ast-page-background-meta":{"desktop":{"background-color":"","background-image":"","background-repeat":"repeat","background-position":"center center","background-size":"auto","background-attachment":"scroll","background-type":"","background-media":"","overlay-type":"","overlay-color":"","overlay-gradient":""},"tablet":{"background-color":"","background-image":"","background-repeat":"repeat","background-position":"center center","background-size":"auto","background-attachment":"scroll","background-type":"","background-media":"","overlay-type":"","overlay-color":"","overlay-gradient":""},"mobile":{"background-color":"","background-image":"","background-repeat":"repeat","background-position":"center center","background-size":"auto","background-attachment":"scroll","background-type":"","background-media":"","overlay-type":"","overlay-color":"","overlay-gradient":""}},"ast-content-background-meta":{"desktop":{"background-color":"var(--ast-global-color-5)","background-image":"","background-repeat":"repeat","background-position":"center center","background-size":"auto","background-attachment":"scroll","background-type":"","background-media":"","overlay-type":"","overlay-color":"","overlay-gradient":""},"tablet":{"background-color":"var(--ast-global-color-5)","background-image":"","background-repeat":"repeat","background-position":"center center","background-size":"auto","background-attachment":"scroll","background-type":"","background-media":"","overlay-type":"","overlay-color":"","overlay-gradient":""},"mobile":{"background-color":"var(--ast-global-color-5)","background-image":"","background-repeat":"repeat","background-position":"center center","background-size":"auto","background-attachment":"scroll","background-type":"","background-media":"","overlay-type":"","overlay-color":"","overlay-gradient":""}},"footnotes":""},"categories":[42],"tags":[],"class_list":["post-1437","post","type-post","status-publish","format-standard","has-post-thumbnail","hentry","category-actualidad-minera"],"aioseo_notices":[],"yoast_head":"<!-- This site is optimized with the Yoast SEO plugin v21.5 - https:\/\/yoast.com\/wordpress\/plugins\/seo\/ -->\n<title>Collahuasi realiza nuevo ajuste temporal de 40% en su dotaci\u00f3n. - Portatax<\/title>\n<meta name=\"robots\" content=\"index, follow, max-snippet:-1, max-image-preview:large, max-video-preview:-1\" \/>\n<link rel=\"canonical\" href=\"https:\/\/www.portatax.cl\/mineria\/2021\/04\/05\/collahuasi-realiza-nuevo-ajuste-temporal-de-40-en-su-dotacion\/\" \/>\n<meta property=\"og:locale\" content=\"es_ES\" \/>\n<meta property=\"og:type\" content=\"article\" \/>\n<meta property=\"og:title\" content=\"Collahuasi realiza nuevo ajuste temporal de 40% en su dotaci\u00f3n. - Portatax\" \/>\n<meta property=\"og:description\" content=\"por&nbsp;Portal Minero&nbsp;|&nbsp;Abr 5, 2021&nbsp;|&nbsp;Noticias Chile La minera, que ha operado con una dotaci\u00f3n restringida desde marzo de 2020 por la pandemia, volvi\u00f3 a realizar un ajuste paulatino en sus dotaciones propias y terceras, con el fin de apoyar la reducci\u00f3n de la movilidad que est\u00e1 impulsando la autoridad. lunes 05 de abril del 2021.-&nbsp; Frente &hellip; Collahuasi realiza nuevo ajuste temporal de 40% en su dotaci\u00f3n. Leer m\u00e1s &raquo;\" \/>\n<meta property=\"og:url\" content=\"https:\/\/www.portatax.cl\/mineria\/2021\/04\/05\/collahuasi-realiza-nuevo-ajuste-temporal-de-40-en-su-dotacion\/\" \/>\n<meta property=\"og:site_name\" content=\"Portatax\" \/>\n<meta property=\"article:published_time\" content=\"2021-04-05T21:56:40+00:00\" \/>\n<meta property=\"article:modified_time\" content=\"2023-12-05T19:36:02+00:00\" \/>\n<meta property=\"og:image\" content=\"https:\/\/www.portatax.cl\/mineria\/wp-content\/uploads\/2021\/04\/collahuasi.jpg\" \/>\n\t<meta property=\"og:image:width\" content=\"500\" \/>\n\t<meta property=\"og:image:height\" content=\"333\" \/>\n\t<meta property=\"og:image:type\" content=\"image\/jpeg\" \/>\n<meta name=\"author\" content=\"Marjorie\" \/>\n<meta name=\"twitter:card\" content=\"summary_large_image\" \/>\n<meta name=\"twitter:label1\" content=\"Escrito por\" \/>\n\t<meta name=\"twitter:data1\" content=\"Marjorie\" \/>\n\t<meta name=\"twitter:label2\" content=\"Tiempo de lectura\" \/>\n\t<meta name=\"twitter:data2\" content=\"3 minutos\" \/>\n<script type=\"application\/ld+json\" class=\"yoast-schema-graph\">{\"@context\":\"https:\/\/schema.org\",\"@graph\":[{\"@type\":\"Article\",\"@id\":\"https:\/\/www.portatax.cl\/mineria\/2021\/04\/05\/collahuasi-realiza-nuevo-ajuste-temporal-de-40-en-su-dotacion\/#article\",\"isPartOf\":{\"@id\":\"https:\/\/www.portatax.cl\/mineria\/2021\/04\/05\/collahuasi-realiza-nuevo-ajuste-temporal-de-40-en-su-dotacion\/\"},\"author\":{\"name\":\"Marjorie\",\"@id\":\"https:\/\/www.portatax.cl\/mineria\/#\/schema\/person\/16bad928390762f14c4b8023f0f356d2\"},\"headline\":\"Collahuasi realiza nuevo ajuste temporal de 40% en su dotaci\u00f3n.\",\"datePublished\":\"2021-04-05T21:56:40+00:00\",\"dateModified\":\"2023-12-05T19:36:02+00:00\",\"mainEntityOfPage\":{\"@id\":\"https:\/\/www.portatax.cl\/mineria\/2021\/04\/05\/collahuasi-realiza-nuevo-ajuste-temporal-de-40-en-su-dotacion\/\"},\"wordCount\":511,\"publisher\":{\"@id\":\"https:\/\/www.portatax.cl\/mineria\/#organization\"},\"articleSection\":[\"Actualidad Minera\"],\"inLanguage\":\"es\"},{\"@type\":\"WebPage\",\"@id\":\"https:\/\/www.portatax.cl\/mineria\/2021\/04\/05\/collahuasi-realiza-nuevo-ajuste-temporal-de-40-en-su-dotacion\/\",\"url\":\"https:\/\/www.portatax.cl\/mineria\/2021\/04\/05\/collahuasi-realiza-nuevo-ajuste-temporal-de-40-en-su-dotacion\/\",\"name\":\"Collahuasi realiza nuevo ajuste temporal de 40% en su dotaci\u00f3n. - Portatax\",\"isPartOf\":{\"@id\":\"https:\/\/www.portatax.cl\/mineria\/#website\"},\"datePublished\":\"2021-04-05T21:56:40+00:00\",\"dateModified\":\"2023-12-05T19:36:02+00:00\",\"breadcrumb\":{\"@id\":\"https:\/\/www.portatax.cl\/mineria\/2021\/04\/05\/collahuasi-realiza-nuevo-ajuste-temporal-de-40-en-su-dotacion\/#breadcrumb\"},\"inLanguage\":\"es\",\"potentialAction\":[{\"@type\":\"ReadAction\",\"target\":[\"https:\/\/www.portatax.cl\/mineria\/2021\/04\/05\/collahuasi-realiza-nuevo-ajuste-temporal-de-40-en-su-dotacion\/\"]}]},{\"@type\":\"BreadcrumbList\",\"@id\":\"https:\/\/www.portatax.cl\/mineria\/2021\/04\/05\/collahuasi-realiza-nuevo-ajuste-temporal-de-40-en-su-dotacion\/#breadcrumb\",\"itemListElement\":[{\"@type\":\"ListItem\",\"position\":1,\"name\":\"Portada\",\"item\":\"https:\/\/www.portatax.cl\/mineria\/\"},{\"@type\":\"ListItem\",\"position\":2,\"name\":\"Collahuasi realiza nuevo ajuste temporal de 40% en su dotaci\u00f3n.\"}]},{\"@type\":\"WebSite\",\"@id\":\"https:\/\/www.portatax.cl\/mineria\/#website\",\"url\":\"https:\/\/www.portatax.cl\/mineria\/\",\"name\":\"Portatax\",\"description\":\"Servicios Tributarios\",\"publisher\":{\"@id\":\"https:\/\/www.portatax.cl\/mineria\/#organization\"},\"potentialAction\":[{\"@type\":\"SearchAction\",\"target\":{\"@type\":\"EntryPoint\",\"urlTemplate\":\"https:\/\/www.portatax.cl\/mineria\/?s={search_term_string}\"},\"query-input\":\"required name=search_term_string\"}],\"inLanguage\":\"es\"},{\"@type\":\"Organization\",\"@id\":\"https:\/\/www.portatax.cl\/mineria\/#organization\",\"name\":\"Portatax\",\"url\":\"https:\/\/www.portatax.cl\/mineria\/\",\"logo\":{\"@type\":\"ImageObject\",\"inLanguage\":\"es\",\"@id\":\"https:\/\/www.portatax.cl\/mineria\/#\/schema\/logo\/image\/\",\"url\":\"https:\/\/www.portatax.cl\/mineria\/wp-content\/uploads\/2021\/03\/Logo-Porta-Tax-2.png\",\"contentUrl\":\"https:\/\/www.portatax.cl\/mineria\/wp-content\/uploads\/2021\/03\/Logo-Porta-Tax-2.png\",\"width\":250,\"height\":83,\"caption\":\"Portatax\"},\"image\":{\"@id\":\"https:\/\/www.portatax.cl\/mineria\/#\/schema\/logo\/image\/\"}},{\"@type\":\"Person\",\"@id\":\"https:\/\/www.portatax.cl\/mineria\/#\/schema\/person\/16bad928390762f14c4b8023f0f356d2\",\"name\":\"Marjorie\",\"image\":{\"@type\":\"ImageObject\",\"inLanguage\":\"es\",\"@id\":\"https:\/\/www.portatax.cl\/mineria\/#\/schema\/person\/image\/\",\"url\":\"https:\/\/secure.gravatar.com\/avatar\/075ec98493ed93d68bb3fc65934af517464edbda82d3de640a0d868437b444ba?s=96&d=mm&r=g\",\"contentUrl\":\"https:\/\/secure.gravatar.com\/avatar\/075ec98493ed93d68bb3fc65934af517464edbda82d3de640a0d868437b444ba?s=96&d=mm&r=g\",\"caption\":\"Marjorie\"},\"url\":\"https:\/\/www.portatax.cl\/mineria\/author\/marjorie\/\"}]}<\/script>\n<!-- \/ Yoast SEO plugin. -->","yoast_head_json":{"title":"Collahuasi realiza nuevo ajuste temporal de 40% en su dotaci\u00f3n. - Portatax","robots":{"index":"index","follow":"follow","max-snippet":"max-snippet:-1","max-image-preview":"max-image-preview:large","max-video-preview":"max-video-preview:-1"},"canonical":"https:\/\/www.portatax.cl\/mineria\/2021\/04\/05\/collahuasi-realiza-nuevo-ajuste-temporal-de-40-en-su-dotacion\/","og_locale":"es_ES","og_type":"article","og_title":"Collahuasi realiza nuevo ajuste temporal de 40% en su dotaci\u00f3n. - Portatax","og_description":"por&nbsp;Portal Minero&nbsp;|&nbsp;Abr 5, 2021&nbsp;|&nbsp;Noticias Chile La minera, que ha operado con una dotaci\u00f3n restringida desde marzo de 2020 por la pandemia, volvi\u00f3 a realizar un ajuste paulatino en sus dotaciones propias y terceras, con el fin de apoyar la reducci\u00f3n de la movilidad que est\u00e1 impulsando la autoridad. lunes 05 de abril del 2021.-&nbsp; Frente &hellip; Collahuasi realiza nuevo ajuste temporal de 40% en su dotaci\u00f3n. Leer m\u00e1s &raquo;","og_url":"https:\/\/www.portatax.cl\/mineria\/2021\/04\/05\/collahuasi-realiza-nuevo-ajuste-temporal-de-40-en-su-dotacion\/","og_site_name":"Portatax","article_published_time":"2021-04-05T21:56:40+00:00","article_modified_time":"2023-12-05T19:36:02+00:00","og_image":[{"width":500,"height":333,"url":"https:\/\/www.portatax.cl\/mineria\/wp-content\/uploads\/2021\/04\/collahuasi.jpg","type":"image\/jpeg"}],"author":"Marjorie","twitter_card":"summary_large_image","twitter_misc":{"Escrito por":"Marjorie","Tiempo de lectura":"3 minutos"},"schema":{"@context":"https:\/\/schema.org","@graph":[{"@type":"Article","@id":"https:\/\/www.portatax.cl\/mineria\/2021\/04\/05\/collahuasi-realiza-nuevo-ajuste-temporal-de-40-en-su-dotacion\/#article","isPartOf":{"@id":"https:\/\/www.portatax.cl\/mineria\/2021\/04\/05\/collahuasi-realiza-nuevo-ajuste-temporal-de-40-en-su-dotacion\/"},"author":{"name":"Marjorie","@id":"https:\/\/www.portatax.cl\/mineria\/#\/schema\/person\/16bad928390762f14c4b8023f0f356d2"},"headline":"Collahuasi realiza nuevo ajuste temporal de 40% en su dotaci\u00f3n.","datePublished":"2021-04-05T21:56:40+00:00","dateModified":"2023-12-05T19:36:02+00:00","mainEntityOfPage":{"@id":"https:\/\/www.portatax.cl\/mineria\/2021\/04\/05\/collahuasi-realiza-nuevo-ajuste-temporal-de-40-en-su-dotacion\/"},"wordCount":511,"publisher":{"@id":"https:\/\/www.portatax.cl\/mineria\/#organization"},"articleSection":["Actualidad Minera"],"inLanguage":"es"},{"@type":"WebPage","@id":"https:\/\/www.portatax.cl\/mineria\/2021\/04\/05\/collahuasi-realiza-nuevo-ajuste-temporal-de-40-en-su-dotacion\/","url":"https:\/\/www.portatax.cl\/mineria\/2021\/04\/05\/collahuasi-realiza-nuevo-ajuste-temporal-de-40-en-su-dotacion\/","name":"Collahuasi realiza nuevo ajuste temporal de 40% en su dotaci\u00f3n. - Portatax","isPartOf":{"@id":"https:\/\/www.portatax.cl\/mineria\/#website"},"datePublished":"2021-04-05T21:56:40+00:00","dateModified":"2023-12-05T19:36:02+00:00","breadcrumb":{"@id":"https:\/\/www.portatax.cl\/mineria\/2021\/04\/05\/collahuasi-realiza-nuevo-ajuste-temporal-de-40-en-su-dotacion\/#breadcrumb"},"inLanguage":"es","potentialAction":[{"@type":"ReadAction","target":["https:\/\/www.portatax.cl\/mineria\/2021\/04\/05\/collahuasi-realiza-nuevo-ajuste-temporal-de-40-en-su-dotacion\/"]}]},{"@type":"BreadcrumbList","@id":"https:\/\/www.portatax.cl\/mineria\/2021\/04\/05\/collahuasi-realiza-nuevo-ajuste-temporal-de-40-en-su-dotacion\/#breadcrumb","itemListElement":[{"@type":"ListItem","position":1,"name":"Portada","item":"https:\/\/www.portatax.cl\/mineria\/"},{"@type":"ListItem","position":2,"name":"Collahuasi realiza nuevo ajuste temporal de 40% en su dotaci\u00f3n."}]},{"@type":"WebSite","@id":"https:\/\/www.portatax.cl\/mineria\/#website","url":"https:\/\/www.portatax.cl\/mineria\/","name":"Portatax","description":"Servicios Tributarios","publisher":{"@id":"https:\/\/www.portatax.cl\/mineria\/#organization"},"potentialAction":[{"@type":"SearchAction","target":{"@type":"EntryPoint","urlTemplate":"https:\/\/www.portatax.cl\/mineria\/?s={search_term_string}"},"query-input":"required name=search_term_string"}],"inLanguage":"es"},{"@type":"Organization","@id":"https:\/\/www.portatax.cl\/mineria\/#organization","name":"Portatax","url":"https:\/\/www.portatax.cl\/mineria\/","logo":{"@type":"ImageObject","inLanguage":"es","@id":"https:\/\/www.portatax.cl\/mineria\/#\/schema\/logo\/image\/","url":"https:\/\/www.portatax.cl\/mineria\/wp-content\/uploads\/2021\/03\/Logo-Porta-Tax-2.png","contentUrl":"https:\/\/www.portatax.cl\/mineria\/wp-content\/uploads\/2021\/03\/Logo-Porta-Tax-2.png","width":250,"height":83,"caption":"Portatax"},"image":{"@id":"https:\/\/www.portatax.cl\/mineria\/#\/schema\/logo\/image\/"}},{"@type":"Person","@id":"https:\/\/www.portatax.cl\/mineria\/#\/schema\/person\/16bad928390762f14c4b8023f0f356d2","name":"Marjorie","image":{"@type":"ImageObject","inLanguage":"es","@id":"https:\/\/www.portatax.cl\/mineria\/#\/schema\/person\/image\/","url":"https:\/\/secure.gravatar.com\/avatar\/075ec98493ed93d68bb3fc65934af517464edbda82d3de640a0d868437b444ba?s=96&d=mm&r=g","contentUrl":"https:\/\/secure.gravatar.com\/avatar\/075ec98493ed93d68bb3fc65934af517464edbda82d3de640a0d868437b444ba?s=96&d=mm&r=g","caption":"Marjorie"},"url":"https:\/\/www.portatax.cl\/mineria\/author\/marjorie\/"}]}},"_links":{"self":[{"href":"https:\/\/www.portatax.cl\/mineria\/wp-json\/wp\/v2\/posts\/1437","targetHints":{"allow":["GET"]}}],"collection":[{"href":"https:\/\/www.portatax.cl\/mineria\/wp-json\/wp\/v2\/posts"}],"about":[{"href":"https:\/\/www.portatax.cl\/mineria\/wp-json\/wp\/v2\/types\/post"}],"author":[{"embeddable":true,"href":"https:\/\/www.portatax.cl\/mineria\/wp-json\/wp\/v2\/users\/2"}],"replies":[{"embeddable":true,"href":"https:\/\/www.portatax.cl\/mineria\/wp-json\/wp\/v2\/comments?post=1437"}],"version-history":[{"count":3,"href":"https:\/\/www.portatax.cl\/mineria\/wp-json\/wp\/v2\/posts\/1437\/revisions"}],"predecessor-version":[{"id":5046,"href":"https:\/\/www.portatax.cl\/mineria\/wp-json\/wp\/v2\/posts\/1437\/revisions\/5046"}],"wp:featuredmedia":[{"embeddable":true,"href":"https:\/\/www.portatax.cl\/mineria\/wp-json\/wp\/v2\/media\/1438"}],"wp:attachment":[{"href":"https:\/\/www.portatax.cl\/mineria\/wp-json\/wp\/v2\/media?parent=1437"}],"wp:term":[{"taxonomy":"category","embeddable":true,"href":"https:\/\/www.portatax.cl\/mineria\/wp-json\/wp\/v2\/categories?post=1437"},{"taxonomy":"post_tag","embeddable":true,"href":"https:\/\/www.portatax.cl\/mineria\/wp-json\/wp\/v2\/tags?post=1437"}],"curies":[{"name":"wp","href":"https:\/\/api.w.org\/{rel}","templated":true}]}}