{"id":1440,"date":"2021-04-05T21:58:28","date_gmt":"2021-04-05T21:58:28","guid":{"rendered":"https:\/\/www.portatax.cl\/mineria\/?p=1440"},"modified":"2023-12-05T15:35:55","modified_gmt":"2023-12-05T19:35:55","slug":"subsecretario-blanco-convoca-a-extremar-medidas-a-directores-de-la-mediana-y-gran-mineria","status":"publish","type":"post","link":"https:\/\/www.portatax.cl\/mineria\/2021\/04\/05\/subsecretario-blanco-convoca-a-extremar-medidas-a-directores-de-la-mediana-y-gran-mineria\/","title":{"rendered":"Subsecretario Blanco convoca a extremar medidas a directores de la mediana y gran miner\u00eda"},"content":{"rendered":"\n<p>por&nbsp;<a href=\"https:\/\/www.portalminero.com\/wp\/author\/portal-minero\/\">Portal Minero<\/a>&nbsp;|&nbsp;Abr 5, 2021&nbsp;|&nbsp;<a href=\"https:\/\/www.portalminero.com\/wp\/category\/noticias\/\">Noticias<\/a><\/p>\n\n\n\n<h6 class=\"wp-block-heading\"><em>Chile<\/em><\/h6>\n\n\n\n<p><strong>La autoridad se reuni\u00f3 telem\u00e1ticamente con m\u00e1s de 70 integrantes de empresas mineras para resolver dudas sobre las \u00faltimas medidas anunciadas.<\/strong><\/p>\n\n\n\n<p><strong>lunes 05 de abril del 2021.-<\/strong>&nbsp;<\/p>\n\n\n\n<p>Con el objetivo de aterrizar las nuevas medidas que comenzar\u00e1n a regir a partir del 05 de abril de 2021 a ra\u00edz del aumento de casos diarios a nivel nacional, el subsecretario de Miner\u00eda, Edgar Blanco, se reuni\u00f3 con m\u00e1s de 70 integrantes de empresas de la mediana y gran miner\u00eda, miembros de Sonami y el Consejo Minero como Codelco, Angloamerican, Antofagasta Minerals, Teck, Los Pelambres, entre otros.<\/p>\n\n\n\n<p>En la instancia, el subsecretario indic\u00f3 que las pr\u00f3ximas dos semanas son cruciales para el control de la pandemia en nuestro pa\u00eds. \u201cEs un momento complejo, pero debemos hacernos responsables de los permisos que estamos otorgando. Estos permisos deben ser estrictamente necesarios, solo se permitir\u00e1n para personas que cumplen las funciones imprescindibles para poder mantener el funcionamiento de las mineras\u201d, se\u00f1al\u00f3.<\/p>\n\n\n\n<p>As\u00ed como se establecieron nuevas limitaciones dentro de las actividades esenciales, tambi\u00e9n en las compa\u00f1\u00edas mineras se acotar\u00e1n al m\u00e1ximo. Se limitar\u00e1 el personal que se considera esencial dentro de la actividad que de acuerdo al instructivo del Plan Paso a Paso: \u201cSon aquellos trabajadores y\/o prestadores de servicios de una empresa o instituci\u00f3n p\u00fablica o privada, cuyo giro ha sido declarado esencial, que desempe\u00f1en funciones que no pueden ser realizadas telem\u00e1ticamente y que son imprescindibles para la actividad propia del giro, tales como labores operativas, log\u00edsticas y productivas, mantenci\u00f3n de sistemas, seguridad, limpieza y sanitizaci\u00f3n. Se dejan expresamente fuera de esta definici\u00f3n las labores administrativas, contables, financieras y de asesor\u00edas y consultor\u00edas\u201d.<\/p>\n\n\n\n<p>Para que los empleados puedan realizar sus labores efectivamente podr\u00e1n operar con Permiso \u00danico Colectivo, pero \u00e9ste no ser\u00e1 para todos los trabajadores de las empresas mineras, sino que podr\u00e1 otorgarse exclusivamente a los trabajadores considerados esenciales. En este punto, el subsecretario Blanco reiter\u00f3 la importancia de respetar a cabalidad el instructivo para permisos de desplazamiento.<\/p>\n\n\n\n<p>\u201cEl llamado a todas las empresas es a extremar las medidas de precauci\u00f3n, a optimizar los procesos y funcionamientos de faenas al m\u00e1ximo porque no hay que olvidar que la miner\u00eda es el carro que no solo reactiva la econom\u00eda chilena, sino que tambi\u00e9n el facilitador de empleos de calidad para nuestros chilenas y chilenos. Tenemos una gran responsabilidad de cuidar a nuestros trabajadores y seguir los lineamientos para poder dar pelea a esta pandemia\u201d, puntualiz\u00f3.<\/p>\n","protected":false},"excerpt":{"rendered":"<p>por&nbsp;Portal Minero&nbsp;|&nbsp;Abr 5, 2021&nbsp;|&nbsp;Noticias Chile La autoridad se reuni\u00f3 telem\u00e1ticamente con m\u00e1s de 70 integrantes de empresas mineras para resolver dudas sobre las \u00faltimas medidas anunciadas. lunes 05 de abril del 2021.-&nbsp; Con el objetivo de aterrizar las nuevas medidas que comenzar\u00e1n a regir a partir del 05 de abril de 2021 a ra\u00edz del &hellip;<\/p>\n<p class=\"read-more\"> <a class=\"\" href=\"https:\/\/www.portatax.cl\/mineria\/2021\/04\/05\/subsecretario-blanco-convoca-a-extremar-medidas-a-directores-de-la-mediana-y-gran-mineria\/\"> <span class=\"screen-reader-text\">Subsecretario Blanco convoca a extremar medidas a directores de la mediana y gran miner\u00eda<\/span> Leer m\u00e1s &raquo;<\/a><\/p>\n","protected":false},"author":2,"featured_media":1441,"comment_status":"closed","ping_status":"closed","sticky":false,"template":"","format":"standard","meta":{"om_disable_all_campaigns":false,"_monsterinsights_skip_tracking":false,"_monsterinsights_sitenote_active":false,"_monsterinsights_sitenote_note":"","_monsterinsights_sitenote_category":0,"_uf_show_specific_survey":0,"_uf_disable_surveys":false,"site-sidebar-layout":"default","site-content-layout":"default","ast-site-content-layout":"default","site-content-style":"default","site-sidebar-style":"default","ast-global-header-display":"","ast-banner-title-visibility":"","ast-main-header-display":"","ast-hfb-above-header-display":"","ast-hfb-below-header-display":"","ast-hfb-mobile-header-display":"","site-post-title":"","ast-breadcrumbs-content":"","ast-featured-img":"","footer-sml-layout":"","theme-transparent-header-meta":"default","adv-header-id-meta":"","stick-header-meta":"","header-above-stick-meta":"","header-main-stick-meta":"","header-below-stick-meta":"","astra-migrate-meta-layouts":"set","ast-page-background-enabled":"default","ast-page-background-meta":{"desktop":{"background-color":"","background-image":"","background-repeat":"repeat","background-position":"center center","background-size":"auto","background-attachment":"scroll","background-type":"","background-media":"","overlay-type":"","overlay-color":"","overlay-gradient":""},"tablet":{"background-color":"","background-image":"","background-repeat":"repeat","background-position":"center center","background-size":"auto","background-attachment":"scroll","background-type":"","background-media":"","overlay-type":"","overlay-color":"","overlay-gradient":""},"mobile":{"background-color":"","background-image":"","background-repeat":"repeat","background-position":"center center","background-size":"auto","background-attachment":"scroll","background-type":"","background-media":"","overlay-type":"","overlay-color":"","overlay-gradient":""}},"ast-content-background-meta":{"desktop":{"background-color":"var(--ast-global-color-5)","background-image":"","background-repeat":"repeat","background-position":"center center","background-size":"auto","background-attachment":"scroll","background-type":"","background-media":"","overlay-type":"","overlay-color":"","overlay-gradient":""},"tablet":{"background-color":"var(--ast-global-color-5)","background-image":"","background-repeat":"repeat","background-position":"center center","background-size":"auto","background-attachment":"scroll","background-type":"","background-media":"","overlay-type":"","overlay-color":"","overlay-gradient":""},"mobile":{"background-color":"var(--ast-global-color-5)","background-image":"","background-repeat":"repeat","background-position":"center center","background-size":"auto","background-attachment":"scroll","background-type":"","background-media":"","overlay-type":"","overlay-color":"","overlay-gradient":""}},"footnotes":""},"categories":[42],"tags":[],"class_list":["post-1440","post","type-post","status-publish","format-standard","has-post-thumbnail","hentry","category-actualidad-minera"],"aioseo_notices":[],"yoast_head":"<!-- This site is optimized with the Yoast SEO plugin v21.5 - https:\/\/yoast.com\/wordpress\/plugins\/seo\/ -->\n<title>Subsecretario Blanco convoca a extremar medidas a directores de la mediana y gran miner\u00eda - Portatax<\/title>\n<meta name=\"robots\" content=\"index, follow, max-snippet:-1, max-image-preview:large, max-video-preview:-1\" \/>\n<link rel=\"canonical\" href=\"https:\/\/www.portatax.cl\/mineria\/2021\/04\/05\/subsecretario-blanco-convoca-a-extremar-medidas-a-directores-de-la-mediana-y-gran-mineria\/\" \/>\n<meta property=\"og:locale\" content=\"es_ES\" \/>\n<meta property=\"og:type\" content=\"article\" \/>\n<meta property=\"og:title\" content=\"Subsecretario Blanco convoca a extremar medidas a directores de la mediana y gran miner\u00eda - Portatax\" \/>\n<meta property=\"og:description\" content=\"por&nbsp;Portal Minero&nbsp;|&nbsp;Abr 5, 2021&nbsp;|&nbsp;Noticias Chile La autoridad se reuni\u00f3 telem\u00e1ticamente con m\u00e1s de 70 integrantes de empresas mineras para resolver dudas sobre las \u00faltimas medidas anunciadas. lunes 05 de abril del 2021.-&nbsp; Con el objetivo de aterrizar las nuevas medidas que comenzar\u00e1n a regir a partir del 05 de abril de 2021 a ra\u00edz del &hellip; Subsecretario Blanco convoca a extremar medidas a directores de la mediana y gran miner\u00eda Leer m\u00e1s &raquo;\" \/>\n<meta property=\"og:url\" content=\"https:\/\/www.portatax.cl\/mineria\/2021\/04\/05\/subsecretario-blanco-convoca-a-extremar-medidas-a-directores-de-la-mediana-y-gran-mineria\/\" \/>\n<meta property=\"og:site_name\" content=\"Portatax\" \/>\n<meta property=\"article:published_time\" content=\"2021-04-05T21:58:28+00:00\" \/>\n<meta property=\"article:modified_time\" content=\"2023-12-05T19:35:55+00:00\" \/>\n<meta property=\"og:image\" content=\"https:\/\/www.portatax.cl\/mineria\/wp-content\/uploads\/2021\/04\/subsecretario.jpg\" \/>\n\t<meta property=\"og:image:width\" content=\"500\" \/>\n\t<meta property=\"og:image:height\" content=\"333\" \/>\n\t<meta property=\"og:image:type\" content=\"image\/jpeg\" \/>\n<meta name=\"author\" content=\"Marjorie\" \/>\n<meta name=\"twitter:card\" content=\"summary_large_image\" \/>\n<meta name=\"twitter:label1\" content=\"Escrito por\" \/>\n\t<meta name=\"twitter:data1\" content=\"Marjorie\" \/>\n\t<meta name=\"twitter:label2\" content=\"Tiempo de lectura\" \/>\n\t<meta name=\"twitter:data2\" content=\"2 minutos\" \/>\n<script type=\"application\/ld+json\" class=\"yoast-schema-graph\">{\"@context\":\"https:\/\/schema.org\",\"@graph\":[{\"@type\":\"Article\",\"@id\":\"https:\/\/www.portatax.cl\/mineria\/2021\/04\/05\/subsecretario-blanco-convoca-a-extremar-medidas-a-directores-de-la-mediana-y-gran-mineria\/#article\",\"isPartOf\":{\"@id\":\"https:\/\/www.portatax.cl\/mineria\/2021\/04\/05\/subsecretario-blanco-convoca-a-extremar-medidas-a-directores-de-la-mediana-y-gran-mineria\/\"},\"author\":{\"name\":\"Marjorie\",\"@id\":\"https:\/\/www.portatax.cl\/mineria\/#\/schema\/person\/16bad928390762f14c4b8023f0f356d2\"},\"headline\":\"Subsecretario Blanco convoca a extremar medidas a directores de la mediana y gran miner\u00eda\",\"datePublished\":\"2021-04-05T21:58:28+00:00\",\"dateModified\":\"2023-12-05T19:35:55+00:00\",\"mainEntityOfPage\":{\"@id\":\"https:\/\/www.portatax.cl\/mineria\/2021\/04\/05\/subsecretario-blanco-convoca-a-extremar-medidas-a-directores-de-la-mediana-y-gran-mineria\/\"},\"wordCount\":455,\"publisher\":{\"@id\":\"https:\/\/www.portatax.cl\/mineria\/#organization\"},\"articleSection\":[\"Actualidad Minera\"],\"inLanguage\":\"es\"},{\"@type\":\"WebPage\",\"@id\":\"https:\/\/www.portatax.cl\/mineria\/2021\/04\/05\/subsecretario-blanco-convoca-a-extremar-medidas-a-directores-de-la-mediana-y-gran-mineria\/\",\"url\":\"https:\/\/www.portatax.cl\/mineria\/2021\/04\/05\/subsecretario-blanco-convoca-a-extremar-medidas-a-directores-de-la-mediana-y-gran-mineria\/\",\"name\":\"Subsecretario Blanco convoca a extremar medidas a directores de la mediana y gran miner\u00eda - Portatax\",\"isPartOf\":{\"@id\":\"https:\/\/www.portatax.cl\/mineria\/#website\"},\"datePublished\":\"2021-04-05T21:58:28+00:00\",\"dateModified\":\"2023-12-05T19:35:55+00:00\",\"breadcrumb\":{\"@id\":\"https:\/\/www.portatax.cl\/mineria\/2021\/04\/05\/subsecretario-blanco-convoca-a-extremar-medidas-a-directores-de-la-mediana-y-gran-mineria\/#breadcrumb\"},\"inLanguage\":\"es\",\"potentialAction\":[{\"@type\":\"ReadAction\",\"target\":[\"https:\/\/www.portatax.cl\/mineria\/2021\/04\/05\/subsecretario-blanco-convoca-a-extremar-medidas-a-directores-de-la-mediana-y-gran-mineria\/\"]}]},{\"@type\":\"BreadcrumbList\",\"@id\":\"https:\/\/www.portatax.cl\/mineria\/2021\/04\/05\/subsecretario-blanco-convoca-a-extremar-medidas-a-directores-de-la-mediana-y-gran-mineria\/#breadcrumb\",\"itemListElement\":[{\"@type\":\"ListItem\",\"position\":1,\"name\":\"Portada\",\"item\":\"https:\/\/www.portatax.cl\/mineria\/\"},{\"@type\":\"ListItem\",\"position\":2,\"name\":\"Subsecretario Blanco convoca a extremar medidas a directores de la mediana y gran miner\u00eda\"}]},{\"@type\":\"WebSite\",\"@id\":\"https:\/\/www.portatax.cl\/mineria\/#website\",\"url\":\"https:\/\/www.portatax.cl\/mineria\/\",\"name\":\"Portatax\",\"description\":\"Servicios Tributarios\",\"publisher\":{\"@id\":\"https:\/\/www.portatax.cl\/mineria\/#organization\"},\"potentialAction\":[{\"@type\":\"SearchAction\",\"target\":{\"@type\":\"EntryPoint\",\"urlTemplate\":\"https:\/\/www.portatax.cl\/mineria\/?s={search_term_string}\"},\"query-input\":\"required name=search_term_string\"}],\"inLanguage\":\"es\"},{\"@type\":\"Organization\",\"@id\":\"https:\/\/www.portatax.cl\/mineria\/#organization\",\"name\":\"Portatax\",\"url\":\"https:\/\/www.portatax.cl\/mineria\/\",\"logo\":{\"@type\":\"ImageObject\",\"inLanguage\":\"es\",\"@id\":\"https:\/\/www.portatax.cl\/mineria\/#\/schema\/logo\/image\/\",\"url\":\"https:\/\/www.portatax.cl\/mineria\/wp-content\/uploads\/2021\/03\/Logo-Porta-Tax-2.png\",\"contentUrl\":\"https:\/\/www.portatax.cl\/mineria\/wp-content\/uploads\/2021\/03\/Logo-Porta-Tax-2.png\",\"width\":250,\"height\":83,\"caption\":\"Portatax\"},\"image\":{\"@id\":\"https:\/\/www.portatax.cl\/mineria\/#\/schema\/logo\/image\/\"}},{\"@type\":\"Person\",\"@id\":\"https:\/\/www.portatax.cl\/mineria\/#\/schema\/person\/16bad928390762f14c4b8023f0f356d2\",\"name\":\"Marjorie\",\"image\":{\"@type\":\"ImageObject\",\"inLanguage\":\"es\",\"@id\":\"https:\/\/www.portatax.cl\/mineria\/#\/schema\/person\/image\/\",\"url\":\"https:\/\/secure.gravatar.com\/avatar\/075ec98493ed93d68bb3fc65934af517464edbda82d3de640a0d868437b444ba?s=96&d=mm&r=g\",\"contentUrl\":\"https:\/\/secure.gravatar.com\/avatar\/075ec98493ed93d68bb3fc65934af517464edbda82d3de640a0d868437b444ba?s=96&d=mm&r=g\",\"caption\":\"Marjorie\"},\"url\":\"https:\/\/www.portatax.cl\/mineria\/author\/marjorie\/\"}]}<\/script>\n<!-- \/ Yoast SEO plugin. -->","yoast_head_json":{"title":"Subsecretario Blanco convoca a extremar medidas a directores de la mediana y gran miner\u00eda - Portatax","robots":{"index":"index","follow":"follow","max-snippet":"max-snippet:-1","max-image-preview":"max-image-preview:large","max-video-preview":"max-video-preview:-1"},"canonical":"https:\/\/www.portatax.cl\/mineria\/2021\/04\/05\/subsecretario-blanco-convoca-a-extremar-medidas-a-directores-de-la-mediana-y-gran-mineria\/","og_locale":"es_ES","og_type":"article","og_title":"Subsecretario Blanco convoca a extremar medidas a directores de la mediana y gran miner\u00eda - Portatax","og_description":"por&nbsp;Portal Minero&nbsp;|&nbsp;Abr 5, 2021&nbsp;|&nbsp;Noticias Chile La autoridad se reuni\u00f3 telem\u00e1ticamente con m\u00e1s de 70 integrantes de empresas mineras para resolver dudas sobre las \u00faltimas medidas anunciadas. lunes 05 de abril del 2021.-&nbsp; Con el objetivo de aterrizar las nuevas medidas que comenzar\u00e1n a regir a partir del 05 de abril de 2021 a ra\u00edz del &hellip; Subsecretario Blanco convoca a extremar medidas a directores de la mediana y gran miner\u00eda Leer m\u00e1s &raquo;","og_url":"https:\/\/www.portatax.cl\/mineria\/2021\/04\/05\/subsecretario-blanco-convoca-a-extremar-medidas-a-directores-de-la-mediana-y-gran-mineria\/","og_site_name":"Portatax","article_published_time":"2021-04-05T21:58:28+00:00","article_modified_time":"2023-12-05T19:35:55+00:00","og_image":[{"width":500,"height":333,"url":"https:\/\/www.portatax.cl\/mineria\/wp-content\/uploads\/2021\/04\/subsecretario.jpg","type":"image\/jpeg"}],"author":"Marjorie","twitter_card":"summary_large_image","twitter_misc":{"Escrito por":"Marjorie","Tiempo de lectura":"2 minutos"},"schema":{"@context":"https:\/\/schema.org","@graph":[{"@type":"Article","@id":"https:\/\/www.portatax.cl\/mineria\/2021\/04\/05\/subsecretario-blanco-convoca-a-extremar-medidas-a-directores-de-la-mediana-y-gran-mineria\/#article","isPartOf":{"@id":"https:\/\/www.portatax.cl\/mineria\/2021\/04\/05\/subsecretario-blanco-convoca-a-extremar-medidas-a-directores-de-la-mediana-y-gran-mineria\/"},"author":{"name":"Marjorie","@id":"https:\/\/www.portatax.cl\/mineria\/#\/schema\/person\/16bad928390762f14c4b8023f0f356d2"},"headline":"Subsecretario Blanco convoca a extremar medidas a directores de la mediana y gran miner\u00eda","datePublished":"2021-04-05T21:58:28+00:00","dateModified":"2023-12-05T19:35:55+00:00","mainEntityOfPage":{"@id":"https:\/\/www.portatax.cl\/mineria\/2021\/04\/05\/subsecretario-blanco-convoca-a-extremar-medidas-a-directores-de-la-mediana-y-gran-mineria\/"},"wordCount":455,"publisher":{"@id":"https:\/\/www.portatax.cl\/mineria\/#organization"},"articleSection":["Actualidad Minera"],"inLanguage":"es"},{"@type":"WebPage","@id":"https:\/\/www.portatax.cl\/mineria\/2021\/04\/05\/subsecretario-blanco-convoca-a-extremar-medidas-a-directores-de-la-mediana-y-gran-mineria\/","url":"https:\/\/www.portatax.cl\/mineria\/2021\/04\/05\/subsecretario-blanco-convoca-a-extremar-medidas-a-directores-de-la-mediana-y-gran-mineria\/","name":"Subsecretario Blanco convoca a extremar medidas a directores de la mediana y gran miner\u00eda - Portatax","isPartOf":{"@id":"https:\/\/www.portatax.cl\/mineria\/#website"},"datePublished":"2021-04-05T21:58:28+00:00","dateModified":"2023-12-05T19:35:55+00:00","breadcrumb":{"@id":"https:\/\/www.portatax.cl\/mineria\/2021\/04\/05\/subsecretario-blanco-convoca-a-extremar-medidas-a-directores-de-la-mediana-y-gran-mineria\/#breadcrumb"},"inLanguage":"es","potentialAction":[{"@type":"ReadAction","target":["https:\/\/www.portatax.cl\/mineria\/2021\/04\/05\/subsecretario-blanco-convoca-a-extremar-medidas-a-directores-de-la-mediana-y-gran-mineria\/"]}]},{"@type":"BreadcrumbList","@id":"https:\/\/www.portatax.cl\/mineria\/2021\/04\/05\/subsecretario-blanco-convoca-a-extremar-medidas-a-directores-de-la-mediana-y-gran-mineria\/#breadcrumb","itemListElement":[{"@type":"ListItem","position":1,"name":"Portada","item":"https:\/\/www.portatax.cl\/mineria\/"},{"@type":"ListItem","position":2,"name":"Subsecretario Blanco convoca a extremar medidas a directores de la mediana y gran miner\u00eda"}]},{"@type":"WebSite","@id":"https:\/\/www.portatax.cl\/mineria\/#website","url":"https:\/\/www.portatax.cl\/mineria\/","name":"Portatax","description":"Servicios Tributarios","publisher":{"@id":"https:\/\/www.portatax.cl\/mineria\/#organization"},"potentialAction":[{"@type":"SearchAction","target":{"@type":"EntryPoint","urlTemplate":"https:\/\/www.portatax.cl\/mineria\/?s={search_term_string}"},"query-input":"required name=search_term_string"}],"inLanguage":"es"},{"@type":"Organization","@id":"https:\/\/www.portatax.cl\/mineria\/#organization","name":"Portatax","url":"https:\/\/www.portatax.cl\/mineria\/","logo":{"@type":"ImageObject","inLanguage":"es","@id":"https:\/\/www.portatax.cl\/mineria\/#\/schema\/logo\/image\/","url":"https:\/\/www.portatax.cl\/mineria\/wp-content\/uploads\/2021\/03\/Logo-Porta-Tax-2.png","contentUrl":"https:\/\/www.portatax.cl\/mineria\/wp-content\/uploads\/2021\/03\/Logo-Porta-Tax-2.png","width":250,"height":83,"caption":"Portatax"},"image":{"@id":"https:\/\/www.portatax.cl\/mineria\/#\/schema\/logo\/image\/"}},{"@type":"Person","@id":"https:\/\/www.portatax.cl\/mineria\/#\/schema\/person\/16bad928390762f14c4b8023f0f356d2","name":"Marjorie","image":{"@type":"ImageObject","inLanguage":"es","@id":"https:\/\/www.portatax.cl\/mineria\/#\/schema\/person\/image\/","url":"https:\/\/secure.gravatar.com\/avatar\/075ec98493ed93d68bb3fc65934af517464edbda82d3de640a0d868437b444ba?s=96&d=mm&r=g","contentUrl":"https:\/\/secure.gravatar.com\/avatar\/075ec98493ed93d68bb3fc65934af517464edbda82d3de640a0d868437b444ba?s=96&d=mm&r=g","caption":"Marjorie"},"url":"https:\/\/www.portatax.cl\/mineria\/author\/marjorie\/"}]}},"_links":{"self":[{"href":"https:\/\/www.portatax.cl\/mineria\/wp-json\/wp\/v2\/posts\/1440","targetHints":{"allow":["GET"]}}],"collection":[{"href":"https:\/\/www.portatax.cl\/mineria\/wp-json\/wp\/v2\/posts"}],"about":[{"href":"https:\/\/www.portatax.cl\/mineria\/wp-json\/wp\/v2\/types\/post"}],"author":[{"embeddable":true,"href":"https:\/\/www.portatax.cl\/mineria\/wp-json\/wp\/v2\/users\/2"}],"replies":[{"embeddable":true,"href":"https:\/\/www.portatax.cl\/mineria\/wp-json\/wp\/v2\/comments?post=1440"}],"version-history":[{"count":3,"href":"https:\/\/www.portatax.cl\/mineria\/wp-json\/wp\/v2\/posts\/1440\/revisions"}],"predecessor-version":[{"id":5045,"href":"https:\/\/www.portatax.cl\/mineria\/wp-json\/wp\/v2\/posts\/1440\/revisions\/5045"}],"wp:featuredmedia":[{"embeddable":true,"href":"https:\/\/www.portatax.cl\/mineria\/wp-json\/wp\/v2\/media\/1441"}],"wp:attachment":[{"href":"https:\/\/www.portatax.cl\/mineria\/wp-json\/wp\/v2\/media?parent=1440"}],"wp:term":[{"taxonomy":"category","embeddable":true,"href":"https:\/\/www.portatax.cl\/mineria\/wp-json\/wp\/v2\/categories?post=1440"},{"taxonomy":"post_tag","embeddable":true,"href":"https:\/\/www.portatax.cl\/mineria\/wp-json\/wp\/v2\/tags?post=1440"}],"curies":[{"name":"wp","href":"https:\/\/api.w.org\/{rel}","templated":true}]}}