{"id":1443,"date":"2021-04-05T21:59:42","date_gmt":"2021-04-05T21:59:42","guid":{"rendered":"https:\/\/www.portatax.cl\/mineria\/?p=1443"},"modified":"2023-12-05T15:35:48","modified_gmt":"2023-12-05T19:35:48","slug":"radomiro-tomic-fortalecera-sus-acciones-preventivas-al-sumar-nuevos-expertos-sernageomin","status":"publish","type":"post","link":"https:\/\/www.portatax.cl\/mineria\/2021\/04\/05\/radomiro-tomic-fortalecera-sus-acciones-preventivas-al-sumar-nuevos-expertos-sernageomin\/","title":{"rendered":"Radomiro Tomic fortalecer\u00e1 sus acciones preventivas al sumar nuevos expertos Sernageomin."},"content":{"rendered":"\n<p>por&nbsp;<a href=\"https:\/\/www.portalminero.com\/wp\/author\/portal-minero\/\">Portal Minero<\/a>&nbsp;|&nbsp;Abr 5, 2021&nbsp;|&nbsp;<a href=\"https:\/\/www.portalminero.com\/wp\/category\/noticias\/\">Noticias<\/a><\/p>\n\n\n\n<h6 class=\"wp-block-heading\"><em>Chile<\/em><\/h6>\n\n\n\n<p><strong>El Mapa Estrat\u00e9gico de esta divisi\u00f3n establece el garantizar la seguridad y salud ocupacional de sus trabajadores (as) y avanzar en 2021 con la meta de cero accidentes.<\/strong><\/p>\n\n\n\n<p><strong>lunes 05 de abril del 2021.-<\/strong><\/p>\n\n\n\n<p>Un ejecutivo y siete profesionales de la divisi\u00f3n Radomiro Tomic se convirtieron en expertos Sernageomin al graduarse de la especializaci\u00f3n \u201cT\u00e9cnicas de Prevenci\u00f3n de Riesgos para la Industria Extractiva Minera Nacional\u201d, dictada por el Servicio Nacional de Geolog\u00eda y Miner\u00eda (Sernageomin), permitiendo que cuenten con nuevas destrezas para aportar a los equipos de trabajo y avanzar hacia el cero accidentes.<\/p>\n\n\n\n<p>\u201cEstoy convencido que con la especializaci\u00f3n que emprendieron vamos a lograr ser referentes de la industria, pero esto no lo queremos hacer de cualquier forma, sino que, con pasi\u00f3n por el trabajo en equipo, instalando una nueva forma de hacer miner\u00eda con un liderazgo de mucha humildad\u201d, destac\u00f3 el gerente general de la divisi\u00f3n, Lindor Quiroga.<\/p>\n\n\n\n<p>En tanto, la ingeniera de Proceso Planta, Marcela Guerrero, fue una de las graduadas, instancia en la que resalt\u00f3 que profesionalmente esta especializaci\u00f3n le ha servido bastante \u201centre mis funciones, porque administro un contrato cr\u00edtico de categor\u00eda \u00b4A\u00b4, donde he utilizado los nuevos conocimientos\u201d.<\/p>\n\n\n\n<p>\u201cEs s\u00faper valioso invertir este tiempo porque realmente gana uno, gana la divisi\u00f3n y gana Codelco\u201d, a\u00f1adi\u00f3 Gabriel Oyarz\u00fan, director de Prevenci\u00f3n de Riesgos, gerente (S) de Seguridad y Salud Ocupacional y nuevo Experto Sernageomin A.<\/p>\n","protected":false},"excerpt":{"rendered":"<p>por&nbsp;Portal Minero&nbsp;|&nbsp;Abr 5, 2021&nbsp;|&nbsp;Noticias Chile El Mapa Estrat\u00e9gico de esta divisi\u00f3n establece el garantizar la seguridad y salud ocupacional de sus trabajadores (as) y avanzar en 2021 con la meta de cero accidentes. lunes 05 de abril del 2021.- Un ejecutivo y siete profesionales de la divisi\u00f3n Radomiro Tomic se convirtieron en expertos Sernageomin al &hellip;<\/p>\n<p class=\"read-more\"> <a class=\"\" href=\"https:\/\/www.portatax.cl\/mineria\/2021\/04\/05\/radomiro-tomic-fortalecera-sus-acciones-preventivas-al-sumar-nuevos-expertos-sernageomin\/\"> <span class=\"screen-reader-text\">Radomiro Tomic fortalecer\u00e1 sus acciones preventivas al sumar nuevos expertos Sernageomin.<\/span> Leer m\u00e1s &raquo;<\/a><\/p>\n","protected":false},"author":2,"featured_media":1444,"comment_status":"closed","ping_status":"closed","sticky":false,"template":"","format":"standard","meta":{"om_disable_all_campaigns":false,"_monsterinsights_skip_tracking":false,"_monsterinsights_sitenote_active":false,"_monsterinsights_sitenote_note":"","_monsterinsights_sitenote_category":0,"_uf_show_specific_survey":0,"_uf_disable_surveys":false,"site-sidebar-layout":"default","site-content-layout":"default","ast-site-content-layout":"default","site-content-style":"default","site-sidebar-style":"default","ast-global-header-display":"","ast-banner-title-visibility":"","ast-main-header-display":"","ast-hfb-above-header-display":"","ast-hfb-below-header-display":"","ast-hfb-mobile-header-display":"","site-post-title":"","ast-breadcrumbs-content":"","ast-featured-img":"","footer-sml-layout":"","theme-transparent-header-meta":"default","adv-header-id-meta":"","stick-header-meta":"","header-above-stick-meta":"","header-main-stick-meta":"","header-below-stick-meta":"","astra-migrate-meta-layouts":"set","ast-page-background-enabled":"default","ast-page-background-meta":{"desktop":{"background-color":"","background-image":"","background-repeat":"repeat","background-position":"center center","background-size":"auto","background-attachment":"scroll","background-type":"","background-media":"","overlay-type":"","overlay-color":"","overlay-gradient":""},"tablet":{"background-color":"","background-image":"","background-repeat":"repeat","background-position":"center center","background-size":"auto","background-attachment":"scroll","background-type":"","background-media":"","overlay-type":"","overlay-color":"","overlay-gradient":""},"mobile":{"background-color":"","background-image":"","background-repeat":"repeat","background-position":"center center","background-size":"auto","background-attachment":"scroll","background-type":"","background-media":"","overlay-type":"","overlay-color":"","overlay-gradient":""}},"ast-content-background-meta":{"desktop":{"background-color":"var(--ast-global-color-5)","background-image":"","background-repeat":"repeat","background-position":"center center","background-size":"auto","background-attachment":"scroll","background-type":"","background-media":"","overlay-type":"","overlay-color":"","overlay-gradient":""},"tablet":{"background-color":"var(--ast-global-color-5)","background-image":"","background-repeat":"repeat","background-position":"center center","background-size":"auto","background-attachment":"scroll","background-type":"","background-media":"","overlay-type":"","overlay-color":"","overlay-gradient":""},"mobile":{"background-color":"var(--ast-global-color-5)","background-image":"","background-repeat":"repeat","background-position":"center center","background-size":"auto","background-attachment":"scroll","background-type":"","background-media":"","overlay-type":"","overlay-color":"","overlay-gradient":""}},"footnotes":""},"categories":[42],"tags":[],"class_list":["post-1443","post","type-post","status-publish","format-standard","has-post-thumbnail","hentry","category-actualidad-minera"],"aioseo_notices":[],"yoast_head":"<!-- This site is optimized with the Yoast SEO plugin v21.5 - https:\/\/yoast.com\/wordpress\/plugins\/seo\/ -->\n<title>Radomiro Tomic fortalecer\u00e1 sus acciones preventivas al sumar nuevos expertos Sernageomin. - Portatax<\/title>\n<meta name=\"robots\" content=\"index, follow, max-snippet:-1, max-image-preview:large, max-video-preview:-1\" \/>\n<link rel=\"canonical\" href=\"https:\/\/www.portatax.cl\/mineria\/2021\/04\/05\/radomiro-tomic-fortalecera-sus-acciones-preventivas-al-sumar-nuevos-expertos-sernageomin\/\" \/>\n<meta property=\"og:locale\" content=\"es_ES\" \/>\n<meta property=\"og:type\" content=\"article\" \/>\n<meta property=\"og:title\" content=\"Radomiro Tomic fortalecer\u00e1 sus acciones preventivas al sumar nuevos expertos Sernageomin. - Portatax\" \/>\n<meta property=\"og:description\" content=\"por&nbsp;Portal Minero&nbsp;|&nbsp;Abr 5, 2021&nbsp;|&nbsp;Noticias Chile El Mapa Estrat\u00e9gico de esta divisi\u00f3n establece el garantizar la seguridad y salud ocupacional de sus trabajadores (as) y avanzar en 2021 con la meta de cero accidentes. lunes 05 de abril del 2021.- Un ejecutivo y siete profesionales de la divisi\u00f3n Radomiro Tomic se convirtieron en expertos Sernageomin al &hellip; Radomiro Tomic fortalecer\u00e1 sus acciones preventivas al sumar nuevos expertos Sernageomin. Leer m\u00e1s &raquo;\" \/>\n<meta property=\"og:url\" content=\"https:\/\/www.portatax.cl\/mineria\/2021\/04\/05\/radomiro-tomic-fortalecera-sus-acciones-preventivas-al-sumar-nuevos-expertos-sernageomin\/\" \/>\n<meta property=\"og:site_name\" content=\"Portatax\" \/>\n<meta property=\"article:published_time\" content=\"2021-04-05T21:59:42+00:00\" \/>\n<meta property=\"article:modified_time\" content=\"2023-12-05T19:35:48+00:00\" \/>\n<meta property=\"og:image\" content=\"https:\/\/www.portatax.cl\/mineria\/wp-content\/uploads\/2021\/04\/radomiro.jpg\" \/>\n\t<meta property=\"og:image:width\" content=\"500\" \/>\n\t<meta property=\"og:image:height\" content=\"333\" \/>\n\t<meta property=\"og:image:type\" content=\"image\/jpeg\" \/>\n<meta name=\"author\" content=\"Marjorie\" \/>\n<meta name=\"twitter:card\" content=\"summary_large_image\" \/>\n<meta name=\"twitter:label1\" content=\"Escrito por\" \/>\n\t<meta name=\"twitter:data1\" content=\"Marjorie\" \/>\n\t<meta name=\"twitter:label2\" content=\"Tiempo de lectura\" \/>\n\t<meta name=\"twitter:data2\" content=\"2 minutos\" \/>\n<script type=\"application\/ld+json\" class=\"yoast-schema-graph\">{\"@context\":\"https:\/\/schema.org\",\"@graph\":[{\"@type\":\"Article\",\"@id\":\"https:\/\/www.portatax.cl\/mineria\/2021\/04\/05\/radomiro-tomic-fortalecera-sus-acciones-preventivas-al-sumar-nuevos-expertos-sernageomin\/#article\",\"isPartOf\":{\"@id\":\"https:\/\/www.portatax.cl\/mineria\/2021\/04\/05\/radomiro-tomic-fortalecera-sus-acciones-preventivas-al-sumar-nuevos-expertos-sernageomin\/\"},\"author\":{\"name\":\"Marjorie\",\"@id\":\"https:\/\/www.portatax.cl\/mineria\/#\/schema\/person\/16bad928390762f14c4b8023f0f356d2\"},\"headline\":\"Radomiro Tomic fortalecer\u00e1 sus acciones preventivas al sumar nuevos expertos Sernageomin.\",\"datePublished\":\"2021-04-05T21:59:42+00:00\",\"dateModified\":\"2023-12-05T19:35:48+00:00\",\"mainEntityOfPage\":{\"@id\":\"https:\/\/www.portatax.cl\/mineria\/2021\/04\/05\/radomiro-tomic-fortalecera-sus-acciones-preventivas-al-sumar-nuevos-expertos-sernageomin\/\"},\"wordCount\":270,\"publisher\":{\"@id\":\"https:\/\/www.portatax.cl\/mineria\/#organization\"},\"articleSection\":[\"Actualidad Minera\"],\"inLanguage\":\"es\"},{\"@type\":\"WebPage\",\"@id\":\"https:\/\/www.portatax.cl\/mineria\/2021\/04\/05\/radomiro-tomic-fortalecera-sus-acciones-preventivas-al-sumar-nuevos-expertos-sernageomin\/\",\"url\":\"https:\/\/www.portatax.cl\/mineria\/2021\/04\/05\/radomiro-tomic-fortalecera-sus-acciones-preventivas-al-sumar-nuevos-expertos-sernageomin\/\",\"name\":\"Radomiro Tomic fortalecer\u00e1 sus acciones preventivas al sumar nuevos expertos Sernageomin. - Portatax\",\"isPartOf\":{\"@id\":\"https:\/\/www.portatax.cl\/mineria\/#website\"},\"datePublished\":\"2021-04-05T21:59:42+00:00\",\"dateModified\":\"2023-12-05T19:35:48+00:00\",\"breadcrumb\":{\"@id\":\"https:\/\/www.portatax.cl\/mineria\/2021\/04\/05\/radomiro-tomic-fortalecera-sus-acciones-preventivas-al-sumar-nuevos-expertos-sernageomin\/#breadcrumb\"},\"inLanguage\":\"es\",\"potentialAction\":[{\"@type\":\"ReadAction\",\"target\":[\"https:\/\/www.portatax.cl\/mineria\/2021\/04\/05\/radomiro-tomic-fortalecera-sus-acciones-preventivas-al-sumar-nuevos-expertos-sernageomin\/\"]}]},{\"@type\":\"BreadcrumbList\",\"@id\":\"https:\/\/www.portatax.cl\/mineria\/2021\/04\/05\/radomiro-tomic-fortalecera-sus-acciones-preventivas-al-sumar-nuevos-expertos-sernageomin\/#breadcrumb\",\"itemListElement\":[{\"@type\":\"ListItem\",\"position\":1,\"name\":\"Portada\",\"item\":\"https:\/\/www.portatax.cl\/mineria\/\"},{\"@type\":\"ListItem\",\"position\":2,\"name\":\"Radomiro Tomic fortalecer\u00e1 sus acciones preventivas al sumar nuevos expertos Sernageomin.\"}]},{\"@type\":\"WebSite\",\"@id\":\"https:\/\/www.portatax.cl\/mineria\/#website\",\"url\":\"https:\/\/www.portatax.cl\/mineria\/\",\"name\":\"Portatax\",\"description\":\"Servicios Tributarios\",\"publisher\":{\"@id\":\"https:\/\/www.portatax.cl\/mineria\/#organization\"},\"potentialAction\":[{\"@type\":\"SearchAction\",\"target\":{\"@type\":\"EntryPoint\",\"urlTemplate\":\"https:\/\/www.portatax.cl\/mineria\/?s={search_term_string}\"},\"query-input\":\"required name=search_term_string\"}],\"inLanguage\":\"es\"},{\"@type\":\"Organization\",\"@id\":\"https:\/\/www.portatax.cl\/mineria\/#organization\",\"name\":\"Portatax\",\"url\":\"https:\/\/www.portatax.cl\/mineria\/\",\"logo\":{\"@type\":\"ImageObject\",\"inLanguage\":\"es\",\"@id\":\"https:\/\/www.portatax.cl\/mineria\/#\/schema\/logo\/image\/\",\"url\":\"https:\/\/www.portatax.cl\/mineria\/wp-content\/uploads\/2021\/03\/Logo-Porta-Tax-2.png\",\"contentUrl\":\"https:\/\/www.portatax.cl\/mineria\/wp-content\/uploads\/2021\/03\/Logo-Porta-Tax-2.png\",\"width\":250,\"height\":83,\"caption\":\"Portatax\"},\"image\":{\"@id\":\"https:\/\/www.portatax.cl\/mineria\/#\/schema\/logo\/image\/\"}},{\"@type\":\"Person\",\"@id\":\"https:\/\/www.portatax.cl\/mineria\/#\/schema\/person\/16bad928390762f14c4b8023f0f356d2\",\"name\":\"Marjorie\",\"image\":{\"@type\":\"ImageObject\",\"inLanguage\":\"es\",\"@id\":\"https:\/\/www.portatax.cl\/mineria\/#\/schema\/person\/image\/\",\"url\":\"https:\/\/secure.gravatar.com\/avatar\/075ec98493ed93d68bb3fc65934af517464edbda82d3de640a0d868437b444ba?s=96&d=mm&r=g\",\"contentUrl\":\"https:\/\/secure.gravatar.com\/avatar\/075ec98493ed93d68bb3fc65934af517464edbda82d3de640a0d868437b444ba?s=96&d=mm&r=g\",\"caption\":\"Marjorie\"},\"url\":\"https:\/\/www.portatax.cl\/mineria\/author\/marjorie\/\"}]}<\/script>\n<!-- \/ Yoast SEO plugin. -->","yoast_head_json":{"title":"Radomiro Tomic fortalecer\u00e1 sus acciones preventivas al sumar nuevos expertos Sernageomin. - Portatax","robots":{"index":"index","follow":"follow","max-snippet":"max-snippet:-1","max-image-preview":"max-image-preview:large","max-video-preview":"max-video-preview:-1"},"canonical":"https:\/\/www.portatax.cl\/mineria\/2021\/04\/05\/radomiro-tomic-fortalecera-sus-acciones-preventivas-al-sumar-nuevos-expertos-sernageomin\/","og_locale":"es_ES","og_type":"article","og_title":"Radomiro Tomic fortalecer\u00e1 sus acciones preventivas al sumar nuevos expertos Sernageomin. - Portatax","og_description":"por&nbsp;Portal Minero&nbsp;|&nbsp;Abr 5, 2021&nbsp;|&nbsp;Noticias Chile El Mapa Estrat\u00e9gico de esta divisi\u00f3n establece el garantizar la seguridad y salud ocupacional de sus trabajadores (as) y avanzar en 2021 con la meta de cero accidentes. lunes 05 de abril del 2021.- Un ejecutivo y siete profesionales de la divisi\u00f3n Radomiro Tomic se convirtieron en expertos Sernageomin al &hellip; Radomiro Tomic fortalecer\u00e1 sus acciones preventivas al sumar nuevos expertos Sernageomin. Leer m\u00e1s &raquo;","og_url":"https:\/\/www.portatax.cl\/mineria\/2021\/04\/05\/radomiro-tomic-fortalecera-sus-acciones-preventivas-al-sumar-nuevos-expertos-sernageomin\/","og_site_name":"Portatax","article_published_time":"2021-04-05T21:59:42+00:00","article_modified_time":"2023-12-05T19:35:48+00:00","og_image":[{"width":500,"height":333,"url":"https:\/\/www.portatax.cl\/mineria\/wp-content\/uploads\/2021\/04\/radomiro.jpg","type":"image\/jpeg"}],"author":"Marjorie","twitter_card":"summary_large_image","twitter_misc":{"Escrito por":"Marjorie","Tiempo de lectura":"2 minutos"},"schema":{"@context":"https:\/\/schema.org","@graph":[{"@type":"Article","@id":"https:\/\/www.portatax.cl\/mineria\/2021\/04\/05\/radomiro-tomic-fortalecera-sus-acciones-preventivas-al-sumar-nuevos-expertos-sernageomin\/#article","isPartOf":{"@id":"https:\/\/www.portatax.cl\/mineria\/2021\/04\/05\/radomiro-tomic-fortalecera-sus-acciones-preventivas-al-sumar-nuevos-expertos-sernageomin\/"},"author":{"name":"Marjorie","@id":"https:\/\/www.portatax.cl\/mineria\/#\/schema\/person\/16bad928390762f14c4b8023f0f356d2"},"headline":"Radomiro Tomic fortalecer\u00e1 sus acciones preventivas al sumar nuevos expertos Sernageomin.","datePublished":"2021-04-05T21:59:42+00:00","dateModified":"2023-12-05T19:35:48+00:00","mainEntityOfPage":{"@id":"https:\/\/www.portatax.cl\/mineria\/2021\/04\/05\/radomiro-tomic-fortalecera-sus-acciones-preventivas-al-sumar-nuevos-expertos-sernageomin\/"},"wordCount":270,"publisher":{"@id":"https:\/\/www.portatax.cl\/mineria\/#organization"},"articleSection":["Actualidad Minera"],"inLanguage":"es"},{"@type":"WebPage","@id":"https:\/\/www.portatax.cl\/mineria\/2021\/04\/05\/radomiro-tomic-fortalecera-sus-acciones-preventivas-al-sumar-nuevos-expertos-sernageomin\/","url":"https:\/\/www.portatax.cl\/mineria\/2021\/04\/05\/radomiro-tomic-fortalecera-sus-acciones-preventivas-al-sumar-nuevos-expertos-sernageomin\/","name":"Radomiro Tomic fortalecer\u00e1 sus acciones preventivas al sumar nuevos expertos Sernageomin. - Portatax","isPartOf":{"@id":"https:\/\/www.portatax.cl\/mineria\/#website"},"datePublished":"2021-04-05T21:59:42+00:00","dateModified":"2023-12-05T19:35:48+00:00","breadcrumb":{"@id":"https:\/\/www.portatax.cl\/mineria\/2021\/04\/05\/radomiro-tomic-fortalecera-sus-acciones-preventivas-al-sumar-nuevos-expertos-sernageomin\/#breadcrumb"},"inLanguage":"es","potentialAction":[{"@type":"ReadAction","target":["https:\/\/www.portatax.cl\/mineria\/2021\/04\/05\/radomiro-tomic-fortalecera-sus-acciones-preventivas-al-sumar-nuevos-expertos-sernageomin\/"]}]},{"@type":"BreadcrumbList","@id":"https:\/\/www.portatax.cl\/mineria\/2021\/04\/05\/radomiro-tomic-fortalecera-sus-acciones-preventivas-al-sumar-nuevos-expertos-sernageomin\/#breadcrumb","itemListElement":[{"@type":"ListItem","position":1,"name":"Portada","item":"https:\/\/www.portatax.cl\/mineria\/"},{"@type":"ListItem","position":2,"name":"Radomiro Tomic fortalecer\u00e1 sus acciones preventivas al sumar nuevos expertos Sernageomin."}]},{"@type":"WebSite","@id":"https:\/\/www.portatax.cl\/mineria\/#website","url":"https:\/\/www.portatax.cl\/mineria\/","name":"Portatax","description":"Servicios Tributarios","publisher":{"@id":"https:\/\/www.portatax.cl\/mineria\/#organization"},"potentialAction":[{"@type":"SearchAction","target":{"@type":"EntryPoint","urlTemplate":"https:\/\/www.portatax.cl\/mineria\/?s={search_term_string}"},"query-input":"required name=search_term_string"}],"inLanguage":"es"},{"@type":"Organization","@id":"https:\/\/www.portatax.cl\/mineria\/#organization","name":"Portatax","url":"https:\/\/www.portatax.cl\/mineria\/","logo":{"@type":"ImageObject","inLanguage":"es","@id":"https:\/\/www.portatax.cl\/mineria\/#\/schema\/logo\/image\/","url":"https:\/\/www.portatax.cl\/mineria\/wp-content\/uploads\/2021\/03\/Logo-Porta-Tax-2.png","contentUrl":"https:\/\/www.portatax.cl\/mineria\/wp-content\/uploads\/2021\/03\/Logo-Porta-Tax-2.png","width":250,"height":83,"caption":"Portatax"},"image":{"@id":"https:\/\/www.portatax.cl\/mineria\/#\/schema\/logo\/image\/"}},{"@type":"Person","@id":"https:\/\/www.portatax.cl\/mineria\/#\/schema\/person\/16bad928390762f14c4b8023f0f356d2","name":"Marjorie","image":{"@type":"ImageObject","inLanguage":"es","@id":"https:\/\/www.portatax.cl\/mineria\/#\/schema\/person\/image\/","url":"https:\/\/secure.gravatar.com\/avatar\/075ec98493ed93d68bb3fc65934af517464edbda82d3de640a0d868437b444ba?s=96&d=mm&r=g","contentUrl":"https:\/\/secure.gravatar.com\/avatar\/075ec98493ed93d68bb3fc65934af517464edbda82d3de640a0d868437b444ba?s=96&d=mm&r=g","caption":"Marjorie"},"url":"https:\/\/www.portatax.cl\/mineria\/author\/marjorie\/"}]}},"_links":{"self":[{"href":"https:\/\/www.portatax.cl\/mineria\/wp-json\/wp\/v2\/posts\/1443","targetHints":{"allow":["GET"]}}],"collection":[{"href":"https:\/\/www.portatax.cl\/mineria\/wp-json\/wp\/v2\/posts"}],"about":[{"href":"https:\/\/www.portatax.cl\/mineria\/wp-json\/wp\/v2\/types\/post"}],"author":[{"embeddable":true,"href":"https:\/\/www.portatax.cl\/mineria\/wp-json\/wp\/v2\/users\/2"}],"replies":[{"embeddable":true,"href":"https:\/\/www.portatax.cl\/mineria\/wp-json\/wp\/v2\/comments?post=1443"}],"version-history":[{"count":2,"href":"https:\/\/www.portatax.cl\/mineria\/wp-json\/wp\/v2\/posts\/1443\/revisions"}],"predecessor-version":[{"id":5044,"href":"https:\/\/www.portatax.cl\/mineria\/wp-json\/wp\/v2\/posts\/1443\/revisions\/5044"}],"wp:featuredmedia":[{"embeddable":true,"href":"https:\/\/www.portatax.cl\/mineria\/wp-json\/wp\/v2\/media\/1444"}],"wp:attachment":[{"href":"https:\/\/www.portatax.cl\/mineria\/wp-json\/wp\/v2\/media?parent=1443"}],"wp:term":[{"taxonomy":"category","embeddable":true,"href":"https:\/\/www.portatax.cl\/mineria\/wp-json\/wp\/v2\/categories?post=1443"},{"taxonomy":"post_tag","embeddable":true,"href":"https:\/\/www.portatax.cl\/mineria\/wp-json\/wp\/v2\/tags?post=1443"}],"curies":[{"name":"wp","href":"https:\/\/api.w.org\/{rel}","templated":true}]}}