{"id":2796,"date":"2021-04-26T21:34:33","date_gmt":"2021-04-26T21:34:33","guid":{"rendered":"https:\/\/www.portatax.cl\/mineria\/?p=2796"},"modified":"2023-12-05T15:08:54","modified_gmt":"2023-12-05T19:08:54","slug":"oposicion-acelera-proyecto-de-royalty-minero-con-propuesta-conjunta-para-cobrar-regalia-sobre-las-ventas","status":"publish","type":"post","link":"https:\/\/www.portatax.cl\/mineria\/2021\/04\/26\/oposicion-acelera-proyecto-de-royalty-minero-con-propuesta-conjunta-para-cobrar-regalia-sobre-las-ventas\/","title":{"rendered":"Oposici\u00f3n acelera proyecto de royalty minero con propuesta conjunta para cobrar regal\u00eda sobre las ventas"},"content":{"rendered":"\n<p>(publicado: lunes 26, abril, 2021) por: <a href=\"https:\/\/www.latercera.com\/autor\/miriam-leiva\">Miriam Leiva<\/a> \/ <a href=\"https:\/\/www.latercera.com\/\" data-type=\"URL\" data-id=\"https:\/\/www.latercera.com\/\">https:\/\/www.latercera.com\/<\/a><\/p>\n\n\n\n<p>Los diputados llegaron a dos acuerdos. Concordaron una indicaci\u00f3n para plantear un royalty que supere el 3%, ligado a las ventas y no a las utilidades como el actual impuesto espec\u00edfico, y que se incremente de acuerdo al precio del cobre. Y que esta semana sea despachado en comisiones para que la primera semana de mayo est\u00e9 en tabla en la Sala de la C\u00e1mara.<\/p>\n\n\n\n<p>La oposici\u00f3n en la C\u00e1mara no est\u00e1 dispuesta a darle ni un respiro al gobierno, y los diputados ya se pusieron de acuerdo para apurar el tr\u00e1mite legislativo del proyecto que establece un royalty a la miner\u00eda extractiva que ya fue aprobado en general por la sala por 91 votos.<\/p>\n\n\n\n<p>La idea es que este lunes el texto se vote en particular en la Comisi\u00f3n de Miner\u00eda la cual ha sido citada a partir de las 9:30 hasta total despacho. El mi\u00e9rcoles se ver\u00e1 en la comisi\u00f3n de Hacienda,<strong>&nbsp;\u201cde modo que est\u00e9 en tabla en la Sala la primera semana de mayo antes de las elecciones. <\/strong>Ese es el plan que nos trazamos como oposici\u00f3n\u201d, indica el titular de la segunda instancia, diputado Daniel N\u00fa\u00f1ez (PC).<\/p>\n\n\n\n<p>Por lo mismo tambi\u00e9n&nbsp;<strong>llegaron a acuerdo en una indicaci\u00f3n para plantear un royalty que supere el 3%, que est\u00e9 ligado a las ventas y no a las utilidades como el actual impuesto espec\u00edfico a la miner\u00eda, y que se incremente de acuerdo al comportamiento del valor del metal rojo en los mercados mundiales.<\/strong><\/p>\n\n\n\n<p>\u201cProponemos un 3% de piso y cuando el precio sobrepase los US$2 se cobra un extra de 15% sobre las ventas, y as\u00ed va subiendo. Adem\u00e1s se cobrar\u00eda sobre las ventas que es m\u00e1s f\u00e1cil de evaluar porque el impuesto espec\u00edfico actual, que va entre 5% y 8%, es sobre la utilidad y muchas veces las mineras aumentan artificialmente los costos, para as\u00ed disminuir las ganancias, aunque el precio est\u00e9 alto\u201d, se\u00f1ala N\u00fa\u00f1ez para explicar por qu\u00e9 no mantuvieron como condicionante las utilidades, sino que las ventas que realicen las mineras.<\/p>\n\n\n\n<p>Por este mismo hecho indica que el impuesto espec\u00edfico no recauda tanto como se esperaba cuando se implement\u00f3, a diferencia de lo que esperan con este proyecto. \u201c<strong>Para 2021 estimamos que podr\u00eda recaudar ser\u00eda de US$7.000 millones si el precio se mantiene como est\u00e1 hasta ahora, bordeando los US$4,<\/strong>&nbsp;y para 2022 que seg\u00fan el Banco Central bajar\u00eda un poco el precio del cobre, la proyecci\u00f3n es que aportar\u00eda unos US$6.000 millones\u201d, indica el diputado N\u00fa\u00f1ez.<\/p>\n\n\n\n<p>Adem\u00e1s la propuesta incluir\u00e1 que cuando el producto tenga valor agregado como refinaci\u00f3n o \u00e1nodos de cobre, habr\u00e1 un descuento al royalty que se debe pagar.<\/p>\n\n\n\n<p>La propuesta acota N\u00fa\u00f1ez fue firmada por diputados de todas las tiendas de la oposici\u00f3n: Pablo Vidal (titular de comisi\u00f3n de Miner\u00eda), Marcela Hernando (PR), Gabriel Silber (DC), Jaime Mulet (FRVS) y Esteban Vel\u00e1squez (FRVS). En ella trabajaron expertos como el economista Gonzalo Martner, Nicol\u00e1s Bohem, Gino Sturla de la U. de Chile, entre otros, quienes analizaron la legislaci\u00f3n comparada adoptando temas como el premiar con un royalty menor el valor agregado, y el incremento progresivo asociado al precio.<\/p>\n\n\n\n<h4 class=\"wp-block-heading\"><strong>Detalles del nuevo impuesto<\/strong><\/h4>\n\n\n\n<p>La tasa que se propone en la indicaci\u00f3n ser\u00eda marginal en el sentido de que se aplicar\u00eda hasta el valor l\u00edmite del precio en el tramo propuesto.<\/p>\n\n\n\n<p>De acuerdo a sus c\u00e1lculos se ejemplifica lo siguiente: si el cobre es vendido a un precio de US$2,4 d\u00f3lares, se pagar\u00e1 un royalty con la siguiente estructura por cada libra de cobre: US$2 d\u00f3lares pagar\u00e1 3% de tasa marginal, es decir 6 centavos de d\u00f3lar, y los 40 centavos pagar\u00e1 un 15% de tasa marginal, es decir 6 centavos de d\u00f3lar tambi\u00e9n. Entonces la recaudaci\u00f3n total por la libra en ese precio ser\u00eda 12 centavos de d\u00f3lar, con una tasa efectiva de royalty de un 5%.<\/p>\n\n\n\n<figure class=\"wp-block-image size-large\"><img loading=\"lazy\" decoding=\"async\" width=\"589\" height=\"315\" src=\"https:\/\/www.portatax.cl\/mineria\/wp-content\/uploads\/2021\/04\/cobre-26-4-2021-actualidad-minera.jpg\" alt=\"\" class=\"wp-image-2797\" srcset=\"https:\/\/www.portatax.cl\/mineria\/wp-content\/uploads\/2021\/04\/cobre-26-4-2021-actualidad-minera.jpg 589w, https:\/\/www.portatax.cl\/mineria\/wp-content\/uploads\/2021\/04\/cobre-26-4-2021-actualidad-minera-300x160.jpg 300w\" sizes=\"auto, (max-width: 589px) 100vw, 589px\" \/><\/figure>\n\n\n\n<p>En f\u00e1cil, las tasas efectivas fluctuar\u00edan bajo este esquema: hasta US$ 2 d\u00f3lares de precio de cobre, la tasa ser\u00e1 un 3%.&nbsp;<strong>Entre US$ 2 d\u00f3lares y hasta US$2,5 d\u00f3lares, se mover\u00e1 entre 3% y 5,4%, hasta llegar sobre 21% si el metal rojo llega a US$4.<\/strong><\/p>\n\n\n\n<p>Hay algunos detalles que no obstante deber\u00e1n ser revisados en la tramitaci\u00f3n. Primero, la existencia de la invariabilidad tributaria de la cual se benefician varias empresas mineras y que terminar\u00eda en 2023. \u201cVamos a tratar de buscar una f\u00f3rmula para que voluntariamente se acepte la nueva normativa\u201d. agrega N\u00fa\u00f1ez.<\/p>\n\n\n\n<p>Lo segundo es que este royalty se sumar\u00eda al impuesto espec\u00edfico a la miner\u00eda, ya que los parlamentarios no tiene atribuciones para derogar o eliminar un impuesto. Aunque comenta N\u00fa\u00f1ez, el esp\u00edritu es que s\u00f3lo hubiese un gravamen especial, el royalty, pero para ello necesitar\u00edan que el gobierno se pronunciara.<\/p>\n\n\n\n<p>Cabe recordar que esta norma habla de regal\u00eda, y no de impuesto por ello no requiere qu\u00f3rum especiales, sino que se vota como ley simple.<\/p>\n\n\n\n<p>noticia:<\/p>\n\n\n\n<p><a rel=\"noreferrer noopener\" href=\"https:\/\/www.latercera.com\/pulso\/noticia\/oposicion-acelera-proyecto-de-royalty-minero-con-propuesta-conjunta-para-cobrar-regalia-sobre-las-ventas\/4WI4RCBZIRHONLJK6M46JE2DNY\/\" data-type=\"URL\" data-id=\"https:\/\/www.latercera.com\/pulso\/noticia\/oposicion-acelera-proyecto-de-royalty-minero-con-propuesta-conjunta-para-cobrar-regalia-sobre-las-ventas\/4WI4RCBZIRHONLJK6M46JE2DNY\/\" target=\"_blank\">https:\/\/www.latercera.com\/pulso\/noticia\/oposicion-acelera-proyecto-de-royalty-minero-con-propuesta-conjunta-para-cobrar-regalia-sobre-las-ventas\/4WI4RCBZIRHONLJK6M46JE2DNY\/<\/a><\/p>\n","protected":false},"excerpt":{"rendered":"<p>(publicado: lunes 26, abril, 2021) por: Miriam Leiva \/ https:\/\/www.latercera.com\/ Los diputados llegaron a dos acuerdos. Concordaron una indicaci\u00f3n para plantear un royalty que supere el 3%, ligado a las ventas y no a las utilidades como el actual impuesto espec\u00edfico, y que se incremente de acuerdo al precio del cobre. Y que esta semana &hellip;<\/p>\n<p class=\"read-more\"> <a class=\"\" href=\"https:\/\/www.portatax.cl\/mineria\/2021\/04\/26\/oposicion-acelera-proyecto-de-royalty-minero-con-propuesta-conjunta-para-cobrar-regalia-sobre-las-ventas\/\"> <span class=\"screen-reader-text\">Oposici\u00f3n acelera proyecto de royalty minero con propuesta conjunta para cobrar regal\u00eda sobre las ventas<\/span> Leer m\u00e1s &raquo;<\/a><\/p>\n","protected":false},"author":2,"featured_media":2799,"comment_status":"closed","ping_status":"closed","sticky":false,"template":"","format":"standard","meta":{"om_disable_all_campaigns":false,"_monsterinsights_skip_tracking":false,"_monsterinsights_sitenote_active":false,"_monsterinsights_sitenote_note":"","_monsterinsights_sitenote_category":0,"_uf_show_specific_survey":0,"_uf_disable_surveys":false,"site-sidebar-layout":"default","site-content-layout":"default","ast-site-content-layout":"default","site-content-style":"default","site-sidebar-style":"default","ast-global-header-display":"","ast-banner-title-visibility":"","ast-main-header-display":"","ast-hfb-above-header-display":"","ast-hfb-below-header-display":"","ast-hfb-mobile-header-display":"","site-post-title":"","ast-breadcrumbs-content":"","ast-featured-img":"","footer-sml-layout":"","theme-transparent-header-meta":"default","adv-header-id-meta":"","stick-header-meta":"","header-above-stick-meta":"","header-main-stick-meta":"","header-below-stick-meta":"","astra-migrate-meta-layouts":"set","ast-page-background-enabled":"default","ast-page-background-meta":{"desktop":{"background-color":"","background-image":"","background-repeat":"repeat","background-position":"center center","background-size":"auto","background-attachment":"scroll","background-type":"","background-media":"","overlay-type":"","overlay-color":"","overlay-gradient":""},"tablet":{"background-color":"","background-image":"","background-repeat":"repeat","background-position":"center center","background-size":"auto","background-attachment":"scroll","background-type":"","background-media":"","overlay-type":"","overlay-color":"","overlay-gradient":""},"mobile":{"background-color":"","background-image":"","background-repeat":"repeat","background-position":"center center","background-size":"auto","background-attachment":"scroll","background-type":"","background-media":"","overlay-type":"","overlay-color":"","overlay-gradient":""}},"ast-content-background-meta":{"desktop":{"background-color":"var(--ast-global-color-5)","background-image":"","background-repeat":"repeat","background-position":"center center","background-size":"auto","background-attachment":"scroll","background-type":"","background-media":"","overlay-type":"","overlay-color":"","overlay-gradient":""},"tablet":{"background-color":"var(--ast-global-color-5)","background-image":"","background-repeat":"repeat","background-position":"center center","background-size":"auto","background-attachment":"scroll","background-type":"","background-media":"","overlay-type":"","overlay-color":"","overlay-gradient":""},"mobile":{"background-color":"var(--ast-global-color-5)","background-image":"","background-repeat":"repeat","background-position":"center center","background-size":"auto","background-attachment":"scroll","background-type":"","background-media":"","overlay-type":"","overlay-color":"","overlay-gradient":""}},"footnotes":""},"categories":[42],"tags":[],"class_list":["post-2796","post","type-post","status-publish","format-standard","has-post-thumbnail","hentry","category-actualidad-minera"],"aioseo_notices":[],"yoast_head":"<!-- This site is optimized with the Yoast SEO plugin v21.5 - https:\/\/yoast.com\/wordpress\/plugins\/seo\/ -->\n<title>Oposici\u00f3n acelera proyecto de royalty minero con propuesta conjunta para cobrar regal\u00eda sobre las ventas - Portatax<\/title>\n<meta name=\"robots\" content=\"index, follow, max-snippet:-1, max-image-preview:large, max-video-preview:-1\" \/>\n<link rel=\"canonical\" href=\"https:\/\/www.portatax.cl\/mineria\/2021\/04\/26\/oposicion-acelera-proyecto-de-royalty-minero-con-propuesta-conjunta-para-cobrar-regalia-sobre-las-ventas\/\" \/>\n<meta property=\"og:locale\" content=\"es_ES\" \/>\n<meta property=\"og:type\" content=\"article\" \/>\n<meta property=\"og:title\" content=\"Oposici\u00f3n acelera proyecto de royalty minero con propuesta conjunta para cobrar regal\u00eda sobre las ventas - Portatax\" \/>\n<meta property=\"og:description\" content=\"(publicado: lunes 26, abril, 2021) por: Miriam Leiva \/ https:\/\/www.latercera.com\/ Los diputados llegaron a dos acuerdos. Concordaron una indicaci\u00f3n para plantear un royalty que supere el 3%, ligado a las ventas y no a las utilidades como el actual impuesto espec\u00edfico, y que se incremente de acuerdo al precio del cobre. Y que esta semana &hellip; Oposici\u00f3n acelera proyecto de royalty minero con propuesta conjunta para cobrar regal\u00eda sobre las ventas Leer m\u00e1s &raquo;\" \/>\n<meta property=\"og:url\" content=\"https:\/\/www.portatax.cl\/mineria\/2021\/04\/26\/oposicion-acelera-proyecto-de-royalty-minero-con-propuesta-conjunta-para-cobrar-regalia-sobre-las-ventas\/\" \/>\n<meta property=\"og:site_name\" content=\"Portatax\" \/>\n<meta property=\"article:published_time\" content=\"2021-04-26T21:34:33+00:00\" \/>\n<meta property=\"article:modified_time\" content=\"2023-12-05T19:08:54+00:00\" \/>\n<meta property=\"og:image\" content=\"https:\/\/www.portatax.cl\/mineria\/wp-content\/uploads\/2021\/04\/Promo-Facebook-Event-Cover-6.jpeg\" \/>\n\t<meta property=\"og:image:width\" content=\"1920\" \/>\n\t<meta property=\"og:image:height\" content=\"1080\" \/>\n\t<meta property=\"og:image:type\" content=\"image\/jpeg\" \/>\n<meta name=\"author\" content=\"Marjorie\" \/>\n<meta name=\"twitter:card\" content=\"summary_large_image\" \/>\n<meta name=\"twitter:label1\" content=\"Escrito por\" \/>\n\t<meta name=\"twitter:data1\" content=\"Marjorie\" \/>\n\t<meta name=\"twitter:label2\" content=\"Tiempo de lectura\" \/>\n\t<meta name=\"twitter:data2\" content=\"4 minutos\" \/>\n<script type=\"application\/ld+json\" class=\"yoast-schema-graph\">{\"@context\":\"https:\/\/schema.org\",\"@graph\":[{\"@type\":\"Article\",\"@id\":\"https:\/\/www.portatax.cl\/mineria\/2021\/04\/26\/oposicion-acelera-proyecto-de-royalty-minero-con-propuesta-conjunta-para-cobrar-regalia-sobre-las-ventas\/#article\",\"isPartOf\":{\"@id\":\"https:\/\/www.portatax.cl\/mineria\/2021\/04\/26\/oposicion-acelera-proyecto-de-royalty-minero-con-propuesta-conjunta-para-cobrar-regalia-sobre-las-ventas\/\"},\"author\":{\"name\":\"Marjorie\",\"@id\":\"https:\/\/www.portatax.cl\/mineria\/#\/schema\/person\/16bad928390762f14c4b8023f0f356d2\"},\"headline\":\"Oposici\u00f3n acelera proyecto de royalty minero con propuesta conjunta para cobrar regal\u00eda sobre las ventas\",\"datePublished\":\"2021-04-26T21:34:33+00:00\",\"dateModified\":\"2023-12-05T19:08:54+00:00\",\"mainEntityOfPage\":{\"@id\":\"https:\/\/www.portatax.cl\/mineria\/2021\/04\/26\/oposicion-acelera-proyecto-de-royalty-minero-con-propuesta-conjunta-para-cobrar-regalia-sobre-las-ventas\/\"},\"wordCount\":900,\"publisher\":{\"@id\":\"https:\/\/www.portatax.cl\/mineria\/#organization\"},\"articleSection\":[\"Actualidad Minera\"],\"inLanguage\":\"es\"},{\"@type\":\"WebPage\",\"@id\":\"https:\/\/www.portatax.cl\/mineria\/2021\/04\/26\/oposicion-acelera-proyecto-de-royalty-minero-con-propuesta-conjunta-para-cobrar-regalia-sobre-las-ventas\/\",\"url\":\"https:\/\/www.portatax.cl\/mineria\/2021\/04\/26\/oposicion-acelera-proyecto-de-royalty-minero-con-propuesta-conjunta-para-cobrar-regalia-sobre-las-ventas\/\",\"name\":\"Oposici\u00f3n acelera proyecto de royalty minero con propuesta conjunta para cobrar regal\u00eda sobre las ventas - Portatax\",\"isPartOf\":{\"@id\":\"https:\/\/www.portatax.cl\/mineria\/#website\"},\"datePublished\":\"2021-04-26T21:34:33+00:00\",\"dateModified\":\"2023-12-05T19:08:54+00:00\",\"breadcrumb\":{\"@id\":\"https:\/\/www.portatax.cl\/mineria\/2021\/04\/26\/oposicion-acelera-proyecto-de-royalty-minero-con-propuesta-conjunta-para-cobrar-regalia-sobre-las-ventas\/#breadcrumb\"},\"inLanguage\":\"es\",\"potentialAction\":[{\"@type\":\"ReadAction\",\"target\":[\"https:\/\/www.portatax.cl\/mineria\/2021\/04\/26\/oposicion-acelera-proyecto-de-royalty-minero-con-propuesta-conjunta-para-cobrar-regalia-sobre-las-ventas\/\"]}]},{\"@type\":\"BreadcrumbList\",\"@id\":\"https:\/\/www.portatax.cl\/mineria\/2021\/04\/26\/oposicion-acelera-proyecto-de-royalty-minero-con-propuesta-conjunta-para-cobrar-regalia-sobre-las-ventas\/#breadcrumb\",\"itemListElement\":[{\"@type\":\"ListItem\",\"position\":1,\"name\":\"Portada\",\"item\":\"https:\/\/www.portatax.cl\/mineria\/\"},{\"@type\":\"ListItem\",\"position\":2,\"name\":\"Oposici\u00f3n acelera proyecto de royalty minero con propuesta conjunta para cobrar regal\u00eda sobre las ventas\"}]},{\"@type\":\"WebSite\",\"@id\":\"https:\/\/www.portatax.cl\/mineria\/#website\",\"url\":\"https:\/\/www.portatax.cl\/mineria\/\",\"name\":\"Portatax\",\"description\":\"Servicios Tributarios\",\"publisher\":{\"@id\":\"https:\/\/www.portatax.cl\/mineria\/#organization\"},\"potentialAction\":[{\"@type\":\"SearchAction\",\"target\":{\"@type\":\"EntryPoint\",\"urlTemplate\":\"https:\/\/www.portatax.cl\/mineria\/?s={search_term_string}\"},\"query-input\":\"required name=search_term_string\"}],\"inLanguage\":\"es\"},{\"@type\":\"Organization\",\"@id\":\"https:\/\/www.portatax.cl\/mineria\/#organization\",\"name\":\"Portatax\",\"url\":\"https:\/\/www.portatax.cl\/mineria\/\",\"logo\":{\"@type\":\"ImageObject\",\"inLanguage\":\"es\",\"@id\":\"https:\/\/www.portatax.cl\/mineria\/#\/schema\/logo\/image\/\",\"url\":\"https:\/\/www.portatax.cl\/mineria\/wp-content\/uploads\/2021\/03\/Logo-Porta-Tax-2.png\",\"contentUrl\":\"https:\/\/www.portatax.cl\/mineria\/wp-content\/uploads\/2021\/03\/Logo-Porta-Tax-2.png\",\"width\":250,\"height\":83,\"caption\":\"Portatax\"},\"image\":{\"@id\":\"https:\/\/www.portatax.cl\/mineria\/#\/schema\/logo\/image\/\"}},{\"@type\":\"Person\",\"@id\":\"https:\/\/www.portatax.cl\/mineria\/#\/schema\/person\/16bad928390762f14c4b8023f0f356d2\",\"name\":\"Marjorie\",\"image\":{\"@type\":\"ImageObject\",\"inLanguage\":\"es\",\"@id\":\"https:\/\/www.portatax.cl\/mineria\/#\/schema\/person\/image\/\",\"url\":\"https:\/\/secure.gravatar.com\/avatar\/075ec98493ed93d68bb3fc65934af517464edbda82d3de640a0d868437b444ba?s=96&d=mm&r=g\",\"contentUrl\":\"https:\/\/secure.gravatar.com\/avatar\/075ec98493ed93d68bb3fc65934af517464edbda82d3de640a0d868437b444ba?s=96&d=mm&r=g\",\"caption\":\"Marjorie\"},\"url\":\"https:\/\/www.portatax.cl\/mineria\/author\/marjorie\/\"}]}<\/script>\n<!-- \/ Yoast SEO plugin. -->","yoast_head_json":{"title":"Oposici\u00f3n acelera proyecto de royalty minero con propuesta conjunta para cobrar regal\u00eda sobre las ventas - Portatax","robots":{"index":"index","follow":"follow","max-snippet":"max-snippet:-1","max-image-preview":"max-image-preview:large","max-video-preview":"max-video-preview:-1"},"canonical":"https:\/\/www.portatax.cl\/mineria\/2021\/04\/26\/oposicion-acelera-proyecto-de-royalty-minero-con-propuesta-conjunta-para-cobrar-regalia-sobre-las-ventas\/","og_locale":"es_ES","og_type":"article","og_title":"Oposici\u00f3n acelera proyecto de royalty minero con propuesta conjunta para cobrar regal\u00eda sobre las ventas - Portatax","og_description":"(publicado: lunes 26, abril, 2021) por: Miriam Leiva \/ https:\/\/www.latercera.com\/ Los diputados llegaron a dos acuerdos. Concordaron una indicaci\u00f3n para plantear un royalty que supere el 3%, ligado a las ventas y no a las utilidades como el actual impuesto espec\u00edfico, y que se incremente de acuerdo al precio del cobre. Y que esta semana &hellip; Oposici\u00f3n acelera proyecto de royalty minero con propuesta conjunta para cobrar regal\u00eda sobre las ventas Leer m\u00e1s &raquo;","og_url":"https:\/\/www.portatax.cl\/mineria\/2021\/04\/26\/oposicion-acelera-proyecto-de-royalty-minero-con-propuesta-conjunta-para-cobrar-regalia-sobre-las-ventas\/","og_site_name":"Portatax","article_published_time":"2021-04-26T21:34:33+00:00","article_modified_time":"2023-12-05T19:08:54+00:00","og_image":[{"width":1920,"height":1080,"url":"https:\/\/www.portatax.cl\/mineria\/wp-content\/uploads\/2021\/04\/Promo-Facebook-Event-Cover-6.jpeg","type":"image\/jpeg"}],"author":"Marjorie","twitter_card":"summary_large_image","twitter_misc":{"Escrito por":"Marjorie","Tiempo de lectura":"4 minutos"},"schema":{"@context":"https:\/\/schema.org","@graph":[{"@type":"Article","@id":"https:\/\/www.portatax.cl\/mineria\/2021\/04\/26\/oposicion-acelera-proyecto-de-royalty-minero-con-propuesta-conjunta-para-cobrar-regalia-sobre-las-ventas\/#article","isPartOf":{"@id":"https:\/\/www.portatax.cl\/mineria\/2021\/04\/26\/oposicion-acelera-proyecto-de-royalty-minero-con-propuesta-conjunta-para-cobrar-regalia-sobre-las-ventas\/"},"author":{"name":"Marjorie","@id":"https:\/\/www.portatax.cl\/mineria\/#\/schema\/person\/16bad928390762f14c4b8023f0f356d2"},"headline":"Oposici\u00f3n acelera proyecto de royalty minero con propuesta conjunta para cobrar regal\u00eda sobre las ventas","datePublished":"2021-04-26T21:34:33+00:00","dateModified":"2023-12-05T19:08:54+00:00","mainEntityOfPage":{"@id":"https:\/\/www.portatax.cl\/mineria\/2021\/04\/26\/oposicion-acelera-proyecto-de-royalty-minero-con-propuesta-conjunta-para-cobrar-regalia-sobre-las-ventas\/"},"wordCount":900,"publisher":{"@id":"https:\/\/www.portatax.cl\/mineria\/#organization"},"articleSection":["Actualidad Minera"],"inLanguage":"es"},{"@type":"WebPage","@id":"https:\/\/www.portatax.cl\/mineria\/2021\/04\/26\/oposicion-acelera-proyecto-de-royalty-minero-con-propuesta-conjunta-para-cobrar-regalia-sobre-las-ventas\/","url":"https:\/\/www.portatax.cl\/mineria\/2021\/04\/26\/oposicion-acelera-proyecto-de-royalty-minero-con-propuesta-conjunta-para-cobrar-regalia-sobre-las-ventas\/","name":"Oposici\u00f3n acelera proyecto de royalty minero con propuesta conjunta para cobrar regal\u00eda sobre las ventas - Portatax","isPartOf":{"@id":"https:\/\/www.portatax.cl\/mineria\/#website"},"datePublished":"2021-04-26T21:34:33+00:00","dateModified":"2023-12-05T19:08:54+00:00","breadcrumb":{"@id":"https:\/\/www.portatax.cl\/mineria\/2021\/04\/26\/oposicion-acelera-proyecto-de-royalty-minero-con-propuesta-conjunta-para-cobrar-regalia-sobre-las-ventas\/#breadcrumb"},"inLanguage":"es","potentialAction":[{"@type":"ReadAction","target":["https:\/\/www.portatax.cl\/mineria\/2021\/04\/26\/oposicion-acelera-proyecto-de-royalty-minero-con-propuesta-conjunta-para-cobrar-regalia-sobre-las-ventas\/"]}]},{"@type":"BreadcrumbList","@id":"https:\/\/www.portatax.cl\/mineria\/2021\/04\/26\/oposicion-acelera-proyecto-de-royalty-minero-con-propuesta-conjunta-para-cobrar-regalia-sobre-las-ventas\/#breadcrumb","itemListElement":[{"@type":"ListItem","position":1,"name":"Portada","item":"https:\/\/www.portatax.cl\/mineria\/"},{"@type":"ListItem","position":2,"name":"Oposici\u00f3n acelera proyecto de royalty minero con propuesta conjunta para cobrar regal\u00eda sobre las ventas"}]},{"@type":"WebSite","@id":"https:\/\/www.portatax.cl\/mineria\/#website","url":"https:\/\/www.portatax.cl\/mineria\/","name":"Portatax","description":"Servicios Tributarios","publisher":{"@id":"https:\/\/www.portatax.cl\/mineria\/#organization"},"potentialAction":[{"@type":"SearchAction","target":{"@type":"EntryPoint","urlTemplate":"https:\/\/www.portatax.cl\/mineria\/?s={search_term_string}"},"query-input":"required name=search_term_string"}],"inLanguage":"es"},{"@type":"Organization","@id":"https:\/\/www.portatax.cl\/mineria\/#organization","name":"Portatax","url":"https:\/\/www.portatax.cl\/mineria\/","logo":{"@type":"ImageObject","inLanguage":"es","@id":"https:\/\/www.portatax.cl\/mineria\/#\/schema\/logo\/image\/","url":"https:\/\/www.portatax.cl\/mineria\/wp-content\/uploads\/2021\/03\/Logo-Porta-Tax-2.png","contentUrl":"https:\/\/www.portatax.cl\/mineria\/wp-content\/uploads\/2021\/03\/Logo-Porta-Tax-2.png","width":250,"height":83,"caption":"Portatax"},"image":{"@id":"https:\/\/www.portatax.cl\/mineria\/#\/schema\/logo\/image\/"}},{"@type":"Person","@id":"https:\/\/www.portatax.cl\/mineria\/#\/schema\/person\/16bad928390762f14c4b8023f0f356d2","name":"Marjorie","image":{"@type":"ImageObject","inLanguage":"es","@id":"https:\/\/www.portatax.cl\/mineria\/#\/schema\/person\/image\/","url":"https:\/\/secure.gravatar.com\/avatar\/075ec98493ed93d68bb3fc65934af517464edbda82d3de640a0d868437b444ba?s=96&d=mm&r=g","contentUrl":"https:\/\/secure.gravatar.com\/avatar\/075ec98493ed93d68bb3fc65934af517464edbda82d3de640a0d868437b444ba?s=96&d=mm&r=g","caption":"Marjorie"},"url":"https:\/\/www.portatax.cl\/mineria\/author\/marjorie\/"}]}},"_links":{"self":[{"href":"https:\/\/www.portatax.cl\/mineria\/wp-json\/wp\/v2\/posts\/2796","targetHints":{"allow":["GET"]}}],"collection":[{"href":"https:\/\/www.portatax.cl\/mineria\/wp-json\/wp\/v2\/posts"}],"about":[{"href":"https:\/\/www.portatax.cl\/mineria\/wp-json\/wp\/v2\/types\/post"}],"author":[{"embeddable":true,"href":"https:\/\/www.portatax.cl\/mineria\/wp-json\/wp\/v2\/users\/2"}],"replies":[{"embeddable":true,"href":"https:\/\/www.portatax.cl\/mineria\/wp-json\/wp\/v2\/comments?post=2796"}],"version-history":[{"count":5,"href":"https:\/\/www.portatax.cl\/mineria\/wp-json\/wp\/v2\/posts\/2796\/revisions"}],"predecessor-version":[{"id":4825,"href":"https:\/\/www.portatax.cl\/mineria\/wp-json\/wp\/v2\/posts\/2796\/revisions\/4825"}],"wp:featuredmedia":[{"embeddable":true,"href":"https:\/\/www.portatax.cl\/mineria\/wp-json\/wp\/v2\/media\/2799"}],"wp:attachment":[{"href":"https:\/\/www.portatax.cl\/mineria\/wp-json\/wp\/v2\/media?parent=2796"}],"wp:term":[{"taxonomy":"category","embeddable":true,"href":"https:\/\/www.portatax.cl\/mineria\/wp-json\/wp\/v2\/categories?post=2796"},{"taxonomy":"post_tag","embeddable":true,"href":"https:\/\/www.portatax.cl\/mineria\/wp-json\/wp\/v2\/tags?post=2796"}],"curies":[{"name":"wp","href":"https:\/\/api.w.org\/{rel}","templated":true}]}}