{"id":3184,"date":"2021-05-27T13:57:31","date_gmt":"2021-05-27T17:57:31","guid":{"rendered":"https:\/\/www.portatax.cl\/mineria\/?p=3184"},"modified":"2023-12-05T15:07:00","modified_gmt":"2023-12-05T19:07:00","slug":"en-vivo-mineria-y-tributacion-cimentando-una-discusion-informada-hechos-estilizados-en-chile","status":"publish","type":"post","link":"https:\/\/www.portatax.cl\/mineria\/2021\/05\/27\/en-vivo-mineria-y-tributacion-cimentando-una-discusion-informada-hechos-estilizados-en-chile\/","title":{"rendered":"[EN VIVO] Miner\u00eda y tributaci\u00f3n, cimentando una discusi\u00f3n informada: \u00abHechos estilizados en Chile\u00bb"},"content":{"rendered":"\n<p>(publicado por: <a href=\"https:\/\/www.elmostrador.cl\/\" data-type=\"URL\" data-id=\"https:\/\/www.elmostrador.cl\/\">https:\/\/www.elmostrador.cl\/<\/a><\/p>\n\n\n\n<p>Ad portas del debate y reforma constitucional, las Universidades Cat\u00f3lica, de Chile y Cat\u00f3lica del Norte se unen para contribuir en el an\u00e1lisis y debate de las principales aristas que afectar\u00e1n el futuro tributario de las empresas mineras en Chile. Para ello, se ha realizado un gran esfuerzo y trabajo conjunto, con el fin de permitir un espacio de revisi\u00f3n de evidencia acad\u00e9mica, t\u00e9cnica y pol\u00edtica nacional e internacional. Sigue en vivo el primer cap\u00edtulo \u00abHechos estilizados en Chile\u00bb del ciclo de conferencias \u201cMiner\u00eda y tributaci\u00f3n: Cimentando una discusi\u00f3n informada\u201d. En esta ocasi\u00f3n, expondr\u00e1n Alicia Dom\u00ednguez con \u201cLa carga tributaria de la miner\u00eda en Chile\u201d y Michel Jorratt sobre \u201cEstimaciones de renta minera y carga tributaria efectiva\u201d, y luego un panel compuesto por Salvador Vald\u00e9s, Andrea Repetto y Ram\u00f3n L\u00f3pez, moderado por Jos\u00e9 de Gregorio. <\/p>\n\n\n\n<p><strong>En vivo:<\/strong> <a href=\"https:\/\/www.facebook.com\/elmostrador\/videos\/325847488907491\/\" data-type=\"URL\" data-id=\"https:\/\/www.facebook.com\/elmostrador\/videos\/325847488907491\/\" target=\"_blank\" rel=\"noreferrer noopener\">https:\/\/www.facebook.com\/elmostrador\/videos\/325847488907491\/<\/a><\/p>\n\n\n\n<p><strong>noticia: <\/strong><a href=\"https:\/\/www.elmostrador.cl\/tv\/2021\/05\/27\/en-vivo-mineria-y-tributacion-cimentando-una-discusion-informada-hechos-estilizados-en-chile\/\" data-type=\"URL\" data-id=\"https:\/\/www.elmostrador.cl\/tv\/2021\/05\/27\/en-vivo-mineria-y-tributacion-cimentando-una-discusion-informada-hechos-estilizados-en-chile\/\" target=\"_blank\" rel=\"noreferrer noopener\">https:\/\/www.elmostrador.cl\/tv\/2021\/05\/27\/en-vivo-mineria-y-tributacion-cimentando-una-discusion-informada-hechos-estilizados-en-chile\/<\/a><\/p>\n","protected":false},"excerpt":{"rendered":"<p>(publicado por: https:\/\/www.elmostrador.cl\/ Ad portas del debate y reforma constitucional, las Universidades Cat\u00f3lica, de Chile y Cat\u00f3lica del Norte se unen para contribuir en el an\u00e1lisis y debate de las principales aristas que afectar\u00e1n el futuro tributario de las empresas mineras en Chile. Para ello, se ha realizado un gran esfuerzo y trabajo conjunto, con &hellip;<\/p>\n<p class=\"read-more\"> <a class=\"\" href=\"https:\/\/www.portatax.cl\/mineria\/2021\/05\/27\/en-vivo-mineria-y-tributacion-cimentando-una-discusion-informada-hechos-estilizados-en-chile\/\"> <span class=\"screen-reader-text\">[EN VIVO] Miner\u00eda y tributaci\u00f3n, cimentando una discusi\u00f3n informada: \u00abHechos estilizados en Chile\u00bb<\/span> Leer m\u00e1s &raquo;<\/a><\/p>\n","protected":false},"author":2,"featured_media":3185,"comment_status":"closed","ping_status":"closed","sticky":false,"template":"","format":"standard","meta":{"om_disable_all_campaigns":false,"_monsterinsights_skip_tracking":false,"_monsterinsights_sitenote_active":false,"_monsterinsights_sitenote_note":"","_monsterinsights_sitenote_category":0,"_uf_show_specific_survey":0,"_uf_disable_surveys":false,"site-sidebar-layout":"default","site-content-layout":"default","ast-site-content-layout":"default","site-content-style":"default","site-sidebar-style":"default","ast-global-header-display":"","ast-banner-title-visibility":"","ast-main-header-display":"","ast-hfb-above-header-display":"","ast-hfb-below-header-display":"","ast-hfb-mobile-header-display":"","site-post-title":"","ast-breadcrumbs-content":"","ast-featured-img":"","footer-sml-layout":"","theme-transparent-header-meta":"default","adv-header-id-meta":"","stick-header-meta":"","header-above-stick-meta":"","header-main-stick-meta":"","header-below-stick-meta":"","astra-migrate-meta-layouts":"set","ast-page-background-enabled":"default","ast-page-background-meta":{"desktop":{"background-color":"","background-image":"","background-repeat":"repeat","background-position":"center center","background-size":"auto","background-attachment":"scroll","background-type":"","background-media":"","overlay-type":"","overlay-color":"","overlay-gradient":""},"tablet":{"background-color":"","background-image":"","background-repeat":"repeat","background-position":"center center","background-size":"auto","background-attachment":"scroll","background-type":"","background-media":"","overlay-type":"","overlay-color":"","overlay-gradient":""},"mobile":{"background-color":"","background-image":"","background-repeat":"repeat","background-position":"center center","background-size":"auto","background-attachment":"scroll","background-type":"","background-media":"","overlay-type":"","overlay-color":"","overlay-gradient":""}},"ast-content-background-meta":{"desktop":{"background-color":"var(--ast-global-color-5)","background-image":"","background-repeat":"repeat","background-position":"center center","background-size":"auto","background-attachment":"scroll","background-type":"","background-media":"","overlay-type":"","overlay-color":"","overlay-gradient":""},"tablet":{"background-color":"var(--ast-global-color-5)","background-image":"","background-repeat":"repeat","background-position":"center center","background-size":"auto","background-attachment":"scroll","background-type":"","background-media":"","overlay-type":"","overlay-color":"","overlay-gradient":""},"mobile":{"background-color":"var(--ast-global-color-5)","background-image":"","background-repeat":"repeat","background-position":"center center","background-size":"auto","background-attachment":"scroll","background-type":"","background-media":"","overlay-type":"","overlay-color":"","overlay-gradient":""}},"footnotes":""},"categories":[42],"tags":[],"class_list":["post-3184","post","type-post","status-publish","format-standard","has-post-thumbnail","hentry","category-actualidad-minera"],"aioseo_notices":[],"yoast_head":"<!-- This site is optimized with the Yoast SEO plugin v21.5 - https:\/\/yoast.com\/wordpress\/plugins\/seo\/ -->\n<title>[EN VIVO] Miner\u00eda y tributaci\u00f3n, cimentando una discusi\u00f3n informada: &quot;Hechos estilizados en Chile&quot; - Portatax<\/title>\n<meta name=\"robots\" content=\"index, follow, max-snippet:-1, max-image-preview:large, max-video-preview:-1\" \/>\n<link rel=\"canonical\" href=\"https:\/\/www.portatax.cl\/mineria\/2021\/05\/27\/en-vivo-mineria-y-tributacion-cimentando-una-discusion-informada-hechos-estilizados-en-chile\/\" \/>\n<meta property=\"og:locale\" content=\"es_ES\" \/>\n<meta property=\"og:type\" content=\"article\" \/>\n<meta property=\"og:title\" content=\"[EN VIVO] Miner\u00eda y tributaci\u00f3n, cimentando una discusi\u00f3n informada: &quot;Hechos estilizados en Chile&quot; - Portatax\" \/>\n<meta property=\"og:description\" content=\"(publicado por: https:\/\/www.elmostrador.cl\/ Ad portas del debate y reforma constitucional, las Universidades Cat\u00f3lica, de Chile y Cat\u00f3lica del Norte se unen para contribuir en el an\u00e1lisis y debate de las principales aristas que afectar\u00e1n el futuro tributario de las empresas mineras en Chile. Para ello, se ha realizado un gran esfuerzo y trabajo conjunto, con &hellip; [EN VIVO] Miner\u00eda y tributaci\u00f3n, cimentando una discusi\u00f3n informada: \u00abHechos estilizados en Chile\u00bb Leer m\u00e1s &raquo;\" \/>\n<meta property=\"og:url\" content=\"https:\/\/www.portatax.cl\/mineria\/2021\/05\/27\/en-vivo-mineria-y-tributacion-cimentando-una-discusion-informada-hechos-estilizados-en-chile\/\" \/>\n<meta property=\"og:site_name\" content=\"Portatax\" \/>\n<meta property=\"article:published_time\" content=\"2021-05-27T17:57:31+00:00\" \/>\n<meta property=\"article:modified_time\" content=\"2023-12-05T19:07:00+00:00\" \/>\n<meta property=\"og:image\" content=\"https:\/\/www.portatax.cl\/mineria\/wp-content\/uploads\/2021\/05\/WhatsApp-Image-2021-05-25-at-12.42.22-700x299-1.jpeg\" \/>\n\t<meta property=\"og:image:width\" content=\"700\" \/>\n\t<meta property=\"og:image:height\" content=\"299\" \/>\n\t<meta property=\"og:image:type\" content=\"image\/jpeg\" \/>\n<meta name=\"author\" content=\"Marjorie\" \/>\n<meta name=\"twitter:card\" content=\"summary_large_image\" \/>\n<meta name=\"twitter:label1\" content=\"Escrito por\" \/>\n\t<meta name=\"twitter:data1\" content=\"Marjorie\" \/>\n\t<meta name=\"twitter:label2\" content=\"Tiempo de lectura\" \/>\n\t<meta name=\"twitter:data2\" content=\"1 minuto\" \/>\n<script type=\"application\/ld+json\" class=\"yoast-schema-graph\">{\"@context\":\"https:\/\/schema.org\",\"@graph\":[{\"@type\":\"Article\",\"@id\":\"https:\/\/www.portatax.cl\/mineria\/2021\/05\/27\/en-vivo-mineria-y-tributacion-cimentando-una-discusion-informada-hechos-estilizados-en-chile\/#article\",\"isPartOf\":{\"@id\":\"https:\/\/www.portatax.cl\/mineria\/2021\/05\/27\/en-vivo-mineria-y-tributacion-cimentando-una-discusion-informada-hechos-estilizados-en-chile\/\"},\"author\":{\"name\":\"Marjorie\",\"@id\":\"https:\/\/www.portatax.cl\/mineria\/#\/schema\/person\/16bad928390762f14c4b8023f0f356d2\"},\"headline\":\"[EN VIVO] Miner\u00eda y tributaci\u00f3n, cimentando una discusi\u00f3n informada: \u00abHechos estilizados en Chile\u00bb\",\"datePublished\":\"2021-05-27T17:57:31+00:00\",\"dateModified\":\"2023-12-05T19:07:00+00:00\",\"mainEntityOfPage\":{\"@id\":\"https:\/\/www.portatax.cl\/mineria\/2021\/05\/27\/en-vivo-mineria-y-tributacion-cimentando-una-discusion-informada-hechos-estilizados-en-chile\/\"},\"wordCount\":191,\"publisher\":{\"@id\":\"https:\/\/www.portatax.cl\/mineria\/#organization\"},\"articleSection\":[\"Actualidad Minera\"],\"inLanguage\":\"es\"},{\"@type\":\"WebPage\",\"@id\":\"https:\/\/www.portatax.cl\/mineria\/2021\/05\/27\/en-vivo-mineria-y-tributacion-cimentando-una-discusion-informada-hechos-estilizados-en-chile\/\",\"url\":\"https:\/\/www.portatax.cl\/mineria\/2021\/05\/27\/en-vivo-mineria-y-tributacion-cimentando-una-discusion-informada-hechos-estilizados-en-chile\/\",\"name\":\"[EN VIVO] Miner\u00eda y tributaci\u00f3n, cimentando una discusi\u00f3n informada: \\\"Hechos estilizados en Chile\\\" - Portatax\",\"isPartOf\":{\"@id\":\"https:\/\/www.portatax.cl\/mineria\/#website\"},\"datePublished\":\"2021-05-27T17:57:31+00:00\",\"dateModified\":\"2023-12-05T19:07:00+00:00\",\"breadcrumb\":{\"@id\":\"https:\/\/www.portatax.cl\/mineria\/2021\/05\/27\/en-vivo-mineria-y-tributacion-cimentando-una-discusion-informada-hechos-estilizados-en-chile\/#breadcrumb\"},\"inLanguage\":\"es\",\"potentialAction\":[{\"@type\":\"ReadAction\",\"target\":[\"https:\/\/www.portatax.cl\/mineria\/2021\/05\/27\/en-vivo-mineria-y-tributacion-cimentando-una-discusion-informada-hechos-estilizados-en-chile\/\"]}]},{\"@type\":\"BreadcrumbList\",\"@id\":\"https:\/\/www.portatax.cl\/mineria\/2021\/05\/27\/en-vivo-mineria-y-tributacion-cimentando-una-discusion-informada-hechos-estilizados-en-chile\/#breadcrumb\",\"itemListElement\":[{\"@type\":\"ListItem\",\"position\":1,\"name\":\"Portada\",\"item\":\"https:\/\/www.portatax.cl\/mineria\/\"},{\"@type\":\"ListItem\",\"position\":2,\"name\":\"[EN VIVO] Miner\u00eda y tributaci\u00f3n, cimentando una discusi\u00f3n informada: \u00abHechos estilizados en Chile\u00bb\"}]},{\"@type\":\"WebSite\",\"@id\":\"https:\/\/www.portatax.cl\/mineria\/#website\",\"url\":\"https:\/\/www.portatax.cl\/mineria\/\",\"name\":\"Portatax\",\"description\":\"Servicios Tributarios\",\"publisher\":{\"@id\":\"https:\/\/www.portatax.cl\/mineria\/#organization\"},\"potentialAction\":[{\"@type\":\"SearchAction\",\"target\":{\"@type\":\"EntryPoint\",\"urlTemplate\":\"https:\/\/www.portatax.cl\/mineria\/?s={search_term_string}\"},\"query-input\":\"required name=search_term_string\"}],\"inLanguage\":\"es\"},{\"@type\":\"Organization\",\"@id\":\"https:\/\/www.portatax.cl\/mineria\/#organization\",\"name\":\"Portatax\",\"url\":\"https:\/\/www.portatax.cl\/mineria\/\",\"logo\":{\"@type\":\"ImageObject\",\"inLanguage\":\"es\",\"@id\":\"https:\/\/www.portatax.cl\/mineria\/#\/schema\/logo\/image\/\",\"url\":\"https:\/\/www.portatax.cl\/mineria\/wp-content\/uploads\/2021\/03\/Logo-Porta-Tax-2.png\",\"contentUrl\":\"https:\/\/www.portatax.cl\/mineria\/wp-content\/uploads\/2021\/03\/Logo-Porta-Tax-2.png\",\"width\":250,\"height\":83,\"caption\":\"Portatax\"},\"image\":{\"@id\":\"https:\/\/www.portatax.cl\/mineria\/#\/schema\/logo\/image\/\"}},{\"@type\":\"Person\",\"@id\":\"https:\/\/www.portatax.cl\/mineria\/#\/schema\/person\/16bad928390762f14c4b8023f0f356d2\",\"name\":\"Marjorie\",\"image\":{\"@type\":\"ImageObject\",\"inLanguage\":\"es\",\"@id\":\"https:\/\/www.portatax.cl\/mineria\/#\/schema\/person\/image\/\",\"url\":\"https:\/\/secure.gravatar.com\/avatar\/075ec98493ed93d68bb3fc65934af517464edbda82d3de640a0d868437b444ba?s=96&d=mm&r=g\",\"contentUrl\":\"https:\/\/secure.gravatar.com\/avatar\/075ec98493ed93d68bb3fc65934af517464edbda82d3de640a0d868437b444ba?s=96&d=mm&r=g\",\"caption\":\"Marjorie\"},\"url\":\"https:\/\/www.portatax.cl\/mineria\/author\/marjorie\/\"}]}<\/script>\n<!-- \/ Yoast SEO plugin. -->","yoast_head_json":{"title":"[EN VIVO] Miner\u00eda y tributaci\u00f3n, cimentando una discusi\u00f3n informada: \"Hechos estilizados en Chile\" - Portatax","robots":{"index":"index","follow":"follow","max-snippet":"max-snippet:-1","max-image-preview":"max-image-preview:large","max-video-preview":"max-video-preview:-1"},"canonical":"https:\/\/www.portatax.cl\/mineria\/2021\/05\/27\/en-vivo-mineria-y-tributacion-cimentando-una-discusion-informada-hechos-estilizados-en-chile\/","og_locale":"es_ES","og_type":"article","og_title":"[EN VIVO] Miner\u00eda y tributaci\u00f3n, cimentando una discusi\u00f3n informada: \"Hechos estilizados en Chile\" - Portatax","og_description":"(publicado por: https:\/\/www.elmostrador.cl\/ Ad portas del debate y reforma constitucional, las Universidades Cat\u00f3lica, de Chile y Cat\u00f3lica del Norte se unen para contribuir en el an\u00e1lisis y debate de las principales aristas que afectar\u00e1n el futuro tributario de las empresas mineras en Chile. Para ello, se ha realizado un gran esfuerzo y trabajo conjunto, con &hellip; [EN VIVO] Miner\u00eda y tributaci\u00f3n, cimentando una discusi\u00f3n informada: \u00abHechos estilizados en Chile\u00bb Leer m\u00e1s &raquo;","og_url":"https:\/\/www.portatax.cl\/mineria\/2021\/05\/27\/en-vivo-mineria-y-tributacion-cimentando-una-discusion-informada-hechos-estilizados-en-chile\/","og_site_name":"Portatax","article_published_time":"2021-05-27T17:57:31+00:00","article_modified_time":"2023-12-05T19:07:00+00:00","og_image":[{"width":700,"height":299,"url":"https:\/\/www.portatax.cl\/mineria\/wp-content\/uploads\/2021\/05\/WhatsApp-Image-2021-05-25-at-12.42.22-700x299-1.jpeg","type":"image\/jpeg"}],"author":"Marjorie","twitter_card":"summary_large_image","twitter_misc":{"Escrito por":"Marjorie","Tiempo de lectura":"1 minuto"},"schema":{"@context":"https:\/\/schema.org","@graph":[{"@type":"Article","@id":"https:\/\/www.portatax.cl\/mineria\/2021\/05\/27\/en-vivo-mineria-y-tributacion-cimentando-una-discusion-informada-hechos-estilizados-en-chile\/#article","isPartOf":{"@id":"https:\/\/www.portatax.cl\/mineria\/2021\/05\/27\/en-vivo-mineria-y-tributacion-cimentando-una-discusion-informada-hechos-estilizados-en-chile\/"},"author":{"name":"Marjorie","@id":"https:\/\/www.portatax.cl\/mineria\/#\/schema\/person\/16bad928390762f14c4b8023f0f356d2"},"headline":"[EN VIVO] Miner\u00eda y tributaci\u00f3n, cimentando una discusi\u00f3n informada: \u00abHechos estilizados en Chile\u00bb","datePublished":"2021-05-27T17:57:31+00:00","dateModified":"2023-12-05T19:07:00+00:00","mainEntityOfPage":{"@id":"https:\/\/www.portatax.cl\/mineria\/2021\/05\/27\/en-vivo-mineria-y-tributacion-cimentando-una-discusion-informada-hechos-estilizados-en-chile\/"},"wordCount":191,"publisher":{"@id":"https:\/\/www.portatax.cl\/mineria\/#organization"},"articleSection":["Actualidad Minera"],"inLanguage":"es"},{"@type":"WebPage","@id":"https:\/\/www.portatax.cl\/mineria\/2021\/05\/27\/en-vivo-mineria-y-tributacion-cimentando-una-discusion-informada-hechos-estilizados-en-chile\/","url":"https:\/\/www.portatax.cl\/mineria\/2021\/05\/27\/en-vivo-mineria-y-tributacion-cimentando-una-discusion-informada-hechos-estilizados-en-chile\/","name":"[EN VIVO] Miner\u00eda y tributaci\u00f3n, cimentando una discusi\u00f3n informada: \"Hechos estilizados en Chile\" - Portatax","isPartOf":{"@id":"https:\/\/www.portatax.cl\/mineria\/#website"},"datePublished":"2021-05-27T17:57:31+00:00","dateModified":"2023-12-05T19:07:00+00:00","breadcrumb":{"@id":"https:\/\/www.portatax.cl\/mineria\/2021\/05\/27\/en-vivo-mineria-y-tributacion-cimentando-una-discusion-informada-hechos-estilizados-en-chile\/#breadcrumb"},"inLanguage":"es","potentialAction":[{"@type":"ReadAction","target":["https:\/\/www.portatax.cl\/mineria\/2021\/05\/27\/en-vivo-mineria-y-tributacion-cimentando-una-discusion-informada-hechos-estilizados-en-chile\/"]}]},{"@type":"BreadcrumbList","@id":"https:\/\/www.portatax.cl\/mineria\/2021\/05\/27\/en-vivo-mineria-y-tributacion-cimentando-una-discusion-informada-hechos-estilizados-en-chile\/#breadcrumb","itemListElement":[{"@type":"ListItem","position":1,"name":"Portada","item":"https:\/\/www.portatax.cl\/mineria\/"},{"@type":"ListItem","position":2,"name":"[EN VIVO] Miner\u00eda y tributaci\u00f3n, cimentando una discusi\u00f3n informada: \u00abHechos estilizados en Chile\u00bb"}]},{"@type":"WebSite","@id":"https:\/\/www.portatax.cl\/mineria\/#website","url":"https:\/\/www.portatax.cl\/mineria\/","name":"Portatax","description":"Servicios Tributarios","publisher":{"@id":"https:\/\/www.portatax.cl\/mineria\/#organization"},"potentialAction":[{"@type":"SearchAction","target":{"@type":"EntryPoint","urlTemplate":"https:\/\/www.portatax.cl\/mineria\/?s={search_term_string}"},"query-input":"required name=search_term_string"}],"inLanguage":"es"},{"@type":"Organization","@id":"https:\/\/www.portatax.cl\/mineria\/#organization","name":"Portatax","url":"https:\/\/www.portatax.cl\/mineria\/","logo":{"@type":"ImageObject","inLanguage":"es","@id":"https:\/\/www.portatax.cl\/mineria\/#\/schema\/logo\/image\/","url":"https:\/\/www.portatax.cl\/mineria\/wp-content\/uploads\/2021\/03\/Logo-Porta-Tax-2.png","contentUrl":"https:\/\/www.portatax.cl\/mineria\/wp-content\/uploads\/2021\/03\/Logo-Porta-Tax-2.png","width":250,"height":83,"caption":"Portatax"},"image":{"@id":"https:\/\/www.portatax.cl\/mineria\/#\/schema\/logo\/image\/"}},{"@type":"Person","@id":"https:\/\/www.portatax.cl\/mineria\/#\/schema\/person\/16bad928390762f14c4b8023f0f356d2","name":"Marjorie","image":{"@type":"ImageObject","inLanguage":"es","@id":"https:\/\/www.portatax.cl\/mineria\/#\/schema\/person\/image\/","url":"https:\/\/secure.gravatar.com\/avatar\/075ec98493ed93d68bb3fc65934af517464edbda82d3de640a0d868437b444ba?s=96&d=mm&r=g","contentUrl":"https:\/\/secure.gravatar.com\/avatar\/075ec98493ed93d68bb3fc65934af517464edbda82d3de640a0d868437b444ba?s=96&d=mm&r=g","caption":"Marjorie"},"url":"https:\/\/www.portatax.cl\/mineria\/author\/marjorie\/"}]}},"_links":{"self":[{"href":"https:\/\/www.portatax.cl\/mineria\/wp-json\/wp\/v2\/posts\/3184","targetHints":{"allow":["GET"]}}],"collection":[{"href":"https:\/\/www.portatax.cl\/mineria\/wp-json\/wp\/v2\/posts"}],"about":[{"href":"https:\/\/www.portatax.cl\/mineria\/wp-json\/wp\/v2\/types\/post"}],"author":[{"embeddable":true,"href":"https:\/\/www.portatax.cl\/mineria\/wp-json\/wp\/v2\/users\/2"}],"replies":[{"embeddable":true,"href":"https:\/\/www.portatax.cl\/mineria\/wp-json\/wp\/v2\/comments?post=3184"}],"version-history":[{"count":9,"href":"https:\/\/www.portatax.cl\/mineria\/wp-json\/wp\/v2\/posts\/3184\/revisions"}],"predecessor-version":[{"id":4809,"href":"https:\/\/www.portatax.cl\/mineria\/wp-json\/wp\/v2\/posts\/3184\/revisions\/4809"}],"wp:featuredmedia":[{"embeddable":true,"href":"https:\/\/www.portatax.cl\/mineria\/wp-json\/wp\/v2\/media\/3185"}],"wp:attachment":[{"href":"https:\/\/www.portatax.cl\/mineria\/wp-json\/wp\/v2\/media?parent=3184"}],"wp:term":[{"taxonomy":"category","embeddable":true,"href":"https:\/\/www.portatax.cl\/mineria\/wp-json\/wp\/v2\/categories?post=3184"},{"taxonomy":"post_tag","embeddable":true,"href":"https:\/\/www.portatax.cl\/mineria\/wp-json\/wp\/v2\/tags?post=3184"}],"curies":[{"name":"wp","href":"https:\/\/api.w.org\/{rel}","templated":true}]}}