{"id":3606,"date":"2021-06-09T11:13:18","date_gmt":"2021-06-09T15:13:18","guid":{"rendered":"https:\/\/www.portatax.cl\/mineria\/?p=3606"},"modified":"2023-12-05T15:06:33","modified_gmt":"2023-12-05T19:06:33","slug":"academica-angelica-munoz-del-dimin-usach-estima-que-royalty-al-cobre-compensara-al-pais-por-el-uso-de-recursos-no-renovables","status":"publish","type":"post","link":"https:\/\/www.portatax.cl\/mineria\/2021\/06\/09\/academica-angelica-munoz-del-dimin-usach-estima-que-royalty-al-cobre-compensara-al-pais-por-el-uso-de-recursos-no-renovables\/","title":{"rendered":"Acad\u00e9mica Ang\u00e9lica Mu\u00f1oz del Dimin (Usach) estima que \u201cRoyalty\u201d al Cobre compensar\u00e1 al pa\u00eds por el uso de recursos no renovables"},"content":{"rendered":"\n<p>(publicado por: <a href=\"https:\/\/www.usach.cl\/\">https:\/\/www.usach.cl\/<\/a>)<\/p>\n\n\n\n<blockquote class=\"wp-block-quote is-layout-flow wp-block-quote-is-layout-flow\"><p>La gran mayor\u00eda de los pa\u00edses, especialmente los grandes productores de cobre cobran una regal\u00eda ad valorem cuya tasa fluct\u00faa entre 3 y 5%. Sostuvo que existen algunas regiones, como Australia del oeste, que cobran una tasa ad valorem, pero variable seg\u00fan nivel de elaboraci\u00f3n del cobre (5% para concentrados y 2,5% para metal).<\/p><\/blockquote>\n\n\n\n<h4 class=\"wp-block-heading\">Esta forma de c\u00e1lculo presenta la posibilidad de cobrar en base directamente a las ventas acorde al nivel de precios. La gran mayor\u00eda de los pa\u00edses, especialmente los grandes productores de cobre perciben una regal\u00eda \u201cad valorem\u201d cuya tasa fluct\u00faa entre 3 y 5%, asegur\u00f3 la mag\u00edster y profesora del departamento de Ingenier\u00eda en Minas, Ang\u00e9lica Mu\u00f1oz.<\/h4>\n\n\n\n<p>Seg\u00fan la mag\u00edster y acad\u00e9mica del Departamento de Ingenier\u00eda en Minas, Dimin-Usach, Ang\u00e9lica Mu\u00f1oz Lagos,&nbsp; la&nbsp; propuesta de proyecto de ley aprobada por la C\u00e1mara de Diputados, en la que se establece una compensaci\u00f3n por la explotaci\u00f3n de la miner\u00eda del cobre y litio, denominada \u201cRoyalty Minero\u201d, contempla un 3% del valor ad valorem de los minerales extra\u00eddos, exceptuando a aquellos productores que extraigan en el caso del cobre cantidades anuales no superiores a 12.000 toneladas m\u00e9tricas de cobre fino, y , en el caso del litio, cantidades anuales no superiores a 50.000 toneladas de carbonato met\u00e1lico.<\/p>\n\n\n\n<p>Ang\u00e9lica Mu\u00f1oz explic\u00f3 que este pago adicional, \u201cregal\u00eda\u201d, busca compensar al pa\u00eds por el uso de recursos no renovables que pertenecen a todos los chilenos. La propuesta contempla, adem\u00e1s, en lo que respecta a la compensaci\u00f3n adicional, una rebaja a las tasas marginales en cada tramo de precios de la libra de cobre que est\u00e1n por sobre los dos d\u00f3lares, para aquellos explotadores que acrediten un nivel de procesamiento de mineral de cobre bl\u00edster, \u00e1nodos de cobre y c\u00e1todos.<\/p>\n\n\n\n<p>Seg\u00fan la acad\u00e9mica del Departamento de Ingenier\u00eda en Minas, en Chile no existe una figura denominada legalmente \u201cRoyalty\u201d. Lo que se ha llamado \u201cRoyalty a la Miner\u00eda\u201d es denominado legalmente \u201cImpuesto espec\u00edfico a la actividad minera\u201d, explic\u00f3.<\/p>\n\n\n\n<p>Este impuesto fue establecido por la actual Ley N\u00b0 20.469, del 2010, que introduce el concepto de Renta Imponible Operacional Minera (RIOM), aplicable a explotadores mineros con ventas anuales que excedan al valor equivalente a 50.000 TMCF, y se les aplica una tasa correspondiente al Margen Operacional Minero (MOM).<\/p>\n\n\n\n<p>Tambi\u00e9n aclar\u00f3 que, en el caso de un royalty, esta forma de c\u00e1lculo presenta la posibilidad de cobrar sobre la base directamente de las ventas acorde al nivel de precios. La gran mayor\u00eda de los pa\u00edses, especialmente los grandes productores de cobre cobran una regal\u00eda ad valorem cuya tasa fluct\u00faa entre 3 y 5%. Sostuvo que existen algunas regiones, como Australia del oeste, que cobran una tasa ad valorem, pero variable seg\u00fan nivel de elaboraci\u00f3n del cobre (5% para concentrados y 2,5% para metal).<\/p>\n\n\n\n<p>La docente del Departamento de Ingenier\u00eda en Minas de nuestra Universidad agreg\u00f3 que lo cierto es que ning\u00fan pa\u00eds tiene un sistema aplicable en forma pura de una regal\u00eda ad valorem, sino que contemplan alguna deducci\u00f3n al valor de venta, como un reconocimiento al costo asociado al paso de un mineral enterrado a un metal comercializable y desde este punto de vista podr\u00eda ser razonable aplicar dicha tasa sobre alg\u00fan margen operacional; que es lo que ocurre hoy en Chile.<\/p>\n\n\n\n<p>\u201cSi bien la propuesta agrega un royalty adem\u00e1s del impuesto espec\u00edfico sobre el Margen Operacional Minero MOM, lo cierto es que este \u00faltimo es deducible en la base imponible para efectos del c\u00e1lculo de impuesto a la renta IR, as\u00ed como tambi\u00e9n son deducibles las depreciaciones de activos f\u00edsicos para c\u00e1lculo, tanto del Impuesto Espec\u00edfico IE, como para el IR- Especialmente en este \u00faltimo impuesto pueden rebajar aceleradamente la depreciaci\u00f3n de dichos bienes de capital, as\u00ed como tambi\u00e9n es deducible el costo financiero que afecta al financiamiento obtenido por las empresas, y las p\u00e9rdidas de arrastre de ejercicios anteriores\u201d, asegur\u00f3 Mu\u00f1oz.<\/p>\n\n\n\n<p>Una consideraci\u00f3n aparte merece el negocio de la exportaci\u00f3n de concentrados, en los que adem\u00e1s del principal cobre Cu, los subproductos contenidos en dichos concentrados (Molibdeno, oro, plata, otros) son un aporte directo como cr\u00e9dito a los costos C1.<\/p>\n\n\n\n<p>Su declaraci\u00f3n ante Aduana, encargada de fiscalizar el f\u00edsico exportable, depende de las calidades contenidas que establecen un m\u00ednimo exigible estipulado en los contratos de venta, estos \u00faltimos fiscalizados por Cochilco. \u201cSi el contenido no cumple no es declarado ante Aduana por no constituir un ingreso que genere utilidades afectas a tributaci\u00f3n. Una buena forma de contar con trazabilidad de la informaci\u00f3n ser\u00eda que estos subproductos fueran igualmente declarables, pudiendo mantener registro de la calidad de los concentrados exportados y a futuro lograr una mejora en la fiscalizaci\u00f3n\u201d, opin\u00f3.<\/p>\n\n\n\n<p>En relaci\u00f3n a la evaluaci\u00f3n sobre qu\u00e9 instrumento podr\u00eda lograr una recaudaci\u00f3n fiscal \u00f3ptima, la acad\u00e9mica Ang\u00e9lica Mu\u00f1oz explic\u00f3, que \u201cel prop\u00f3sito de un impuesto o Royalty es fundamentalmente asegurar los recursos para desarrollo de nuevas iniciativas que se traduzcan en aprendizaje y conocimiento que a futuro pueda generar el valor perdido por los recursos naturales que se agotan\u201d.<\/p>\n\n\n\n<p>En la pr\u00e1ctica la aplicaci\u00f3n de un IE sobre la Renta RIOM aporta lo mismo que la aplicaci\u00f3n de un Royalty sobre las ventas, sin embargo, la dificultad de una adecuada fiscalizaci\u00f3n a los costos de la industria, garant\u00edas como la invariabilidad tributaria y deducciones reflejadas como costos impactan en una menor recaudaci\u00f3n fiscal , por tanto, los dos sistemas presentan ventajas; en el caso del Impuesto Espec\u00edfico el c\u00e1lculo\u00a0 se centra en las\u00a0 condiciones de rentabilidad que presenten las\u00a0 empresas, en tanto el Royalty, permite evitar elusiones de impuestos a trav\u00e9s de costos ficticios.<\/p>\n\n\n\n<p>Autor:\u00a0Michael Gamboa<\/p>\n\n\n\n<p>Fotograf\u00eda:\u00a0Cedida<\/p>\n\n\n\n<p>Tags:\u00a0<a href=\"https:\/\/www.usach.cl\/tags\/mineria\">Miner\u00eda<\/a><a href=\"https:\/\/www.usach.cl\/tags\/royalty\">Royalty<\/a><\/p>\n\n\n\n<p><\/p>\n","protected":false},"excerpt":{"rendered":"<p>(publicado por: https:\/\/www.usach.cl\/) La gran mayor\u00eda de los pa\u00edses, especialmente los grandes productores de cobre cobran una regal\u00eda ad valorem cuya tasa fluct\u00faa entre 3 y 5%. Sostuvo que existen algunas regiones, como Australia del oeste, que cobran una tasa ad valorem, pero variable seg\u00fan nivel de elaboraci\u00f3n del cobre (5% para concentrados y 2,5% &hellip;<\/p>\n<p class=\"read-more\"> <a class=\"\" href=\"https:\/\/www.portatax.cl\/mineria\/2021\/06\/09\/academica-angelica-munoz-del-dimin-usach-estima-que-royalty-al-cobre-compensara-al-pais-por-el-uso-de-recursos-no-renovables\/\"> <span class=\"screen-reader-text\">Acad\u00e9mica Ang\u00e9lica Mu\u00f1oz del Dimin (Usach) estima que \u201cRoyalty\u201d al Cobre compensar\u00e1 al pa\u00eds por el uso de recursos no renovables<\/span> Leer m\u00e1s &raquo;<\/a><\/p>\n","protected":false},"author":2,"featured_media":3639,"comment_status":"closed","ping_status":"closed","sticky":false,"template":"","format":"standard","meta":{"om_disable_all_campaigns":false,"_monsterinsights_skip_tracking":false,"_monsterinsights_sitenote_active":false,"_monsterinsights_sitenote_note":"","_monsterinsights_sitenote_category":0,"_uf_show_specific_survey":0,"_uf_disable_surveys":false,"site-sidebar-layout":"default","site-content-layout":"default","ast-site-content-layout":"default","site-content-style":"default","site-sidebar-style":"default","ast-global-header-display":"","ast-banner-title-visibility":"","ast-main-header-display":"","ast-hfb-above-header-display":"","ast-hfb-below-header-display":"","ast-hfb-mobile-header-display":"","site-post-title":"","ast-breadcrumbs-content":"","ast-featured-img":"","footer-sml-layout":"","theme-transparent-header-meta":"default","adv-header-id-meta":"","stick-header-meta":"","header-above-stick-meta":"","header-main-stick-meta":"","header-below-stick-meta":"","astra-migrate-meta-layouts":"set","ast-page-background-enabled":"default","ast-page-background-meta":{"desktop":{"background-color":"","background-image":"","background-repeat":"repeat","background-position":"center center","background-size":"auto","background-attachment":"scroll","background-type":"","background-media":"","overlay-type":"","overlay-color":"","overlay-gradient":""},"tablet":{"background-color":"","background-image":"","background-repeat":"repeat","background-position":"center center","background-size":"auto","background-attachment":"scroll","background-type":"","background-media":"","overlay-type":"","overlay-color":"","overlay-gradient":""},"mobile":{"background-color":"","background-image":"","background-repeat":"repeat","background-position":"center center","background-size":"auto","background-attachment":"scroll","background-type":"","background-media":"","overlay-type":"","overlay-color":"","overlay-gradient":""}},"ast-content-background-meta":{"desktop":{"background-color":"var(--ast-global-color-5)","background-image":"","background-repeat":"repeat","background-position":"center center","background-size":"auto","background-attachment":"scroll","background-type":"","background-media":"","overlay-type":"","overlay-color":"","overlay-gradient":""},"tablet":{"background-color":"var(--ast-global-color-5)","background-image":"","background-repeat":"repeat","background-position":"center center","background-size":"auto","background-attachment":"scroll","background-type":"","background-media":"","overlay-type":"","overlay-color":"","overlay-gradient":""},"mobile":{"background-color":"var(--ast-global-color-5)","background-image":"","background-repeat":"repeat","background-position":"center center","background-size":"auto","background-attachment":"scroll","background-type":"","background-media":"","overlay-type":"","overlay-color":"","overlay-gradient":""}},"footnotes":""},"categories":[51],"tags":[],"class_list":["post-3606","post","type-post","status-publish","format-standard","has-post-thumbnail","hentry","category-royalty-minero"],"aioseo_notices":[],"yoast_head":"<!-- This site is optimized with the Yoast SEO plugin v21.5 - https:\/\/yoast.com\/wordpress\/plugins\/seo\/ -->\n<title>Acad\u00e9mica Ang\u00e9lica Mu\u00f1oz del Dimin (Usach) estima que \u201cRoyalty\u201d al Cobre compensar\u00e1 al pa\u00eds por el uso de recursos no renovables - Portatax<\/title>\n<meta name=\"robots\" content=\"index, follow, max-snippet:-1, max-image-preview:large, max-video-preview:-1\" \/>\n<link rel=\"canonical\" href=\"https:\/\/www.portatax.cl\/mineria\/2021\/06\/09\/academica-angelica-munoz-del-dimin-usach-estima-que-royalty-al-cobre-compensara-al-pais-por-el-uso-de-recursos-no-renovables\/\" \/>\n<meta property=\"og:locale\" content=\"es_ES\" \/>\n<meta property=\"og:type\" content=\"article\" \/>\n<meta property=\"og:title\" content=\"Acad\u00e9mica Ang\u00e9lica Mu\u00f1oz del Dimin (Usach) estima que \u201cRoyalty\u201d al Cobre compensar\u00e1 al pa\u00eds por el uso de recursos no renovables - Portatax\" \/>\n<meta property=\"og:description\" content=\"(publicado por: https:\/\/www.usach.cl\/) La gran mayor\u00eda de los pa\u00edses, especialmente los grandes productores de cobre cobran una regal\u00eda ad valorem cuya tasa fluct\u00faa entre 3 y 5%. Sostuvo que existen algunas regiones, como Australia del oeste, que cobran una tasa ad valorem, pero variable seg\u00fan nivel de elaboraci\u00f3n del cobre (5% para concentrados y 2,5% &hellip; Acad\u00e9mica Ang\u00e9lica Mu\u00f1oz del Dimin (Usach) estima que \u201cRoyalty\u201d al Cobre compensar\u00e1 al pa\u00eds por el uso de recursos no renovables Leer m\u00e1s &raquo;\" \/>\n<meta property=\"og:url\" content=\"https:\/\/www.portatax.cl\/mineria\/2021\/06\/09\/academica-angelica-munoz-del-dimin-usach-estima-que-royalty-al-cobre-compensara-al-pais-por-el-uso-de-recursos-no-renovables\/\" \/>\n<meta property=\"og:site_name\" content=\"Portatax\" \/>\n<meta property=\"article:published_time\" content=\"2021-06-09T15:13:18+00:00\" \/>\n<meta property=\"article:modified_time\" content=\"2023-12-05T19:06:33+00:00\" \/>\n<meta property=\"og:image\" content=\"https:\/\/www.portatax.cl\/mineria\/wp-content\/uploads\/2021\/06\/Promo-Facebook-Facebook-image-post-7-1.jpeg\" \/>\n\t<meta property=\"og:image:width\" content=\"1200\" \/>\n\t<meta property=\"og:image:height\" content=\"630\" \/>\n\t<meta property=\"og:image:type\" content=\"image\/jpeg\" \/>\n<meta name=\"author\" content=\"Marjorie\" \/>\n<meta name=\"twitter:card\" content=\"summary_large_image\" \/>\n<meta name=\"twitter:label1\" content=\"Escrito por\" \/>\n\t<meta name=\"twitter:data1\" content=\"Marjorie\" \/>\n\t<meta name=\"twitter:label2\" content=\"Tiempo de lectura\" \/>\n\t<meta name=\"twitter:data2\" content=\"5 minutos\" \/>\n<script type=\"application\/ld+json\" class=\"yoast-schema-graph\">{\"@context\":\"https:\/\/schema.org\",\"@graph\":[{\"@type\":\"Article\",\"@id\":\"https:\/\/www.portatax.cl\/mineria\/2021\/06\/09\/academica-angelica-munoz-del-dimin-usach-estima-que-royalty-al-cobre-compensara-al-pais-por-el-uso-de-recursos-no-renovables\/#article\",\"isPartOf\":{\"@id\":\"https:\/\/www.portatax.cl\/mineria\/2021\/06\/09\/academica-angelica-munoz-del-dimin-usach-estima-que-royalty-al-cobre-compensara-al-pais-por-el-uso-de-recursos-no-renovables\/\"},\"author\":{\"name\":\"Marjorie\",\"@id\":\"https:\/\/www.portatax.cl\/mineria\/#\/schema\/person\/16bad928390762f14c4b8023f0f356d2\"},\"headline\":\"Acad\u00e9mica Ang\u00e9lica Mu\u00f1oz del Dimin (Usach) estima que \u201cRoyalty\u201d al Cobre compensar\u00e1 al pa\u00eds por el uso de recursos no renovables\",\"datePublished\":\"2021-06-09T15:13:18+00:00\",\"dateModified\":\"2023-12-05T19:06:33+00:00\",\"mainEntityOfPage\":{\"@id\":\"https:\/\/www.portatax.cl\/mineria\/2021\/06\/09\/academica-angelica-munoz-del-dimin-usach-estima-que-royalty-al-cobre-compensara-al-pais-por-el-uso-de-recursos-no-renovables\/\"},\"wordCount\":1042,\"publisher\":{\"@id\":\"https:\/\/www.portatax.cl\/mineria\/#organization\"},\"articleSection\":[\"Royalty Minero\"],\"inLanguage\":\"es\"},{\"@type\":\"WebPage\",\"@id\":\"https:\/\/www.portatax.cl\/mineria\/2021\/06\/09\/academica-angelica-munoz-del-dimin-usach-estima-que-royalty-al-cobre-compensara-al-pais-por-el-uso-de-recursos-no-renovables\/\",\"url\":\"https:\/\/www.portatax.cl\/mineria\/2021\/06\/09\/academica-angelica-munoz-del-dimin-usach-estima-que-royalty-al-cobre-compensara-al-pais-por-el-uso-de-recursos-no-renovables\/\",\"name\":\"Acad\u00e9mica Ang\u00e9lica Mu\u00f1oz del Dimin (Usach) estima que \u201cRoyalty\u201d al Cobre compensar\u00e1 al pa\u00eds por el uso de recursos no renovables - Portatax\",\"isPartOf\":{\"@id\":\"https:\/\/www.portatax.cl\/mineria\/#website\"},\"datePublished\":\"2021-06-09T15:13:18+00:00\",\"dateModified\":\"2023-12-05T19:06:33+00:00\",\"breadcrumb\":{\"@id\":\"https:\/\/www.portatax.cl\/mineria\/2021\/06\/09\/academica-angelica-munoz-del-dimin-usach-estima-que-royalty-al-cobre-compensara-al-pais-por-el-uso-de-recursos-no-renovables\/#breadcrumb\"},\"inLanguage\":\"es\",\"potentialAction\":[{\"@type\":\"ReadAction\",\"target\":[\"https:\/\/www.portatax.cl\/mineria\/2021\/06\/09\/academica-angelica-munoz-del-dimin-usach-estima-que-royalty-al-cobre-compensara-al-pais-por-el-uso-de-recursos-no-renovables\/\"]}]},{\"@type\":\"BreadcrumbList\",\"@id\":\"https:\/\/www.portatax.cl\/mineria\/2021\/06\/09\/academica-angelica-munoz-del-dimin-usach-estima-que-royalty-al-cobre-compensara-al-pais-por-el-uso-de-recursos-no-renovables\/#breadcrumb\",\"itemListElement\":[{\"@type\":\"ListItem\",\"position\":1,\"name\":\"Portada\",\"item\":\"https:\/\/www.portatax.cl\/mineria\/\"},{\"@type\":\"ListItem\",\"position\":2,\"name\":\"Acad\u00e9mica Ang\u00e9lica Mu\u00f1oz del Dimin (Usach) estima que \u201cRoyalty\u201d al Cobre compensar\u00e1 al pa\u00eds por el uso de recursos no renovables\"}]},{\"@type\":\"WebSite\",\"@id\":\"https:\/\/www.portatax.cl\/mineria\/#website\",\"url\":\"https:\/\/www.portatax.cl\/mineria\/\",\"name\":\"Portatax\",\"description\":\"Servicios Tributarios\",\"publisher\":{\"@id\":\"https:\/\/www.portatax.cl\/mineria\/#organization\"},\"potentialAction\":[{\"@type\":\"SearchAction\",\"target\":{\"@type\":\"EntryPoint\",\"urlTemplate\":\"https:\/\/www.portatax.cl\/mineria\/?s={search_term_string}\"},\"query-input\":\"required name=search_term_string\"}],\"inLanguage\":\"es\"},{\"@type\":\"Organization\",\"@id\":\"https:\/\/www.portatax.cl\/mineria\/#organization\",\"name\":\"Portatax\",\"url\":\"https:\/\/www.portatax.cl\/mineria\/\",\"logo\":{\"@type\":\"ImageObject\",\"inLanguage\":\"es\",\"@id\":\"https:\/\/www.portatax.cl\/mineria\/#\/schema\/logo\/image\/\",\"url\":\"https:\/\/www.portatax.cl\/mineria\/wp-content\/uploads\/2021\/03\/Logo-Porta-Tax-2.png\",\"contentUrl\":\"https:\/\/www.portatax.cl\/mineria\/wp-content\/uploads\/2021\/03\/Logo-Porta-Tax-2.png\",\"width\":250,\"height\":83,\"caption\":\"Portatax\"},\"image\":{\"@id\":\"https:\/\/www.portatax.cl\/mineria\/#\/schema\/logo\/image\/\"}},{\"@type\":\"Person\",\"@id\":\"https:\/\/www.portatax.cl\/mineria\/#\/schema\/person\/16bad928390762f14c4b8023f0f356d2\",\"name\":\"Marjorie\",\"image\":{\"@type\":\"ImageObject\",\"inLanguage\":\"es\",\"@id\":\"https:\/\/www.portatax.cl\/mineria\/#\/schema\/person\/image\/\",\"url\":\"https:\/\/secure.gravatar.com\/avatar\/075ec98493ed93d68bb3fc65934af517464edbda82d3de640a0d868437b444ba?s=96&d=mm&r=g\",\"contentUrl\":\"https:\/\/secure.gravatar.com\/avatar\/075ec98493ed93d68bb3fc65934af517464edbda82d3de640a0d868437b444ba?s=96&d=mm&r=g\",\"caption\":\"Marjorie\"},\"url\":\"https:\/\/www.portatax.cl\/mineria\/author\/marjorie\/\"}]}<\/script>\n<!-- \/ Yoast SEO plugin. -->","yoast_head_json":{"title":"Acad\u00e9mica Ang\u00e9lica Mu\u00f1oz del Dimin (Usach) estima que \u201cRoyalty\u201d al Cobre compensar\u00e1 al pa\u00eds por el uso de recursos no renovables - Portatax","robots":{"index":"index","follow":"follow","max-snippet":"max-snippet:-1","max-image-preview":"max-image-preview:large","max-video-preview":"max-video-preview:-1"},"canonical":"https:\/\/www.portatax.cl\/mineria\/2021\/06\/09\/academica-angelica-munoz-del-dimin-usach-estima-que-royalty-al-cobre-compensara-al-pais-por-el-uso-de-recursos-no-renovables\/","og_locale":"es_ES","og_type":"article","og_title":"Acad\u00e9mica Ang\u00e9lica Mu\u00f1oz del Dimin (Usach) estima que \u201cRoyalty\u201d al Cobre compensar\u00e1 al pa\u00eds por el uso de recursos no renovables - Portatax","og_description":"(publicado por: https:\/\/www.usach.cl\/) La gran mayor\u00eda de los pa\u00edses, especialmente los grandes productores de cobre cobran una regal\u00eda ad valorem cuya tasa fluct\u00faa entre 3 y 5%. Sostuvo que existen algunas regiones, como Australia del oeste, que cobran una tasa ad valorem, pero variable seg\u00fan nivel de elaboraci\u00f3n del cobre (5% para concentrados y 2,5% &hellip; Acad\u00e9mica Ang\u00e9lica Mu\u00f1oz del Dimin (Usach) estima que \u201cRoyalty\u201d al Cobre compensar\u00e1 al pa\u00eds por el uso de recursos no renovables Leer m\u00e1s &raquo;","og_url":"https:\/\/www.portatax.cl\/mineria\/2021\/06\/09\/academica-angelica-munoz-del-dimin-usach-estima-que-royalty-al-cobre-compensara-al-pais-por-el-uso-de-recursos-no-renovables\/","og_site_name":"Portatax","article_published_time":"2021-06-09T15:13:18+00:00","article_modified_time":"2023-12-05T19:06:33+00:00","og_image":[{"width":1200,"height":630,"url":"https:\/\/www.portatax.cl\/mineria\/wp-content\/uploads\/2021\/06\/Promo-Facebook-Facebook-image-post-7-1.jpeg","type":"image\/jpeg"}],"author":"Marjorie","twitter_card":"summary_large_image","twitter_misc":{"Escrito por":"Marjorie","Tiempo de lectura":"5 minutos"},"schema":{"@context":"https:\/\/schema.org","@graph":[{"@type":"Article","@id":"https:\/\/www.portatax.cl\/mineria\/2021\/06\/09\/academica-angelica-munoz-del-dimin-usach-estima-que-royalty-al-cobre-compensara-al-pais-por-el-uso-de-recursos-no-renovables\/#article","isPartOf":{"@id":"https:\/\/www.portatax.cl\/mineria\/2021\/06\/09\/academica-angelica-munoz-del-dimin-usach-estima-que-royalty-al-cobre-compensara-al-pais-por-el-uso-de-recursos-no-renovables\/"},"author":{"name":"Marjorie","@id":"https:\/\/www.portatax.cl\/mineria\/#\/schema\/person\/16bad928390762f14c4b8023f0f356d2"},"headline":"Acad\u00e9mica Ang\u00e9lica Mu\u00f1oz del Dimin (Usach) estima que \u201cRoyalty\u201d al Cobre compensar\u00e1 al pa\u00eds por el uso de recursos no renovables","datePublished":"2021-06-09T15:13:18+00:00","dateModified":"2023-12-05T19:06:33+00:00","mainEntityOfPage":{"@id":"https:\/\/www.portatax.cl\/mineria\/2021\/06\/09\/academica-angelica-munoz-del-dimin-usach-estima-que-royalty-al-cobre-compensara-al-pais-por-el-uso-de-recursos-no-renovables\/"},"wordCount":1042,"publisher":{"@id":"https:\/\/www.portatax.cl\/mineria\/#organization"},"articleSection":["Royalty Minero"],"inLanguage":"es"},{"@type":"WebPage","@id":"https:\/\/www.portatax.cl\/mineria\/2021\/06\/09\/academica-angelica-munoz-del-dimin-usach-estima-que-royalty-al-cobre-compensara-al-pais-por-el-uso-de-recursos-no-renovables\/","url":"https:\/\/www.portatax.cl\/mineria\/2021\/06\/09\/academica-angelica-munoz-del-dimin-usach-estima-que-royalty-al-cobre-compensara-al-pais-por-el-uso-de-recursos-no-renovables\/","name":"Acad\u00e9mica Ang\u00e9lica Mu\u00f1oz del Dimin (Usach) estima que \u201cRoyalty\u201d al Cobre compensar\u00e1 al pa\u00eds por el uso de recursos no renovables - Portatax","isPartOf":{"@id":"https:\/\/www.portatax.cl\/mineria\/#website"},"datePublished":"2021-06-09T15:13:18+00:00","dateModified":"2023-12-05T19:06:33+00:00","breadcrumb":{"@id":"https:\/\/www.portatax.cl\/mineria\/2021\/06\/09\/academica-angelica-munoz-del-dimin-usach-estima-que-royalty-al-cobre-compensara-al-pais-por-el-uso-de-recursos-no-renovables\/#breadcrumb"},"inLanguage":"es","potentialAction":[{"@type":"ReadAction","target":["https:\/\/www.portatax.cl\/mineria\/2021\/06\/09\/academica-angelica-munoz-del-dimin-usach-estima-que-royalty-al-cobre-compensara-al-pais-por-el-uso-de-recursos-no-renovables\/"]}]},{"@type":"BreadcrumbList","@id":"https:\/\/www.portatax.cl\/mineria\/2021\/06\/09\/academica-angelica-munoz-del-dimin-usach-estima-que-royalty-al-cobre-compensara-al-pais-por-el-uso-de-recursos-no-renovables\/#breadcrumb","itemListElement":[{"@type":"ListItem","position":1,"name":"Portada","item":"https:\/\/www.portatax.cl\/mineria\/"},{"@type":"ListItem","position":2,"name":"Acad\u00e9mica Ang\u00e9lica Mu\u00f1oz del Dimin (Usach) estima que \u201cRoyalty\u201d al Cobre compensar\u00e1 al pa\u00eds por el uso de recursos no renovables"}]},{"@type":"WebSite","@id":"https:\/\/www.portatax.cl\/mineria\/#website","url":"https:\/\/www.portatax.cl\/mineria\/","name":"Portatax","description":"Servicios Tributarios","publisher":{"@id":"https:\/\/www.portatax.cl\/mineria\/#organization"},"potentialAction":[{"@type":"SearchAction","target":{"@type":"EntryPoint","urlTemplate":"https:\/\/www.portatax.cl\/mineria\/?s={search_term_string}"},"query-input":"required name=search_term_string"}],"inLanguage":"es"},{"@type":"Organization","@id":"https:\/\/www.portatax.cl\/mineria\/#organization","name":"Portatax","url":"https:\/\/www.portatax.cl\/mineria\/","logo":{"@type":"ImageObject","inLanguage":"es","@id":"https:\/\/www.portatax.cl\/mineria\/#\/schema\/logo\/image\/","url":"https:\/\/www.portatax.cl\/mineria\/wp-content\/uploads\/2021\/03\/Logo-Porta-Tax-2.png","contentUrl":"https:\/\/www.portatax.cl\/mineria\/wp-content\/uploads\/2021\/03\/Logo-Porta-Tax-2.png","width":250,"height":83,"caption":"Portatax"},"image":{"@id":"https:\/\/www.portatax.cl\/mineria\/#\/schema\/logo\/image\/"}},{"@type":"Person","@id":"https:\/\/www.portatax.cl\/mineria\/#\/schema\/person\/16bad928390762f14c4b8023f0f356d2","name":"Marjorie","image":{"@type":"ImageObject","inLanguage":"es","@id":"https:\/\/www.portatax.cl\/mineria\/#\/schema\/person\/image\/","url":"https:\/\/secure.gravatar.com\/avatar\/075ec98493ed93d68bb3fc65934af517464edbda82d3de640a0d868437b444ba?s=96&d=mm&r=g","contentUrl":"https:\/\/secure.gravatar.com\/avatar\/075ec98493ed93d68bb3fc65934af517464edbda82d3de640a0d868437b444ba?s=96&d=mm&r=g","caption":"Marjorie"},"url":"https:\/\/www.portatax.cl\/mineria\/author\/marjorie\/"}]}},"_links":{"self":[{"href":"https:\/\/www.portatax.cl\/mineria\/wp-json\/wp\/v2\/posts\/3606","targetHints":{"allow":["GET"]}}],"collection":[{"href":"https:\/\/www.portatax.cl\/mineria\/wp-json\/wp\/v2\/posts"}],"about":[{"href":"https:\/\/www.portatax.cl\/mineria\/wp-json\/wp\/v2\/types\/post"}],"author":[{"embeddable":true,"href":"https:\/\/www.portatax.cl\/mineria\/wp-json\/wp\/v2\/users\/2"}],"replies":[{"embeddable":true,"href":"https:\/\/www.portatax.cl\/mineria\/wp-json\/wp\/v2\/comments?post=3606"}],"version-history":[{"count":3,"href":"https:\/\/www.portatax.cl\/mineria\/wp-json\/wp\/v2\/posts\/3606\/revisions"}],"predecessor-version":[{"id":4805,"href":"https:\/\/www.portatax.cl\/mineria\/wp-json\/wp\/v2\/posts\/3606\/revisions\/4805"}],"wp:featuredmedia":[{"embeddable":true,"href":"https:\/\/www.portatax.cl\/mineria\/wp-json\/wp\/v2\/media\/3639"}],"wp:attachment":[{"href":"https:\/\/www.portatax.cl\/mineria\/wp-json\/wp\/v2\/media?parent=3606"}],"wp:term":[{"taxonomy":"category","embeddable":true,"href":"https:\/\/www.portatax.cl\/mineria\/wp-json\/wp\/v2\/categories?post=3606"},{"taxonomy":"post_tag","embeddable":true,"href":"https:\/\/www.portatax.cl\/mineria\/wp-json\/wp\/v2\/tags?post=3606"}],"curies":[{"name":"wp","href":"https:\/\/api.w.org\/{rel}","templated":true}]}}