{"id":3613,"date":"2021-06-09T11:22:01","date_gmt":"2021-06-09T15:22:01","guid":{"rendered":"https:\/\/www.portatax.cl\/mineria\/?p=3613"},"modified":"2023-12-05T15:06:21","modified_gmt":"2023-12-05T19:06:21","slug":"consejo-minero-expone-observaciones-a-proyecto-de-royalty-ante-comision-de-mineria-y-energia-de-la-camara-de-diputados","status":"publish","type":"post","link":"https:\/\/www.portatax.cl\/mineria\/2021\/06\/09\/consejo-minero-expone-observaciones-a-proyecto-de-royalty-ante-comision-de-mineria-y-energia-de-la-camara-de-diputados\/","title":{"rendered":"\u201cConsejo Minero expone observaciones a Proyecto de Royalty ante Comisi\u00f3n de Miner\u00eda y Energ\u00eda de la C\u00e1mara de Diputados\u201d"},"content":{"rendered":"\n<p>(publicado por: <a href=\"https:\/\/consejominero.cl\/\">https:\/\/consejominero.cl\/<\/a>)<\/p>\n\n\n\n<p>El Gerente General del Consejo Minero, Carlos Urenda, fue recibido en audiencia por la Comisi\u00f3n de Miner\u00eda y Energ\u00eda de la C\u00e1mara de Diputados para analizar el Proyecto de Ley que establece en favor del Estado una compensaci\u00f3n denominada Royalty minero por la explotaci\u00f3n de la miner\u00eda del cobre y del litio.<br>La iniciativa plantea que quienes exploten dichos recursos, tanto en la miner\u00eda met\u00e1lica como no met\u00e1lica, deber\u00e1n pagar un gravamen de un 3% equivalente al valor nominal de los minerales extra\u00eddos. <br><\/p>\n\n\n\n<p><\/p>\n\n\n\n<p>Uno de los principales fundamentos considerados en la moci\u00f3n recae en que \u201cNo existe en Chile un Royalty a la miner\u00eda propiamente tal, desde el punto de vista de la teor\u00eda econ\u00f3mica, sino que s\u00f3lo un impuesto espec\u00edfico a la miner\u00eda.\u201d<\/p>\n\n\n\n<p>Este argumento no fue compartido por Carlos Urenda, quien sostuvo que el impuesto espec\u00edfico a la actividad minera (IEAM) -correspondiente a la carga impositiva en vigor- \u201cya tiene toda la naturaleza y fundamento de un royalty\u201d.<\/p>\n\n\n\n<p>Seg\u00fan el Gerente General del CM, el IEAM ya comparte la esencia de un royalty, el cual se basa \u201ces una exigencia del Estado para compensar el menoscabo patrimonial por la explotaci\u00f3n de recursos no renovables, exigido a quien se beneficia directamente de esta actividad y siendo esta posibilidad de beneficiarse la contraprestaci\u00f3n directa que recibe el individuo\u201d.<\/p>\n\n\n\n<p><strong>Revisa la presentaci\u00f3n completa del Gerente General del CM en el siguiente video:<\/strong><\/p>\n\n\n\n<figure class=\"wp-block-embed is-type-video is-provider-youtube wp-block-embed-youtube wp-embed-aspect-16-9 wp-has-aspect-ratio\"><div class=\"wp-block-embed__wrapper\">\n<div class=\"ast-oembed-container\" style=\"height: 100%;\"><iframe loading=\"lazy\" title=\"Comisi\u00f3n de Miner\u00eda \/  20 03 2019\" width=\"500\" height=\"281\" src=\"https:\/\/www.youtube.com\/embed\/jzAVioR2DVM?feature=oembed\" frameborder=\"0\" allow=\"accelerometer; autoplay; clipboard-write; encrypted-media; gyroscope; picture-in-picture; web-share\" referrerpolicy=\"strict-origin-when-cross-origin\" allowfullscreen><\/iframe><\/div>\n<\/div><\/figure>\n","protected":false},"excerpt":{"rendered":"<p>(publicado por: https:\/\/consejominero.cl\/) El Gerente General del Consejo Minero, Carlos Urenda, fue recibido en audiencia por la Comisi\u00f3n de Miner\u00eda y Energ\u00eda de la C\u00e1mara de Diputados para analizar el Proyecto de Ley que establece en favor del Estado una compensaci\u00f3n denominada Royalty minero por la explotaci\u00f3n de la miner\u00eda del cobre y del litio.La &hellip;<\/p>\n<p class=\"read-more\"> <a class=\"\" href=\"https:\/\/www.portatax.cl\/mineria\/2021\/06\/09\/consejo-minero-expone-observaciones-a-proyecto-de-royalty-ante-comision-de-mineria-y-energia-de-la-camara-de-diputados\/\"> <span class=\"screen-reader-text\">\u201cConsejo Minero expone observaciones a Proyecto de Royalty ante Comisi\u00f3n de Miner\u00eda y Energ\u00eda de la C\u00e1mara de Diputados\u201d<\/span> Leer m\u00e1s &raquo;<\/a><\/p>\n","protected":false},"author":2,"featured_media":3614,"comment_status":"closed","ping_status":"closed","sticky":false,"template":"","format":"standard","meta":{"om_disable_all_campaigns":false,"_monsterinsights_skip_tracking":false,"_monsterinsights_sitenote_active":false,"_monsterinsights_sitenote_note":"","_monsterinsights_sitenote_category":0,"_uf_show_specific_survey":0,"_uf_disable_surveys":false,"site-sidebar-layout":"default","site-content-layout":"default","ast-site-content-layout":"default","site-content-style":"default","site-sidebar-style":"default","ast-global-header-display":"","ast-banner-title-visibility":"","ast-main-header-display":"","ast-hfb-above-header-display":"","ast-hfb-below-header-display":"","ast-hfb-mobile-header-display":"","site-post-title":"","ast-breadcrumbs-content":"","ast-featured-img":"","footer-sml-layout":"","theme-transparent-header-meta":"default","adv-header-id-meta":"","stick-header-meta":"","header-above-stick-meta":"","header-main-stick-meta":"","header-below-stick-meta":"","astra-migrate-meta-layouts":"set","ast-page-background-enabled":"default","ast-page-background-meta":{"desktop":{"background-color":"","background-image":"","background-repeat":"repeat","background-position":"center center","background-size":"auto","background-attachment":"scroll","background-type":"","background-media":"","overlay-type":"","overlay-color":"","overlay-gradient":""},"tablet":{"background-color":"","background-image":"","background-repeat":"repeat","background-position":"center center","background-size":"auto","background-attachment":"scroll","background-type":"","background-media":"","overlay-type":"","overlay-color":"","overlay-gradient":""},"mobile":{"background-color":"","background-image":"","background-repeat":"repeat","background-position":"center center","background-size":"auto","background-attachment":"scroll","background-type":"","background-media":"","overlay-type":"","overlay-color":"","overlay-gradient":""}},"ast-content-background-meta":{"desktop":{"background-color":"var(--ast-global-color-5)","background-image":"","background-repeat":"repeat","background-position":"center center","background-size":"auto","background-attachment":"scroll","background-type":"","background-media":"","overlay-type":"","overlay-color":"","overlay-gradient":""},"tablet":{"background-color":"var(--ast-global-color-5)","background-image":"","background-repeat":"repeat","background-position":"center center","background-size":"auto","background-attachment":"scroll","background-type":"","background-media":"","overlay-type":"","overlay-color":"","overlay-gradient":""},"mobile":{"background-color":"var(--ast-global-color-5)","background-image":"","background-repeat":"repeat","background-position":"center center","background-size":"auto","background-attachment":"scroll","background-type":"","background-media":"","overlay-type":"","overlay-color":"","overlay-gradient":""}},"footnotes":""},"categories":[51],"tags":[],"class_list":["post-3613","post","type-post","status-publish","format-standard","has-post-thumbnail","hentry","category-royalty-minero"],"aioseo_notices":[],"yoast_head":"<!-- This site is optimized with the Yoast SEO plugin v21.5 - https:\/\/yoast.com\/wordpress\/plugins\/seo\/ -->\n<title>\u201cConsejo Minero expone observaciones a Proyecto de Royalty ante Comisi\u00f3n de Miner\u00eda y Energ\u00eda de la C\u00e1mara de Diputados\u201d - Portatax<\/title>\n<meta name=\"robots\" content=\"index, follow, max-snippet:-1, max-image-preview:large, max-video-preview:-1\" \/>\n<link rel=\"canonical\" href=\"https:\/\/www.portatax.cl\/mineria\/2021\/06\/09\/consejo-minero-expone-observaciones-a-proyecto-de-royalty-ante-comision-de-mineria-y-energia-de-la-camara-de-diputados\/\" \/>\n<meta property=\"og:locale\" content=\"es_ES\" \/>\n<meta property=\"og:type\" content=\"article\" \/>\n<meta property=\"og:title\" content=\"\u201cConsejo Minero expone observaciones a Proyecto de Royalty ante Comisi\u00f3n de Miner\u00eda y Energ\u00eda de la C\u00e1mara de Diputados\u201d - Portatax\" \/>\n<meta property=\"og:description\" content=\"(publicado por: https:\/\/consejominero.cl\/) El Gerente General del Consejo Minero, Carlos Urenda, fue recibido en audiencia por la Comisi\u00f3n de Miner\u00eda y Energ\u00eda de la C\u00e1mara de Diputados para analizar el Proyecto de Ley que establece en favor del Estado una compensaci\u00f3n denominada Royalty minero por la explotaci\u00f3n de la miner\u00eda del cobre y del litio.La &hellip; \u201cConsejo Minero expone observaciones a Proyecto de Royalty ante Comisi\u00f3n de Miner\u00eda y Energ\u00eda de la C\u00e1mara de Diputados\u201d Leer m\u00e1s &raquo;\" \/>\n<meta property=\"og:url\" content=\"https:\/\/www.portatax.cl\/mineria\/2021\/06\/09\/consejo-minero-expone-observaciones-a-proyecto-de-royalty-ante-comision-de-mineria-y-energia-de-la-camara-de-diputados\/\" \/>\n<meta property=\"og:site_name\" content=\"Portatax\" \/>\n<meta property=\"article:published_time\" content=\"2021-06-09T15:22:01+00:00\" \/>\n<meta property=\"article:modified_time\" content=\"2023-12-05T19:06:21+00:00\" \/>\n<meta property=\"og:image\" content=\"https:\/\/www.portatax.cl\/mineria\/wp-content\/uploads\/2021\/06\/Consejo-Minero-expone-observaciones-a-Proyecto-de-Royalty-ante-Comision-de-Mineria-y-Energia-de-la-Camara-de-Diputados.jpeg\" \/>\n\t<meta property=\"og:image:width\" content=\"1200\" \/>\n\t<meta property=\"og:image:height\" content=\"630\" \/>\n\t<meta property=\"og:image:type\" content=\"image\/jpeg\" \/>\n<meta name=\"author\" content=\"Marjorie\" \/>\n<meta name=\"twitter:card\" content=\"summary_large_image\" \/>\n<meta name=\"twitter:label1\" content=\"Escrito por\" \/>\n\t<meta name=\"twitter:data1\" content=\"Marjorie\" \/>\n\t<meta name=\"twitter:label2\" content=\"Tiempo de lectura\" \/>\n\t<meta name=\"twitter:data2\" content=\"2 minutos\" \/>\n<script type=\"application\/ld+json\" class=\"yoast-schema-graph\">{\"@context\":\"https:\/\/schema.org\",\"@graph\":[{\"@type\":\"Article\",\"@id\":\"https:\/\/www.portatax.cl\/mineria\/2021\/06\/09\/consejo-minero-expone-observaciones-a-proyecto-de-royalty-ante-comision-de-mineria-y-energia-de-la-camara-de-diputados\/#article\",\"isPartOf\":{\"@id\":\"https:\/\/www.portatax.cl\/mineria\/2021\/06\/09\/consejo-minero-expone-observaciones-a-proyecto-de-royalty-ante-comision-de-mineria-y-energia-de-la-camara-de-diputados\/\"},\"author\":{\"name\":\"Marjorie\",\"@id\":\"https:\/\/www.portatax.cl\/mineria\/#\/schema\/person\/16bad928390762f14c4b8023f0f356d2\"},\"headline\":\"\u201cConsejo Minero expone observaciones a Proyecto de Royalty ante Comisi\u00f3n de Miner\u00eda y Energ\u00eda de la C\u00e1mara de Diputados\u201d\",\"datePublished\":\"2021-06-09T15:22:01+00:00\",\"dateModified\":\"2023-12-05T19:06:21+00:00\",\"mainEntityOfPage\":{\"@id\":\"https:\/\/www.portatax.cl\/mineria\/2021\/06\/09\/consejo-minero-expone-observaciones-a-proyecto-de-royalty-ante-comision-de-mineria-y-energia-de-la-camara-de-diputados\/\"},\"wordCount\":290,\"publisher\":{\"@id\":\"https:\/\/www.portatax.cl\/mineria\/#organization\"},\"articleSection\":[\"Royalty Minero\"],\"inLanguage\":\"es\"},{\"@type\":\"WebPage\",\"@id\":\"https:\/\/www.portatax.cl\/mineria\/2021\/06\/09\/consejo-minero-expone-observaciones-a-proyecto-de-royalty-ante-comision-de-mineria-y-energia-de-la-camara-de-diputados\/\",\"url\":\"https:\/\/www.portatax.cl\/mineria\/2021\/06\/09\/consejo-minero-expone-observaciones-a-proyecto-de-royalty-ante-comision-de-mineria-y-energia-de-la-camara-de-diputados\/\",\"name\":\"\u201cConsejo Minero expone observaciones a Proyecto de Royalty ante Comisi\u00f3n de Miner\u00eda y Energ\u00eda de la C\u00e1mara de Diputados\u201d - Portatax\",\"isPartOf\":{\"@id\":\"https:\/\/www.portatax.cl\/mineria\/#website\"},\"datePublished\":\"2021-06-09T15:22:01+00:00\",\"dateModified\":\"2023-12-05T19:06:21+00:00\",\"breadcrumb\":{\"@id\":\"https:\/\/www.portatax.cl\/mineria\/2021\/06\/09\/consejo-minero-expone-observaciones-a-proyecto-de-royalty-ante-comision-de-mineria-y-energia-de-la-camara-de-diputados\/#breadcrumb\"},\"inLanguage\":\"es\",\"potentialAction\":[{\"@type\":\"ReadAction\",\"target\":[\"https:\/\/www.portatax.cl\/mineria\/2021\/06\/09\/consejo-minero-expone-observaciones-a-proyecto-de-royalty-ante-comision-de-mineria-y-energia-de-la-camara-de-diputados\/\"]}]},{\"@type\":\"BreadcrumbList\",\"@id\":\"https:\/\/www.portatax.cl\/mineria\/2021\/06\/09\/consejo-minero-expone-observaciones-a-proyecto-de-royalty-ante-comision-de-mineria-y-energia-de-la-camara-de-diputados\/#breadcrumb\",\"itemListElement\":[{\"@type\":\"ListItem\",\"position\":1,\"name\":\"Portada\",\"item\":\"https:\/\/www.portatax.cl\/mineria\/\"},{\"@type\":\"ListItem\",\"position\":2,\"name\":\"\u201cConsejo Minero expone observaciones a Proyecto de Royalty ante Comisi\u00f3n de Miner\u00eda y Energ\u00eda de la C\u00e1mara de Diputados\u201d\"}]},{\"@type\":\"WebSite\",\"@id\":\"https:\/\/www.portatax.cl\/mineria\/#website\",\"url\":\"https:\/\/www.portatax.cl\/mineria\/\",\"name\":\"Portatax\",\"description\":\"Servicios Tributarios\",\"publisher\":{\"@id\":\"https:\/\/www.portatax.cl\/mineria\/#organization\"},\"potentialAction\":[{\"@type\":\"SearchAction\",\"target\":{\"@type\":\"EntryPoint\",\"urlTemplate\":\"https:\/\/www.portatax.cl\/mineria\/?s={search_term_string}\"},\"query-input\":\"required name=search_term_string\"}],\"inLanguage\":\"es\"},{\"@type\":\"Organization\",\"@id\":\"https:\/\/www.portatax.cl\/mineria\/#organization\",\"name\":\"Portatax\",\"url\":\"https:\/\/www.portatax.cl\/mineria\/\",\"logo\":{\"@type\":\"ImageObject\",\"inLanguage\":\"es\",\"@id\":\"https:\/\/www.portatax.cl\/mineria\/#\/schema\/logo\/image\/\",\"url\":\"https:\/\/www.portatax.cl\/mineria\/wp-content\/uploads\/2021\/03\/Logo-Porta-Tax-2.png\",\"contentUrl\":\"https:\/\/www.portatax.cl\/mineria\/wp-content\/uploads\/2021\/03\/Logo-Porta-Tax-2.png\",\"width\":250,\"height\":83,\"caption\":\"Portatax\"},\"image\":{\"@id\":\"https:\/\/www.portatax.cl\/mineria\/#\/schema\/logo\/image\/\"}},{\"@type\":\"Person\",\"@id\":\"https:\/\/www.portatax.cl\/mineria\/#\/schema\/person\/16bad928390762f14c4b8023f0f356d2\",\"name\":\"Marjorie\",\"image\":{\"@type\":\"ImageObject\",\"inLanguage\":\"es\",\"@id\":\"https:\/\/www.portatax.cl\/mineria\/#\/schema\/person\/image\/\",\"url\":\"https:\/\/secure.gravatar.com\/avatar\/075ec98493ed93d68bb3fc65934af517464edbda82d3de640a0d868437b444ba?s=96&d=mm&r=g\",\"contentUrl\":\"https:\/\/secure.gravatar.com\/avatar\/075ec98493ed93d68bb3fc65934af517464edbda82d3de640a0d868437b444ba?s=96&d=mm&r=g\",\"caption\":\"Marjorie\"},\"url\":\"https:\/\/www.portatax.cl\/mineria\/author\/marjorie\/\"}]}<\/script>\n<!-- \/ Yoast SEO plugin. -->","yoast_head_json":{"title":"\u201cConsejo Minero expone observaciones a Proyecto de Royalty ante Comisi\u00f3n de Miner\u00eda y Energ\u00eda de la C\u00e1mara de Diputados\u201d - Portatax","robots":{"index":"index","follow":"follow","max-snippet":"max-snippet:-1","max-image-preview":"max-image-preview:large","max-video-preview":"max-video-preview:-1"},"canonical":"https:\/\/www.portatax.cl\/mineria\/2021\/06\/09\/consejo-minero-expone-observaciones-a-proyecto-de-royalty-ante-comision-de-mineria-y-energia-de-la-camara-de-diputados\/","og_locale":"es_ES","og_type":"article","og_title":"\u201cConsejo Minero expone observaciones a Proyecto de Royalty ante Comisi\u00f3n de Miner\u00eda y Energ\u00eda de la C\u00e1mara de Diputados\u201d - Portatax","og_description":"(publicado por: https:\/\/consejominero.cl\/) El Gerente General del Consejo Minero, Carlos Urenda, fue recibido en audiencia por la Comisi\u00f3n de Miner\u00eda y Energ\u00eda de la C\u00e1mara de Diputados para analizar el Proyecto de Ley que establece en favor del Estado una compensaci\u00f3n denominada Royalty minero por la explotaci\u00f3n de la miner\u00eda del cobre y del litio.La &hellip; \u201cConsejo Minero expone observaciones a Proyecto de Royalty ante Comisi\u00f3n de Miner\u00eda y Energ\u00eda de la C\u00e1mara de Diputados\u201d Leer m\u00e1s &raquo;","og_url":"https:\/\/www.portatax.cl\/mineria\/2021\/06\/09\/consejo-minero-expone-observaciones-a-proyecto-de-royalty-ante-comision-de-mineria-y-energia-de-la-camara-de-diputados\/","og_site_name":"Portatax","article_published_time":"2021-06-09T15:22:01+00:00","article_modified_time":"2023-12-05T19:06:21+00:00","og_image":[{"width":1200,"height":630,"url":"https:\/\/www.portatax.cl\/mineria\/wp-content\/uploads\/2021\/06\/Consejo-Minero-expone-observaciones-a-Proyecto-de-Royalty-ante-Comision-de-Mineria-y-Energia-de-la-Camara-de-Diputados.jpeg","type":"image\/jpeg"}],"author":"Marjorie","twitter_card":"summary_large_image","twitter_misc":{"Escrito por":"Marjorie","Tiempo de lectura":"2 minutos"},"schema":{"@context":"https:\/\/schema.org","@graph":[{"@type":"Article","@id":"https:\/\/www.portatax.cl\/mineria\/2021\/06\/09\/consejo-minero-expone-observaciones-a-proyecto-de-royalty-ante-comision-de-mineria-y-energia-de-la-camara-de-diputados\/#article","isPartOf":{"@id":"https:\/\/www.portatax.cl\/mineria\/2021\/06\/09\/consejo-minero-expone-observaciones-a-proyecto-de-royalty-ante-comision-de-mineria-y-energia-de-la-camara-de-diputados\/"},"author":{"name":"Marjorie","@id":"https:\/\/www.portatax.cl\/mineria\/#\/schema\/person\/16bad928390762f14c4b8023f0f356d2"},"headline":"\u201cConsejo Minero expone observaciones a Proyecto de Royalty ante Comisi\u00f3n de Miner\u00eda y Energ\u00eda de la C\u00e1mara de Diputados\u201d","datePublished":"2021-06-09T15:22:01+00:00","dateModified":"2023-12-05T19:06:21+00:00","mainEntityOfPage":{"@id":"https:\/\/www.portatax.cl\/mineria\/2021\/06\/09\/consejo-minero-expone-observaciones-a-proyecto-de-royalty-ante-comision-de-mineria-y-energia-de-la-camara-de-diputados\/"},"wordCount":290,"publisher":{"@id":"https:\/\/www.portatax.cl\/mineria\/#organization"},"articleSection":["Royalty Minero"],"inLanguage":"es"},{"@type":"WebPage","@id":"https:\/\/www.portatax.cl\/mineria\/2021\/06\/09\/consejo-minero-expone-observaciones-a-proyecto-de-royalty-ante-comision-de-mineria-y-energia-de-la-camara-de-diputados\/","url":"https:\/\/www.portatax.cl\/mineria\/2021\/06\/09\/consejo-minero-expone-observaciones-a-proyecto-de-royalty-ante-comision-de-mineria-y-energia-de-la-camara-de-diputados\/","name":"\u201cConsejo Minero expone observaciones a Proyecto de Royalty ante Comisi\u00f3n de Miner\u00eda y Energ\u00eda de la C\u00e1mara de Diputados\u201d - Portatax","isPartOf":{"@id":"https:\/\/www.portatax.cl\/mineria\/#website"},"datePublished":"2021-06-09T15:22:01+00:00","dateModified":"2023-12-05T19:06:21+00:00","breadcrumb":{"@id":"https:\/\/www.portatax.cl\/mineria\/2021\/06\/09\/consejo-minero-expone-observaciones-a-proyecto-de-royalty-ante-comision-de-mineria-y-energia-de-la-camara-de-diputados\/#breadcrumb"},"inLanguage":"es","potentialAction":[{"@type":"ReadAction","target":["https:\/\/www.portatax.cl\/mineria\/2021\/06\/09\/consejo-minero-expone-observaciones-a-proyecto-de-royalty-ante-comision-de-mineria-y-energia-de-la-camara-de-diputados\/"]}]},{"@type":"BreadcrumbList","@id":"https:\/\/www.portatax.cl\/mineria\/2021\/06\/09\/consejo-minero-expone-observaciones-a-proyecto-de-royalty-ante-comision-de-mineria-y-energia-de-la-camara-de-diputados\/#breadcrumb","itemListElement":[{"@type":"ListItem","position":1,"name":"Portada","item":"https:\/\/www.portatax.cl\/mineria\/"},{"@type":"ListItem","position":2,"name":"\u201cConsejo Minero expone observaciones a Proyecto de Royalty ante Comisi\u00f3n de Miner\u00eda y Energ\u00eda de la C\u00e1mara de Diputados\u201d"}]},{"@type":"WebSite","@id":"https:\/\/www.portatax.cl\/mineria\/#website","url":"https:\/\/www.portatax.cl\/mineria\/","name":"Portatax","description":"Servicios Tributarios","publisher":{"@id":"https:\/\/www.portatax.cl\/mineria\/#organization"},"potentialAction":[{"@type":"SearchAction","target":{"@type":"EntryPoint","urlTemplate":"https:\/\/www.portatax.cl\/mineria\/?s={search_term_string}"},"query-input":"required name=search_term_string"}],"inLanguage":"es"},{"@type":"Organization","@id":"https:\/\/www.portatax.cl\/mineria\/#organization","name":"Portatax","url":"https:\/\/www.portatax.cl\/mineria\/","logo":{"@type":"ImageObject","inLanguage":"es","@id":"https:\/\/www.portatax.cl\/mineria\/#\/schema\/logo\/image\/","url":"https:\/\/www.portatax.cl\/mineria\/wp-content\/uploads\/2021\/03\/Logo-Porta-Tax-2.png","contentUrl":"https:\/\/www.portatax.cl\/mineria\/wp-content\/uploads\/2021\/03\/Logo-Porta-Tax-2.png","width":250,"height":83,"caption":"Portatax"},"image":{"@id":"https:\/\/www.portatax.cl\/mineria\/#\/schema\/logo\/image\/"}},{"@type":"Person","@id":"https:\/\/www.portatax.cl\/mineria\/#\/schema\/person\/16bad928390762f14c4b8023f0f356d2","name":"Marjorie","image":{"@type":"ImageObject","inLanguage":"es","@id":"https:\/\/www.portatax.cl\/mineria\/#\/schema\/person\/image\/","url":"https:\/\/secure.gravatar.com\/avatar\/075ec98493ed93d68bb3fc65934af517464edbda82d3de640a0d868437b444ba?s=96&d=mm&r=g","contentUrl":"https:\/\/secure.gravatar.com\/avatar\/075ec98493ed93d68bb3fc65934af517464edbda82d3de640a0d868437b444ba?s=96&d=mm&r=g","caption":"Marjorie"},"url":"https:\/\/www.portatax.cl\/mineria\/author\/marjorie\/"}]}},"_links":{"self":[{"href":"https:\/\/www.portatax.cl\/mineria\/wp-json\/wp\/v2\/posts\/3613","targetHints":{"allow":["GET"]}}],"collection":[{"href":"https:\/\/www.portatax.cl\/mineria\/wp-json\/wp\/v2\/posts"}],"about":[{"href":"https:\/\/www.portatax.cl\/mineria\/wp-json\/wp\/v2\/types\/post"}],"author":[{"embeddable":true,"href":"https:\/\/www.portatax.cl\/mineria\/wp-json\/wp\/v2\/users\/2"}],"replies":[{"embeddable":true,"href":"https:\/\/www.portatax.cl\/mineria\/wp-json\/wp\/v2\/comments?post=3613"}],"version-history":[{"count":4,"href":"https:\/\/www.portatax.cl\/mineria\/wp-json\/wp\/v2\/posts\/3613\/revisions"}],"predecessor-version":[{"id":4803,"href":"https:\/\/www.portatax.cl\/mineria\/wp-json\/wp\/v2\/posts\/3613\/revisions\/4803"}],"wp:featuredmedia":[{"embeddable":true,"href":"https:\/\/www.portatax.cl\/mineria\/wp-json\/wp\/v2\/media\/3614"}],"wp:attachment":[{"href":"https:\/\/www.portatax.cl\/mineria\/wp-json\/wp\/v2\/media?parent=3613"}],"wp:term":[{"taxonomy":"category","embeddable":true,"href":"https:\/\/www.portatax.cl\/mineria\/wp-json\/wp\/v2\/categories?post=3613"},{"taxonomy":"post_tag","embeddable":true,"href":"https:\/\/www.portatax.cl\/mineria\/wp-json\/wp\/v2\/tags?post=3613"}],"curies":[{"name":"wp","href":"https:\/\/api.w.org\/{rel}","templated":true}]}}