{"id":3688,"date":"2021-06-22T13:13:31","date_gmt":"2021-06-22T17:13:31","guid":{"rendered":"https:\/\/www.portatax.cl\/mineria\/?p=3688"},"modified":"2023-12-05T15:05:45","modified_gmt":"2023-12-05T19:05:45","slug":"disenando-un-impuesto-a-la-mineria-del-cobre-que-sea-competitivo","status":"publish","type":"post","link":"https:\/\/www.portatax.cl\/mineria\/2021\/06\/22\/disenando-un-impuesto-a-la-mineria-del-cobre-que-sea-competitivo\/","title":{"rendered":"Dise\u00f1ando un impuesto a la miner\u00eda del cobre que sea competitivo."},"content":{"rendered":"\n<p>(publicado por: <a href=\"https:\/\/vvmm.cl\/\">https:\/\/vvmm.cl\/<\/a>)<\/p>\n\n\n\n<p>En el marco de la discusi\u00f3n sobre un eventual nuevo royalty a la miner\u00eda, a partir del proyecto que se tramita en el Congreso, el acad\u00e9mico Gustavo Lagos hizo una interesante presentaci\u00f3n sobre la tributaci\u00f3n en el sector del cobre chileno, como primera charla del Ciclo \u201cLa Miner\u00eda como Motor del Desarrollo de Chile\u201d, que organizan Ingenier\u00eda Industrial de la Universidad de Chile, la Pontificia Universidad Cat\u00f3lica de Chile y Sonami. A la charla fue invitado el presidente de Voces Mineras, Sergio Jarpa.<\/p>\n\n\n\n<p><strong>Slides:<\/strong> <a rel=\"noreferrer noopener\" href=\"https:\/\/www.slideshare.net\/slideshow\/embed_code\/key\/BBkXe1xj5Wz0w\" target=\"_blank\">https:\/\/www.slideshare.net\/slideshow\/embed_code\/key\/BBkXe1xj5Wz0w<\/a><\/p>\n\n\n\n<p><\/p>\n","protected":false},"excerpt":{"rendered":"<p>(publicado por: https:\/\/vvmm.cl\/) En el marco de la discusi\u00f3n sobre un eventual nuevo royalty a la miner\u00eda, a partir del proyecto que se tramita en el Congreso, el acad\u00e9mico Gustavo Lagos hizo una interesante presentaci\u00f3n sobre la tributaci\u00f3n en el sector del cobre chileno, como primera charla del Ciclo \u201cLa Miner\u00eda como Motor del Desarrollo &hellip;<\/p>\n<p class=\"read-more\"> <a class=\"\" href=\"https:\/\/www.portatax.cl\/mineria\/2021\/06\/22\/disenando-un-impuesto-a-la-mineria-del-cobre-que-sea-competitivo\/\"> <span class=\"screen-reader-text\">Dise\u00f1ando un impuesto a la miner\u00eda del cobre que sea competitivo.<\/span> Leer m\u00e1s &raquo;<\/a><\/p>\n","protected":false},"author":2,"featured_media":3689,"comment_status":"closed","ping_status":"closed","sticky":false,"template":"","format":"standard","meta":{"om_disable_all_campaigns":false,"_monsterinsights_skip_tracking":false,"_monsterinsights_sitenote_active":false,"_monsterinsights_sitenote_note":"","_monsterinsights_sitenote_category":0,"_uf_show_specific_survey":0,"_uf_disable_surveys":false,"site-sidebar-layout":"default","site-content-layout":"default","ast-site-content-layout":"default","site-content-style":"default","site-sidebar-style":"default","ast-global-header-display":"","ast-banner-title-visibility":"","ast-main-header-display":"","ast-hfb-above-header-display":"","ast-hfb-below-header-display":"","ast-hfb-mobile-header-display":"","site-post-title":"","ast-breadcrumbs-content":"","ast-featured-img":"","footer-sml-layout":"","theme-transparent-header-meta":"default","adv-header-id-meta":"","stick-header-meta":"","header-above-stick-meta":"","header-main-stick-meta":"","header-below-stick-meta":"","astra-migrate-meta-layouts":"set","ast-page-background-enabled":"default","ast-page-background-meta":{"desktop":{"background-color":"","background-image":"","background-repeat":"repeat","background-position":"center center","background-size":"auto","background-attachment":"scroll","background-type":"","background-media":"","overlay-type":"","overlay-color":"","overlay-gradient":""},"tablet":{"background-color":"","background-image":"","background-repeat":"repeat","background-position":"center center","background-size":"auto","background-attachment":"scroll","background-type":"","background-media":"","overlay-type":"","overlay-color":"","overlay-gradient":""},"mobile":{"background-color":"","background-image":"","background-repeat":"repeat","background-position":"center center","background-size":"auto","background-attachment":"scroll","background-type":"","background-media":"","overlay-type":"","overlay-color":"","overlay-gradient":""}},"ast-content-background-meta":{"desktop":{"background-color":"var(--ast-global-color-5)","background-image":"","background-repeat":"repeat","background-position":"center center","background-size":"auto","background-attachment":"scroll","background-type":"","background-media":"","overlay-type":"","overlay-color":"","overlay-gradient":""},"tablet":{"background-color":"var(--ast-global-color-5)","background-image":"","background-repeat":"repeat","background-position":"center center","background-size":"auto","background-attachment":"scroll","background-type":"","background-media":"","overlay-type":"","overlay-color":"","overlay-gradient":""},"mobile":{"background-color":"var(--ast-global-color-5)","background-image":"","background-repeat":"repeat","background-position":"center center","background-size":"auto","background-attachment":"scroll","background-type":"","background-media":"","overlay-type":"","overlay-color":"","overlay-gradient":""}},"footnotes":""},"categories":[51],"tags":[],"class_list":["post-3688","post","type-post","status-publish","format-standard","has-post-thumbnail","hentry","category-royalty-minero"],"aioseo_notices":[],"yoast_head":"<!-- This site is optimized with the Yoast SEO plugin v21.5 - https:\/\/yoast.com\/wordpress\/plugins\/seo\/ -->\n<title>Dise\u00f1ando un impuesto a la miner\u00eda del cobre que sea competitivo. - Portatax<\/title>\n<meta name=\"robots\" content=\"index, follow, max-snippet:-1, max-image-preview:large, max-video-preview:-1\" \/>\n<link rel=\"canonical\" href=\"https:\/\/www.portatax.cl\/mineria\/2021\/06\/22\/disenando-un-impuesto-a-la-mineria-del-cobre-que-sea-competitivo\/\" \/>\n<meta property=\"og:locale\" content=\"es_ES\" \/>\n<meta property=\"og:type\" content=\"article\" \/>\n<meta property=\"og:title\" content=\"Dise\u00f1ando un impuesto a la miner\u00eda del cobre que sea competitivo. - Portatax\" \/>\n<meta property=\"og:description\" content=\"(publicado por: https:\/\/vvmm.cl\/) En el marco de la discusi\u00f3n sobre un eventual nuevo royalty a la miner\u00eda, a partir del proyecto que se tramita en el Congreso, el acad\u00e9mico Gustavo Lagos hizo una interesante presentaci\u00f3n sobre la tributaci\u00f3n en el sector del cobre chileno, como primera charla del Ciclo \u201cLa Miner\u00eda como Motor del Desarrollo &hellip; Dise\u00f1ando un impuesto a la miner\u00eda del cobre que sea competitivo. Leer m\u00e1s &raquo;\" \/>\n<meta property=\"og:url\" content=\"https:\/\/www.portatax.cl\/mineria\/2021\/06\/22\/disenando-un-impuesto-a-la-mineria-del-cobre-que-sea-competitivo\/\" \/>\n<meta property=\"og:site_name\" content=\"Portatax\" \/>\n<meta property=\"article:published_time\" content=\"2021-06-22T17:13:31+00:00\" \/>\n<meta property=\"article:modified_time\" content=\"2023-12-05T19:05:45+00:00\" \/>\n<meta property=\"og:image\" content=\"https:\/\/www.portatax.cl\/mineria\/wp-content\/uploads\/2021\/06\/Promo-Facebook-Facebook-image-post-10.jpeg\" \/>\n\t<meta property=\"og:image:width\" content=\"1200\" \/>\n\t<meta property=\"og:image:height\" content=\"630\" \/>\n\t<meta property=\"og:image:type\" content=\"image\/jpeg\" \/>\n<meta name=\"author\" content=\"Marjorie\" \/>\n<meta name=\"twitter:card\" content=\"summary_large_image\" \/>\n<meta name=\"twitter:label1\" content=\"Escrito por\" \/>\n\t<meta name=\"twitter:data1\" content=\"Marjorie\" \/>\n\t<meta name=\"twitter:label2\" content=\"Tiempo de lectura\" \/>\n\t<meta name=\"twitter:data2\" content=\"1 minuto\" \/>\n<script type=\"application\/ld+json\" class=\"yoast-schema-graph\">{\"@context\":\"https:\/\/schema.org\",\"@graph\":[{\"@type\":\"Article\",\"@id\":\"https:\/\/www.portatax.cl\/mineria\/2021\/06\/22\/disenando-un-impuesto-a-la-mineria-del-cobre-que-sea-competitivo\/#article\",\"isPartOf\":{\"@id\":\"https:\/\/www.portatax.cl\/mineria\/2021\/06\/22\/disenando-un-impuesto-a-la-mineria-del-cobre-que-sea-competitivo\/\"},\"author\":{\"name\":\"Marjorie\",\"@id\":\"https:\/\/www.portatax.cl\/mineria\/#\/schema\/person\/16bad928390762f14c4b8023f0f356d2\"},\"headline\":\"Dise\u00f1ando un impuesto a la miner\u00eda del cobre que sea competitivo.\",\"datePublished\":\"2021-06-22T17:13:31+00:00\",\"dateModified\":\"2023-12-05T19:05:45+00:00\",\"mainEntityOfPage\":{\"@id\":\"https:\/\/www.portatax.cl\/mineria\/2021\/06\/22\/disenando-un-impuesto-a-la-mineria-del-cobre-que-sea-competitivo\/\"},\"wordCount\":122,\"publisher\":{\"@id\":\"https:\/\/www.portatax.cl\/mineria\/#organization\"},\"articleSection\":[\"Royalty Minero\"],\"inLanguage\":\"es\"},{\"@type\":\"WebPage\",\"@id\":\"https:\/\/www.portatax.cl\/mineria\/2021\/06\/22\/disenando-un-impuesto-a-la-mineria-del-cobre-que-sea-competitivo\/\",\"url\":\"https:\/\/www.portatax.cl\/mineria\/2021\/06\/22\/disenando-un-impuesto-a-la-mineria-del-cobre-que-sea-competitivo\/\",\"name\":\"Dise\u00f1ando un impuesto a la miner\u00eda del cobre que sea competitivo. - Portatax\",\"isPartOf\":{\"@id\":\"https:\/\/www.portatax.cl\/mineria\/#website\"},\"datePublished\":\"2021-06-22T17:13:31+00:00\",\"dateModified\":\"2023-12-05T19:05:45+00:00\",\"breadcrumb\":{\"@id\":\"https:\/\/www.portatax.cl\/mineria\/2021\/06\/22\/disenando-un-impuesto-a-la-mineria-del-cobre-que-sea-competitivo\/#breadcrumb\"},\"inLanguage\":\"es\",\"potentialAction\":[{\"@type\":\"ReadAction\",\"target\":[\"https:\/\/www.portatax.cl\/mineria\/2021\/06\/22\/disenando-un-impuesto-a-la-mineria-del-cobre-que-sea-competitivo\/\"]}]},{\"@type\":\"BreadcrumbList\",\"@id\":\"https:\/\/www.portatax.cl\/mineria\/2021\/06\/22\/disenando-un-impuesto-a-la-mineria-del-cobre-que-sea-competitivo\/#breadcrumb\",\"itemListElement\":[{\"@type\":\"ListItem\",\"position\":1,\"name\":\"Portada\",\"item\":\"https:\/\/www.portatax.cl\/mineria\/\"},{\"@type\":\"ListItem\",\"position\":2,\"name\":\"Dise\u00f1ando un impuesto a la miner\u00eda del cobre que sea competitivo.\"}]},{\"@type\":\"WebSite\",\"@id\":\"https:\/\/www.portatax.cl\/mineria\/#website\",\"url\":\"https:\/\/www.portatax.cl\/mineria\/\",\"name\":\"Portatax\",\"description\":\"Servicios Tributarios\",\"publisher\":{\"@id\":\"https:\/\/www.portatax.cl\/mineria\/#organization\"},\"potentialAction\":[{\"@type\":\"SearchAction\",\"target\":{\"@type\":\"EntryPoint\",\"urlTemplate\":\"https:\/\/www.portatax.cl\/mineria\/?s={search_term_string}\"},\"query-input\":\"required name=search_term_string\"}],\"inLanguage\":\"es\"},{\"@type\":\"Organization\",\"@id\":\"https:\/\/www.portatax.cl\/mineria\/#organization\",\"name\":\"Portatax\",\"url\":\"https:\/\/www.portatax.cl\/mineria\/\",\"logo\":{\"@type\":\"ImageObject\",\"inLanguage\":\"es\",\"@id\":\"https:\/\/www.portatax.cl\/mineria\/#\/schema\/logo\/image\/\",\"url\":\"https:\/\/www.portatax.cl\/mineria\/wp-content\/uploads\/2021\/03\/Logo-Porta-Tax-2.png\",\"contentUrl\":\"https:\/\/www.portatax.cl\/mineria\/wp-content\/uploads\/2021\/03\/Logo-Porta-Tax-2.png\",\"width\":250,\"height\":83,\"caption\":\"Portatax\"},\"image\":{\"@id\":\"https:\/\/www.portatax.cl\/mineria\/#\/schema\/logo\/image\/\"}},{\"@type\":\"Person\",\"@id\":\"https:\/\/www.portatax.cl\/mineria\/#\/schema\/person\/16bad928390762f14c4b8023f0f356d2\",\"name\":\"Marjorie\",\"image\":{\"@type\":\"ImageObject\",\"inLanguage\":\"es\",\"@id\":\"https:\/\/www.portatax.cl\/mineria\/#\/schema\/person\/image\/\",\"url\":\"https:\/\/secure.gravatar.com\/avatar\/075ec98493ed93d68bb3fc65934af517464edbda82d3de640a0d868437b444ba?s=96&d=mm&r=g\",\"contentUrl\":\"https:\/\/secure.gravatar.com\/avatar\/075ec98493ed93d68bb3fc65934af517464edbda82d3de640a0d868437b444ba?s=96&d=mm&r=g\",\"caption\":\"Marjorie\"},\"url\":\"https:\/\/www.portatax.cl\/mineria\/author\/marjorie\/\"}]}<\/script>\n<!-- \/ Yoast SEO plugin. -->","yoast_head_json":{"title":"Dise\u00f1ando un impuesto a la miner\u00eda del cobre que sea competitivo. - Portatax","robots":{"index":"index","follow":"follow","max-snippet":"max-snippet:-1","max-image-preview":"max-image-preview:large","max-video-preview":"max-video-preview:-1"},"canonical":"https:\/\/www.portatax.cl\/mineria\/2021\/06\/22\/disenando-un-impuesto-a-la-mineria-del-cobre-que-sea-competitivo\/","og_locale":"es_ES","og_type":"article","og_title":"Dise\u00f1ando un impuesto a la miner\u00eda del cobre que sea competitivo. - Portatax","og_description":"(publicado por: https:\/\/vvmm.cl\/) En el marco de la discusi\u00f3n sobre un eventual nuevo royalty a la miner\u00eda, a partir del proyecto que se tramita en el Congreso, el acad\u00e9mico Gustavo Lagos hizo una interesante presentaci\u00f3n sobre la tributaci\u00f3n en el sector del cobre chileno, como primera charla del Ciclo \u201cLa Miner\u00eda como Motor del Desarrollo &hellip; Dise\u00f1ando un impuesto a la miner\u00eda del cobre que sea competitivo. Leer m\u00e1s &raquo;","og_url":"https:\/\/www.portatax.cl\/mineria\/2021\/06\/22\/disenando-un-impuesto-a-la-mineria-del-cobre-que-sea-competitivo\/","og_site_name":"Portatax","article_published_time":"2021-06-22T17:13:31+00:00","article_modified_time":"2023-12-05T19:05:45+00:00","og_image":[{"width":1200,"height":630,"url":"https:\/\/www.portatax.cl\/mineria\/wp-content\/uploads\/2021\/06\/Promo-Facebook-Facebook-image-post-10.jpeg","type":"image\/jpeg"}],"author":"Marjorie","twitter_card":"summary_large_image","twitter_misc":{"Escrito por":"Marjorie","Tiempo de lectura":"1 minuto"},"schema":{"@context":"https:\/\/schema.org","@graph":[{"@type":"Article","@id":"https:\/\/www.portatax.cl\/mineria\/2021\/06\/22\/disenando-un-impuesto-a-la-mineria-del-cobre-que-sea-competitivo\/#article","isPartOf":{"@id":"https:\/\/www.portatax.cl\/mineria\/2021\/06\/22\/disenando-un-impuesto-a-la-mineria-del-cobre-que-sea-competitivo\/"},"author":{"name":"Marjorie","@id":"https:\/\/www.portatax.cl\/mineria\/#\/schema\/person\/16bad928390762f14c4b8023f0f356d2"},"headline":"Dise\u00f1ando un impuesto a la miner\u00eda del cobre que sea competitivo.","datePublished":"2021-06-22T17:13:31+00:00","dateModified":"2023-12-05T19:05:45+00:00","mainEntityOfPage":{"@id":"https:\/\/www.portatax.cl\/mineria\/2021\/06\/22\/disenando-un-impuesto-a-la-mineria-del-cobre-que-sea-competitivo\/"},"wordCount":122,"publisher":{"@id":"https:\/\/www.portatax.cl\/mineria\/#organization"},"articleSection":["Royalty Minero"],"inLanguage":"es"},{"@type":"WebPage","@id":"https:\/\/www.portatax.cl\/mineria\/2021\/06\/22\/disenando-un-impuesto-a-la-mineria-del-cobre-que-sea-competitivo\/","url":"https:\/\/www.portatax.cl\/mineria\/2021\/06\/22\/disenando-un-impuesto-a-la-mineria-del-cobre-que-sea-competitivo\/","name":"Dise\u00f1ando un impuesto a la miner\u00eda del cobre que sea competitivo. - Portatax","isPartOf":{"@id":"https:\/\/www.portatax.cl\/mineria\/#website"},"datePublished":"2021-06-22T17:13:31+00:00","dateModified":"2023-12-05T19:05:45+00:00","breadcrumb":{"@id":"https:\/\/www.portatax.cl\/mineria\/2021\/06\/22\/disenando-un-impuesto-a-la-mineria-del-cobre-que-sea-competitivo\/#breadcrumb"},"inLanguage":"es","potentialAction":[{"@type":"ReadAction","target":["https:\/\/www.portatax.cl\/mineria\/2021\/06\/22\/disenando-un-impuesto-a-la-mineria-del-cobre-que-sea-competitivo\/"]}]},{"@type":"BreadcrumbList","@id":"https:\/\/www.portatax.cl\/mineria\/2021\/06\/22\/disenando-un-impuesto-a-la-mineria-del-cobre-que-sea-competitivo\/#breadcrumb","itemListElement":[{"@type":"ListItem","position":1,"name":"Portada","item":"https:\/\/www.portatax.cl\/mineria\/"},{"@type":"ListItem","position":2,"name":"Dise\u00f1ando un impuesto a la miner\u00eda del cobre que sea competitivo."}]},{"@type":"WebSite","@id":"https:\/\/www.portatax.cl\/mineria\/#website","url":"https:\/\/www.portatax.cl\/mineria\/","name":"Portatax","description":"Servicios Tributarios","publisher":{"@id":"https:\/\/www.portatax.cl\/mineria\/#organization"},"potentialAction":[{"@type":"SearchAction","target":{"@type":"EntryPoint","urlTemplate":"https:\/\/www.portatax.cl\/mineria\/?s={search_term_string}"},"query-input":"required name=search_term_string"}],"inLanguage":"es"},{"@type":"Organization","@id":"https:\/\/www.portatax.cl\/mineria\/#organization","name":"Portatax","url":"https:\/\/www.portatax.cl\/mineria\/","logo":{"@type":"ImageObject","inLanguage":"es","@id":"https:\/\/www.portatax.cl\/mineria\/#\/schema\/logo\/image\/","url":"https:\/\/www.portatax.cl\/mineria\/wp-content\/uploads\/2021\/03\/Logo-Porta-Tax-2.png","contentUrl":"https:\/\/www.portatax.cl\/mineria\/wp-content\/uploads\/2021\/03\/Logo-Porta-Tax-2.png","width":250,"height":83,"caption":"Portatax"},"image":{"@id":"https:\/\/www.portatax.cl\/mineria\/#\/schema\/logo\/image\/"}},{"@type":"Person","@id":"https:\/\/www.portatax.cl\/mineria\/#\/schema\/person\/16bad928390762f14c4b8023f0f356d2","name":"Marjorie","image":{"@type":"ImageObject","inLanguage":"es","@id":"https:\/\/www.portatax.cl\/mineria\/#\/schema\/person\/image\/","url":"https:\/\/secure.gravatar.com\/avatar\/075ec98493ed93d68bb3fc65934af517464edbda82d3de640a0d868437b444ba?s=96&d=mm&r=g","contentUrl":"https:\/\/secure.gravatar.com\/avatar\/075ec98493ed93d68bb3fc65934af517464edbda82d3de640a0d868437b444ba?s=96&d=mm&r=g","caption":"Marjorie"},"url":"https:\/\/www.portatax.cl\/mineria\/author\/marjorie\/"}]}},"_links":{"self":[{"href":"https:\/\/www.portatax.cl\/mineria\/wp-json\/wp\/v2\/posts\/3688","targetHints":{"allow":["GET"]}}],"collection":[{"href":"https:\/\/www.portatax.cl\/mineria\/wp-json\/wp\/v2\/posts"}],"about":[{"href":"https:\/\/www.portatax.cl\/mineria\/wp-json\/wp\/v2\/types\/post"}],"author":[{"embeddable":true,"href":"https:\/\/www.portatax.cl\/mineria\/wp-json\/wp\/v2\/users\/2"}],"replies":[{"embeddable":true,"href":"https:\/\/www.portatax.cl\/mineria\/wp-json\/wp\/v2\/comments?post=3688"}],"version-history":[{"count":2,"href":"https:\/\/www.portatax.cl\/mineria\/wp-json\/wp\/v2\/posts\/3688\/revisions"}],"predecessor-version":[{"id":4791,"href":"https:\/\/www.portatax.cl\/mineria\/wp-json\/wp\/v2\/posts\/3688\/revisions\/4791"}],"wp:featuredmedia":[{"embeddable":true,"href":"https:\/\/www.portatax.cl\/mineria\/wp-json\/wp\/v2\/media\/3689"}],"wp:attachment":[{"href":"https:\/\/www.portatax.cl\/mineria\/wp-json\/wp\/v2\/media?parent=3688"}],"wp:term":[{"taxonomy":"category","embeddable":true,"href":"https:\/\/www.portatax.cl\/mineria\/wp-json\/wp\/v2\/categories?post=3688"},{"taxonomy":"post_tag","embeddable":true,"href":"https:\/\/www.portatax.cl\/mineria\/wp-json\/wp\/v2\/tags?post=3688"}],"curies":[{"name":"wp","href":"https:\/\/api.w.org\/{rel}","templated":true}]}}