{"id":3776,"date":"2021-07-21T10:14:30","date_gmt":"2021-07-21T14:14:30","guid":{"rendered":"https:\/\/www.portatax.cl\/mineria\/?p=3776"},"modified":"2023-12-05T15:04:15","modified_gmt":"2023-12-05T19:04:15","slug":"juan-medel-la-renta-minera-de-activos-de-alta-rentabilidad-no-se-puede-capturar-via-royalty","status":"publish","type":"post","link":"https:\/\/www.portatax.cl\/mineria\/2021\/07\/21\/juan-medel-la-renta-minera-de-activos-de-alta-rentabilidad-no-se-puede-capturar-via-royalty\/","title":{"rendered":"Juan Medel: \u201cLa renta minera de activos de alta rentabilidad no se puede capturar v\u00eda royalty\u201d"},"content":{"rendered":"\n<p>(publicado por: <a href=\"https:\/\/vvmm.cl\/\">https:\/\/vvmm.cl\/<\/a>)<\/p>\n\n\n\n<p><strong>El consultor fue uno de los expositores del foro \u201cNuevo Royalty a la Miner\u00eda\u201d, organizado por Voces Mineras. A su juicio, lo que hay que hacer es revisar la ley de concesiones mineras.<\/strong><\/p>\n\n\n\n<p>Sin manifestar desacuerdo con los t\u00e9rminos generales de la moci\u00f3n parlamentaria que se discute en el Senado, y concordando con el fondo de la iniciativa de compensar al Estado por la explotaci\u00f3n de recursos minerales que hoy entrega bajo la modalidad de concesi\u00f3n \u2013virtualmente a costo cero, dijo\u2013 el consultor Juan Medel Fern\u00e1ndez, quien fue vicepresidente de Servicios Compartidos y gerente general de dos divisiones de Codelco, sostuvo que el proyecto de ley debe mirarse con cautela respecto de la progresividad que plantea en funci\u00f3n del precio del cobre, toda vez que su aplicaci\u00f3n en los t\u00e9rminos propuestos significar\u00eda una carga tributaria efectiva que afectar\u00e1 la competitividad de la industria minera de Chile.<\/p>\n\n\n\n<p>\u201cEn efecto, la compensaci\u00f3n gen\u00e9rica definida, si no se acota superiormente (a lo sumo a un 50% de carga tributaria efectiva resultante para cada empresa), no estar\u00eda tomando en consideraci\u00f3n las caracter\u00edsticas particulares de un yacimiento, de su mineral y de los costos de producci\u00f3n que tiene cada minera, particularmente aquellas de estrechos m\u00e1rgenes operacionales\u201d, opin\u00f3 Medel, quien particip\u00f3 como expositor en el foro \u201cNuevo Royalty a la Miner\u00eda\u201d, organizado por Voces Mineras.<\/p>\n\n\n\n<p>El tema, dijo, est\u00e1 en c\u00f3mo hacer que el Estado participe de la renta minera, lo que a su juicio, no se logra a trav\u00e9s de impuestos.<\/p>\n\n\n\n<p>Medel hizo ver que no est\u00e1 claro \u2013porque la iniciativa no lo especifica\u2013 si el proyecto de ley en tr\u00e1mite viene a reemplazar o complementar el Impuesto espec\u00edfico a la Miner\u00eda (IEAM), el cual calific\u00f3 como de bajo rendimiento relativo: \u201cSeg\u00fan la informaci\u00f3n p\u00fablica disponible, en la d\u00e9cada 2011-2020 la recaudaci\u00f3n por el IEAM alcanz\u00f3 a US$2.800 millones desde la miner\u00eda privada, un 10% de los impuestos totales pagados por dichas mineras\u201d.<\/p>\n\n\n\n<figure class=\"wp-block-image aligncenter\"><img decoding=\"async\" src=\"https:\/\/i1.wp.com\/vvmm.cl\/wp-content\/uploads\/2021\/07\/2.-Juan-Medel-Foro-Royalty.png?resize=564%2C261&amp;ssl=1\" alt=\"\" class=\"wp-image-7004\"\/><\/figure>\n\n\n\n<p>Respecto de la compensaci\u00f3n sobre el valor ad valorem que establece la moci\u00f3n, el consultor se\u00f1al\u00f3 que su trazabilidad y auditabilidad resulta m\u00e1s simple para el Estado y los fiscalizadores; sin embargo, la progresividad de la tasa \u2013que aumenta con el precio\u2013 resulta ser demasiado alta. \u201cSi se calcula para empresas mineras que tienen costos de operaci\u00f3n superiores al 50-60% de sus ingresos, van a pagar impuestos sumamente altos. Creemos que no es adecuado lo que se est\u00e1 proponiendo, la carga tributaria global efectiva nunca debiera superar el 50%\u201d, asever\u00f3.<\/p>\n\n\n\n<p>En ese sentido, sugiri\u00f3 \u2013y as\u00ed lo recomend\u00f3 en el informe que present\u00f3 al Senado\u2013hacer un benchmarking de la carga tributaria global que tienen otros pa\u00edses mineros, \u201cpara que Chile no pierda competitividad\u201d.<\/p>\n\n\n\n<p>Asimismo, insisti\u00f3 en que la compensaci\u00f3n debe ser diferenciada, de acuerdo a la realidad de cada operaci\u00f3n. \u201cHay empresas mineras que est\u00e1n en el tercer cuartil de costos, para las que el royalty que se propone les significar\u00eda pagar impuestos enormes y probablemente las obligar\u00eda a cerrar\u201d, manifest\u00f3.<\/p>\n\n\n\n<p><strong>Foco en la renta<\/strong><\/p>\n\n\n\n<figure class=\"wp-block-image aligncenter\"><img decoding=\"async\" src=\"https:\/\/i1.wp.com\/vvmm.cl\/wp-content\/uploads\/2021\/07\/3.-Juan-Medel-foro-Royalty.png?resize=627%2C449&amp;ssl=1\" alt=\"\" class=\"wp-image-7005\"\/><\/figure>\n\n\n\n<p>Junto con reconocer que el modelo de concesiones permiti\u00f3 una expansi\u00f3n relevante de la producci\u00f3n de cobre en Chile en las \u00faltimas d\u00e9cadas, Juan Medel expuso que, a partir del an\u00e1lisis que realiz\u00f3 junto al tambi\u00e9n consultor H\u00e9ctor Espinoza, \u201clas principales empresas mineras generan altas rentas que exceden una rentabilidad razonable sobre los patrimonios invertidos\u201d. En esa l\u00ednea, plante\u00f3 que el foco debe estar en \u201cc\u00f3mo el Estado participa de rentas mineras cuando tiene yacimientos tan ricos y cuyo valor mediante el sistema de concesiones no se ha logrado captar\u201d.<\/p>\n\n\n\n<p>Para graficar esta situaci\u00f3n, compar\u00f3 los estados de resultados agregados hist\u00f3ricos de Codelco y Escondida para el periodo 1991-2020 (en moneda de 2020), que con resultados antes de impuestos de US$91.441 millones y US$77.434 millones respectivamente, &nbsp;al descontar los impuestos a la renta, m\u00e1s ley reservada en el caso de la estatal y por rentas y adicional por las remesas de dividendos al exterior en el caso de la segunda, y descontando la rentabilidad sobre el patrimonio (estimada en 15%), la Corporaci\u00f3n obtiene una renta minera de US$3.780 millones, mientras la de la empresa privada asciende a US$31.073 millones.<\/p>\n\n\n\n<p>\u201cPero no se puede pretender capturar la renta minera a trav\u00e9s de impuestos, como lo establece el proyecto aprobado por la C\u00e1mara de Diputados, porque nos deja fuera de competitividad entre los pa\u00edses mineros. La renta minera no se captura mediante el pago de un royalty, sino siendo parte de la composici\u00f3n de la empresa, como lo hizo Enami con Quebrada Blanca\u201d, postul\u00f3 Medel.<\/p>\n\n\n\n<p>A su juicio, lo que hay que hacer es revisar la ley de concesiones mineras en los casos de empresas de alta renta minera y con evidente rentabilidad y recuperaci\u00f3n de toda su inversi\u00f3n. \u201cAmerita que veamos la forma de valorizar el mineral y aportarlo al patrimonio empresarial como participaci\u00f3n del Estado. No puede ser que en la evaluaci\u00f3n econ\u00f3mica de todos estos proyectos mineros el principal concepto que es el yacimiento, se valore a precio cero\u201d, se\u00f1al\u00f3.<\/p>\n\n\n\n<p>Consultado al respecto, Medel sostuvo que no se pretende revertir lo hecho hacia atr\u00e1s en relaci\u00f3n a la renta minera, tampoco \u201cse trata de hacer nuevos Codelco ni meternos en la administraci\u00f3n de las grandes empresas, sino en c\u00f3mo hacemos que el Estado tenga una retribuci\u00f3n ricardiana m\u00e1s acorde\u201d.<\/p>\n\n\n\n<p>Los detalles de la presentaci\u00f3n de Juan Medel los puede revisar aqu\u00ed: <\/p>\n\n\n\n<div class=\"wp-block-file\"><a id=\"wp-block-file--media-ab1d4651-13e6-48bb-90af-4d95753ac77f\" href=\"https:\/\/www.portatax.cl\/mineria\/wp-content\/uploads\/2021\/07\/presentacinjuanmedel-royaltyvocesmineras-210715141422.pdf\" target=\"_blank\" rel=\"noreferrer noopener\">presentacinjuanmedel-royaltyvocesmineras-210715141422<\/a><a href=\"https:\/\/www.portatax.cl\/mineria\/wp-content\/uploads\/2021\/07\/presentacinjuanmedel-royaltyvocesmineras-210715141422.pdf\" class=\"wp-block-file__button wp-element-button\" download aria-describedby=\"wp-block-file--media-ab1d4651-13e6-48bb-90af-4d95753ac77f\">Descarga<\/a><\/div>\n\n\n\n<p><\/p>\n","protected":false},"excerpt":{"rendered":"<p>(publicado por: https:\/\/vvmm.cl\/) El consultor fue uno de los expositores del foro \u201cNuevo Royalty a la Miner\u00eda\u201d, organizado por Voces Mineras. A su juicio, lo que hay que hacer es revisar la ley de concesiones mineras. Sin manifestar desacuerdo con los t\u00e9rminos generales de la moci\u00f3n parlamentaria que se discute en el Senado, y concordando &hellip;<\/p>\n<p class=\"read-more\"> <a class=\"\" href=\"https:\/\/www.portatax.cl\/mineria\/2021\/07\/21\/juan-medel-la-renta-minera-de-activos-de-alta-rentabilidad-no-se-puede-capturar-via-royalty\/\"> <span class=\"screen-reader-text\">Juan Medel: \u201cLa renta minera de activos de alta rentabilidad no se puede capturar v\u00eda royalty\u201d<\/span> Leer m\u00e1s &raquo;<\/a><\/p>\n","protected":false},"author":2,"featured_media":3778,"comment_status":"closed","ping_status":"closed","sticky":false,"template":"","format":"standard","meta":{"om_disable_all_campaigns":false,"_monsterinsights_skip_tracking":false,"_monsterinsights_sitenote_active":false,"_monsterinsights_sitenote_note":"","_monsterinsights_sitenote_category":0,"_uf_show_specific_survey":0,"_uf_disable_surveys":false,"site-sidebar-layout":"default","site-content-layout":"default","ast-site-content-layout":"default","site-content-style":"default","site-sidebar-style":"default","ast-global-header-display":"","ast-banner-title-visibility":"","ast-main-header-display":"","ast-hfb-above-header-display":"","ast-hfb-below-header-display":"","ast-hfb-mobile-header-display":"","site-post-title":"","ast-breadcrumbs-content":"","ast-featured-img":"","footer-sml-layout":"","theme-transparent-header-meta":"default","adv-header-id-meta":"","stick-header-meta":"","header-above-stick-meta":"","header-main-stick-meta":"","header-below-stick-meta":"","astra-migrate-meta-layouts":"set","ast-page-background-enabled":"default","ast-page-background-meta":{"desktop":{"background-color":"","background-image":"","background-repeat":"repeat","background-position":"center center","background-size":"auto","background-attachment":"scroll","background-type":"","background-media":"","overlay-type":"","overlay-color":"","overlay-gradient":""},"tablet":{"background-color":"","background-image":"","background-repeat":"repeat","background-position":"center center","background-size":"auto","background-attachment":"scroll","background-type":"","background-media":"","overlay-type":"","overlay-color":"","overlay-gradient":""},"mobile":{"background-color":"","background-image":"","background-repeat":"repeat","background-position":"center center","background-size":"auto","background-attachment":"scroll","background-type":"","background-media":"","overlay-type":"","overlay-color":"","overlay-gradient":""}},"ast-content-background-meta":{"desktop":{"background-color":"var(--ast-global-color-5)","background-image":"","background-repeat":"repeat","background-position":"center center","background-size":"auto","background-attachment":"scroll","background-type":"","background-media":"","overlay-type":"","overlay-color":"","overlay-gradient":""},"tablet":{"background-color":"var(--ast-global-color-5)","background-image":"","background-repeat":"repeat","background-position":"center center","background-size":"auto","background-attachment":"scroll","background-type":"","background-media":"","overlay-type":"","overlay-color":"","overlay-gradient":""},"mobile":{"background-color":"var(--ast-global-color-5)","background-image":"","background-repeat":"repeat","background-position":"center center","background-size":"auto","background-attachment":"scroll","background-type":"","background-media":"","overlay-type":"","overlay-color":"","overlay-gradient":""}},"footnotes":""},"categories":[51],"tags":[],"class_list":["post-3776","post","type-post","status-publish","format-standard","has-post-thumbnail","hentry","category-royalty-minero"],"aioseo_notices":[],"yoast_head":"<!-- This site is optimized with the Yoast SEO plugin v21.5 - https:\/\/yoast.com\/wordpress\/plugins\/seo\/ -->\n<title>Juan Medel: \u201cLa renta minera de activos de alta rentabilidad no se puede capturar v\u00eda royalty\u201d - Portatax<\/title>\n<meta name=\"robots\" content=\"index, follow, max-snippet:-1, max-image-preview:large, max-video-preview:-1\" \/>\n<link rel=\"canonical\" href=\"https:\/\/www.portatax.cl\/mineria\/2021\/07\/21\/juan-medel-la-renta-minera-de-activos-de-alta-rentabilidad-no-se-puede-capturar-via-royalty\/\" \/>\n<meta property=\"og:locale\" content=\"es_ES\" \/>\n<meta property=\"og:type\" content=\"article\" \/>\n<meta property=\"og:title\" content=\"Juan Medel: \u201cLa renta minera de activos de alta rentabilidad no se puede capturar v\u00eda royalty\u201d - Portatax\" \/>\n<meta property=\"og:description\" content=\"(publicado por: https:\/\/vvmm.cl\/) El consultor fue uno de los expositores del foro \u201cNuevo Royalty a la Miner\u00eda\u201d, organizado por Voces Mineras. A su juicio, lo que hay que hacer es revisar la ley de concesiones mineras. Sin manifestar desacuerdo con los t\u00e9rminos generales de la moci\u00f3n parlamentaria que se discute en el Senado, y concordando &hellip; Juan Medel: \u201cLa renta minera de activos de alta rentabilidad no se puede capturar v\u00eda royalty\u201d Leer m\u00e1s &raquo;\" \/>\n<meta property=\"og:url\" content=\"https:\/\/www.portatax.cl\/mineria\/2021\/07\/21\/juan-medel-la-renta-minera-de-activos-de-alta-rentabilidad-no-se-puede-capturar-via-royalty\/\" \/>\n<meta property=\"og:site_name\" content=\"Portatax\" \/>\n<meta property=\"article:published_time\" content=\"2021-07-21T14:14:30+00:00\" \/>\n<meta property=\"article:modified_time\" content=\"2023-12-05T19:04:15+00:00\" \/>\n<meta property=\"og:image\" content=\"https:\/\/www.portatax.cl\/mineria\/wp-content\/uploads\/2021\/07\/1.-Juan-Medel-foro-Royalty.jpeg\" \/>\n\t<meta property=\"og:image:width\" content=\"1200\" \/>\n\t<meta property=\"og:image:height\" content=\"630\" \/>\n\t<meta property=\"og:image:type\" content=\"image\/jpeg\" \/>\n<meta name=\"author\" content=\"Marjorie\" \/>\n<meta name=\"twitter:card\" content=\"summary_large_image\" \/>\n<meta name=\"twitter:label1\" content=\"Escrito por\" \/>\n\t<meta name=\"twitter:data1\" content=\"Marjorie\" \/>\n\t<meta name=\"twitter:label2\" content=\"Tiempo de lectura\" \/>\n\t<meta name=\"twitter:data2\" content=\"5 minutos\" \/>\n<script type=\"application\/ld+json\" class=\"yoast-schema-graph\">{\"@context\":\"https:\/\/schema.org\",\"@graph\":[{\"@type\":\"Article\",\"@id\":\"https:\/\/www.portatax.cl\/mineria\/2021\/07\/21\/juan-medel-la-renta-minera-de-activos-de-alta-rentabilidad-no-se-puede-capturar-via-royalty\/#article\",\"isPartOf\":{\"@id\":\"https:\/\/www.portatax.cl\/mineria\/2021\/07\/21\/juan-medel-la-renta-minera-de-activos-de-alta-rentabilidad-no-se-puede-capturar-via-royalty\/\"},\"author\":{\"name\":\"Marjorie\",\"@id\":\"https:\/\/www.portatax.cl\/mineria\/#\/schema\/person\/16bad928390762f14c4b8023f0f356d2\"},\"headline\":\"Juan Medel: \u201cLa renta minera de activos de alta rentabilidad no se puede capturar v\u00eda royalty\u201d\",\"datePublished\":\"2021-07-21T14:14:30+00:00\",\"dateModified\":\"2023-12-05T19:04:15+00:00\",\"mainEntityOfPage\":{\"@id\":\"https:\/\/www.portatax.cl\/mineria\/2021\/07\/21\/juan-medel-la-renta-minera-de-activos-de-alta-rentabilidad-no-se-puede-capturar-via-royalty\/\"},\"wordCount\":975,\"publisher\":{\"@id\":\"https:\/\/www.portatax.cl\/mineria\/#organization\"},\"articleSection\":[\"Royalty Minero\"],\"inLanguage\":\"es\"},{\"@type\":\"WebPage\",\"@id\":\"https:\/\/www.portatax.cl\/mineria\/2021\/07\/21\/juan-medel-la-renta-minera-de-activos-de-alta-rentabilidad-no-se-puede-capturar-via-royalty\/\",\"url\":\"https:\/\/www.portatax.cl\/mineria\/2021\/07\/21\/juan-medel-la-renta-minera-de-activos-de-alta-rentabilidad-no-se-puede-capturar-via-royalty\/\",\"name\":\"Juan Medel: \u201cLa renta minera de activos de alta rentabilidad no se puede capturar v\u00eda royalty\u201d - Portatax\",\"isPartOf\":{\"@id\":\"https:\/\/www.portatax.cl\/mineria\/#website\"},\"datePublished\":\"2021-07-21T14:14:30+00:00\",\"dateModified\":\"2023-12-05T19:04:15+00:00\",\"breadcrumb\":{\"@id\":\"https:\/\/www.portatax.cl\/mineria\/2021\/07\/21\/juan-medel-la-renta-minera-de-activos-de-alta-rentabilidad-no-se-puede-capturar-via-royalty\/#breadcrumb\"},\"inLanguage\":\"es\",\"potentialAction\":[{\"@type\":\"ReadAction\",\"target\":[\"https:\/\/www.portatax.cl\/mineria\/2021\/07\/21\/juan-medel-la-renta-minera-de-activos-de-alta-rentabilidad-no-se-puede-capturar-via-royalty\/\"]}]},{\"@type\":\"BreadcrumbList\",\"@id\":\"https:\/\/www.portatax.cl\/mineria\/2021\/07\/21\/juan-medel-la-renta-minera-de-activos-de-alta-rentabilidad-no-se-puede-capturar-via-royalty\/#breadcrumb\",\"itemListElement\":[{\"@type\":\"ListItem\",\"position\":1,\"name\":\"Portada\",\"item\":\"https:\/\/www.portatax.cl\/mineria\/\"},{\"@type\":\"ListItem\",\"position\":2,\"name\":\"Juan Medel: \u201cLa renta minera de activos de alta rentabilidad no se puede capturar v\u00eda royalty\u201d\"}]},{\"@type\":\"WebSite\",\"@id\":\"https:\/\/www.portatax.cl\/mineria\/#website\",\"url\":\"https:\/\/www.portatax.cl\/mineria\/\",\"name\":\"Portatax\",\"description\":\"Servicios Tributarios\",\"publisher\":{\"@id\":\"https:\/\/www.portatax.cl\/mineria\/#organization\"},\"potentialAction\":[{\"@type\":\"SearchAction\",\"target\":{\"@type\":\"EntryPoint\",\"urlTemplate\":\"https:\/\/www.portatax.cl\/mineria\/?s={search_term_string}\"},\"query-input\":\"required name=search_term_string\"}],\"inLanguage\":\"es\"},{\"@type\":\"Organization\",\"@id\":\"https:\/\/www.portatax.cl\/mineria\/#organization\",\"name\":\"Portatax\",\"url\":\"https:\/\/www.portatax.cl\/mineria\/\",\"logo\":{\"@type\":\"ImageObject\",\"inLanguage\":\"es\",\"@id\":\"https:\/\/www.portatax.cl\/mineria\/#\/schema\/logo\/image\/\",\"url\":\"https:\/\/www.portatax.cl\/mineria\/wp-content\/uploads\/2021\/03\/Logo-Porta-Tax-2.png\",\"contentUrl\":\"https:\/\/www.portatax.cl\/mineria\/wp-content\/uploads\/2021\/03\/Logo-Porta-Tax-2.png\",\"width\":250,\"height\":83,\"caption\":\"Portatax\"},\"image\":{\"@id\":\"https:\/\/www.portatax.cl\/mineria\/#\/schema\/logo\/image\/\"}},{\"@type\":\"Person\",\"@id\":\"https:\/\/www.portatax.cl\/mineria\/#\/schema\/person\/16bad928390762f14c4b8023f0f356d2\",\"name\":\"Marjorie\",\"image\":{\"@type\":\"ImageObject\",\"inLanguage\":\"es\",\"@id\":\"https:\/\/www.portatax.cl\/mineria\/#\/schema\/person\/image\/\",\"url\":\"https:\/\/secure.gravatar.com\/avatar\/075ec98493ed93d68bb3fc65934af517464edbda82d3de640a0d868437b444ba?s=96&d=mm&r=g\",\"contentUrl\":\"https:\/\/secure.gravatar.com\/avatar\/075ec98493ed93d68bb3fc65934af517464edbda82d3de640a0d868437b444ba?s=96&d=mm&r=g\",\"caption\":\"Marjorie\"},\"url\":\"https:\/\/www.portatax.cl\/mineria\/author\/marjorie\/\"}]}<\/script>\n<!-- \/ Yoast SEO plugin. -->","yoast_head_json":{"title":"Juan Medel: \u201cLa renta minera de activos de alta rentabilidad no se puede capturar v\u00eda royalty\u201d - Portatax","robots":{"index":"index","follow":"follow","max-snippet":"max-snippet:-1","max-image-preview":"max-image-preview:large","max-video-preview":"max-video-preview:-1"},"canonical":"https:\/\/www.portatax.cl\/mineria\/2021\/07\/21\/juan-medel-la-renta-minera-de-activos-de-alta-rentabilidad-no-se-puede-capturar-via-royalty\/","og_locale":"es_ES","og_type":"article","og_title":"Juan Medel: \u201cLa renta minera de activos de alta rentabilidad no se puede capturar v\u00eda royalty\u201d - Portatax","og_description":"(publicado por: https:\/\/vvmm.cl\/) El consultor fue uno de los expositores del foro \u201cNuevo Royalty a la Miner\u00eda\u201d, organizado por Voces Mineras. A su juicio, lo que hay que hacer es revisar la ley de concesiones mineras. Sin manifestar desacuerdo con los t\u00e9rminos generales de la moci\u00f3n parlamentaria que se discute en el Senado, y concordando &hellip; Juan Medel: \u201cLa renta minera de activos de alta rentabilidad no se puede capturar v\u00eda royalty\u201d Leer m\u00e1s &raquo;","og_url":"https:\/\/www.portatax.cl\/mineria\/2021\/07\/21\/juan-medel-la-renta-minera-de-activos-de-alta-rentabilidad-no-se-puede-capturar-via-royalty\/","og_site_name":"Portatax","article_published_time":"2021-07-21T14:14:30+00:00","article_modified_time":"2023-12-05T19:04:15+00:00","og_image":[{"width":1200,"height":630,"url":"https:\/\/www.portatax.cl\/mineria\/wp-content\/uploads\/2021\/07\/1.-Juan-Medel-foro-Royalty.jpeg","type":"image\/jpeg"}],"author":"Marjorie","twitter_card":"summary_large_image","twitter_misc":{"Escrito por":"Marjorie","Tiempo de lectura":"5 minutos"},"schema":{"@context":"https:\/\/schema.org","@graph":[{"@type":"Article","@id":"https:\/\/www.portatax.cl\/mineria\/2021\/07\/21\/juan-medel-la-renta-minera-de-activos-de-alta-rentabilidad-no-se-puede-capturar-via-royalty\/#article","isPartOf":{"@id":"https:\/\/www.portatax.cl\/mineria\/2021\/07\/21\/juan-medel-la-renta-minera-de-activos-de-alta-rentabilidad-no-se-puede-capturar-via-royalty\/"},"author":{"name":"Marjorie","@id":"https:\/\/www.portatax.cl\/mineria\/#\/schema\/person\/16bad928390762f14c4b8023f0f356d2"},"headline":"Juan Medel: \u201cLa renta minera de activos de alta rentabilidad no se puede capturar v\u00eda royalty\u201d","datePublished":"2021-07-21T14:14:30+00:00","dateModified":"2023-12-05T19:04:15+00:00","mainEntityOfPage":{"@id":"https:\/\/www.portatax.cl\/mineria\/2021\/07\/21\/juan-medel-la-renta-minera-de-activos-de-alta-rentabilidad-no-se-puede-capturar-via-royalty\/"},"wordCount":975,"publisher":{"@id":"https:\/\/www.portatax.cl\/mineria\/#organization"},"articleSection":["Royalty Minero"],"inLanguage":"es"},{"@type":"WebPage","@id":"https:\/\/www.portatax.cl\/mineria\/2021\/07\/21\/juan-medel-la-renta-minera-de-activos-de-alta-rentabilidad-no-se-puede-capturar-via-royalty\/","url":"https:\/\/www.portatax.cl\/mineria\/2021\/07\/21\/juan-medel-la-renta-minera-de-activos-de-alta-rentabilidad-no-se-puede-capturar-via-royalty\/","name":"Juan Medel: \u201cLa renta minera de activos de alta rentabilidad no se puede capturar v\u00eda royalty\u201d - Portatax","isPartOf":{"@id":"https:\/\/www.portatax.cl\/mineria\/#website"},"datePublished":"2021-07-21T14:14:30+00:00","dateModified":"2023-12-05T19:04:15+00:00","breadcrumb":{"@id":"https:\/\/www.portatax.cl\/mineria\/2021\/07\/21\/juan-medel-la-renta-minera-de-activos-de-alta-rentabilidad-no-se-puede-capturar-via-royalty\/#breadcrumb"},"inLanguage":"es","potentialAction":[{"@type":"ReadAction","target":["https:\/\/www.portatax.cl\/mineria\/2021\/07\/21\/juan-medel-la-renta-minera-de-activos-de-alta-rentabilidad-no-se-puede-capturar-via-royalty\/"]}]},{"@type":"BreadcrumbList","@id":"https:\/\/www.portatax.cl\/mineria\/2021\/07\/21\/juan-medel-la-renta-minera-de-activos-de-alta-rentabilidad-no-se-puede-capturar-via-royalty\/#breadcrumb","itemListElement":[{"@type":"ListItem","position":1,"name":"Portada","item":"https:\/\/www.portatax.cl\/mineria\/"},{"@type":"ListItem","position":2,"name":"Juan Medel: \u201cLa renta minera de activos de alta rentabilidad no se puede capturar v\u00eda royalty\u201d"}]},{"@type":"WebSite","@id":"https:\/\/www.portatax.cl\/mineria\/#website","url":"https:\/\/www.portatax.cl\/mineria\/","name":"Portatax","description":"Servicios Tributarios","publisher":{"@id":"https:\/\/www.portatax.cl\/mineria\/#organization"},"potentialAction":[{"@type":"SearchAction","target":{"@type":"EntryPoint","urlTemplate":"https:\/\/www.portatax.cl\/mineria\/?s={search_term_string}"},"query-input":"required name=search_term_string"}],"inLanguage":"es"},{"@type":"Organization","@id":"https:\/\/www.portatax.cl\/mineria\/#organization","name":"Portatax","url":"https:\/\/www.portatax.cl\/mineria\/","logo":{"@type":"ImageObject","inLanguage":"es","@id":"https:\/\/www.portatax.cl\/mineria\/#\/schema\/logo\/image\/","url":"https:\/\/www.portatax.cl\/mineria\/wp-content\/uploads\/2021\/03\/Logo-Porta-Tax-2.png","contentUrl":"https:\/\/www.portatax.cl\/mineria\/wp-content\/uploads\/2021\/03\/Logo-Porta-Tax-2.png","width":250,"height":83,"caption":"Portatax"},"image":{"@id":"https:\/\/www.portatax.cl\/mineria\/#\/schema\/logo\/image\/"}},{"@type":"Person","@id":"https:\/\/www.portatax.cl\/mineria\/#\/schema\/person\/16bad928390762f14c4b8023f0f356d2","name":"Marjorie","image":{"@type":"ImageObject","inLanguage":"es","@id":"https:\/\/www.portatax.cl\/mineria\/#\/schema\/person\/image\/","url":"https:\/\/secure.gravatar.com\/avatar\/075ec98493ed93d68bb3fc65934af517464edbda82d3de640a0d868437b444ba?s=96&d=mm&r=g","contentUrl":"https:\/\/secure.gravatar.com\/avatar\/075ec98493ed93d68bb3fc65934af517464edbda82d3de640a0d868437b444ba?s=96&d=mm&r=g","caption":"Marjorie"},"url":"https:\/\/www.portatax.cl\/mineria\/author\/marjorie\/"}]}},"_links":{"self":[{"href":"https:\/\/www.portatax.cl\/mineria\/wp-json\/wp\/v2\/posts\/3776","targetHints":{"allow":["GET"]}}],"collection":[{"href":"https:\/\/www.portatax.cl\/mineria\/wp-json\/wp\/v2\/posts"}],"about":[{"href":"https:\/\/www.portatax.cl\/mineria\/wp-json\/wp\/v2\/types\/post"}],"author":[{"embeddable":true,"href":"https:\/\/www.portatax.cl\/mineria\/wp-json\/wp\/v2\/users\/2"}],"replies":[{"embeddable":true,"href":"https:\/\/www.portatax.cl\/mineria\/wp-json\/wp\/v2\/comments?post=3776"}],"version-history":[{"count":3,"href":"https:\/\/www.portatax.cl\/mineria\/wp-json\/wp\/v2\/posts\/3776\/revisions"}],"predecessor-version":[{"id":4742,"href":"https:\/\/www.portatax.cl\/mineria\/wp-json\/wp\/v2\/posts\/3776\/revisions\/4742"}],"wp:featuredmedia":[{"embeddable":true,"href":"https:\/\/www.portatax.cl\/mineria\/wp-json\/wp\/v2\/media\/3778"}],"wp:attachment":[{"href":"https:\/\/www.portatax.cl\/mineria\/wp-json\/wp\/v2\/media?parent=3776"}],"wp:term":[{"taxonomy":"category","embeddable":true,"href":"https:\/\/www.portatax.cl\/mineria\/wp-json\/wp\/v2\/categories?post=3776"},{"taxonomy":"post_tag","embeddable":true,"href":"https:\/\/www.portatax.cl\/mineria\/wp-json\/wp\/v2\/tags?post=3776"}],"curies":[{"name":"wp","href":"https:\/\/api.w.org\/{rel}","templated":true}]}}