{"id":3847,"date":"2021-08-26T11:31:05","date_gmt":"2021-08-26T15:31:05","guid":{"rendered":"https:\/\/www.portatax.cl\/mineria\/?p=3847"},"modified":"2023-12-04T19:10:05","modified_gmt":"2023-12-04T23:10:05","slug":"comision-del-senado-votara-en-general-el-proyecto-de-royalty-minero-la-proxima-semana","status":"publish","type":"post","link":"https:\/\/www.portatax.cl\/mineria\/2021\/08\/26\/comision-del-senado-votara-en-general-el-proyecto-de-royalty-minero-la-proxima-semana\/","title":{"rendered":"Comisi\u00f3n del Senado votar\u00e1 en general el proyecto de royalty minero la pr\u00f3xima semana"},"content":{"rendered":"\n<p>(publicado por: <a href=\"https:\/\/www.df.cl\/\">https:\/\/www.df.cl\/<\/a>) <\/p>\n\n\n\n<blockquote class=\"wp-block-quote is-layout-flow wp-block-quote-is-layout-flow\"><p>Teck se\u00f1al\u00f3 que es relevante que el sector cuente con un marco institucional y regulaciones robustas.<\/p><\/blockquote>\n\n\n\n<p>El proyecto de royalty minero vuelve a enfrentar momentos de definiciones. La comisi\u00f3n de Miner\u00eda y Energ\u00eda del Senado acord\u00f3 ayer que votar\u00e1 en general la iniciativa la pr\u00f3xima semana.<\/p>\n\n\n\n<p>Asegurando que durante esta discusi\u00f3n han recibido los argumentos de m\u00e1s de 60 organizaciones y participado en dos seminarios internacionales, la presidenta de la instancia, Yasna Provoste, destac\u00f3 que se han propuesto desde la comisi\u00f3n \u201chacer una discusi\u00f3n de fondo, seria, amplia, lo m\u00e1s alejada posible de las miradas a corto plazo y tambi\u00e9n de las consignas de las campa\u00f1as del terror\u201d.<\/p>\n\n\n\n<figure class=\"wp-block-image\"><img decoding=\"async\" src=\"https:\/\/www.df.cl\/noticias\/site\/artic\/20210825\/imag\/foto_0000000320210825205137.png\" alt=\"Imagen foto_00000003\"\/><\/figure>\n\n\n\n<p>\u201cTenemos la certeza en que escuchando una diversidad podemos generar una mejor ley\u201d, agreg\u00f3. Y aunque la senadora dijo que la de ayer era la audiencia final para proceder en la siguiente a votar la iniciativa, a\u00fan restan algunas exposiciones, las que se materializar\u00edan previo a la votaci\u00f3n.<\/p>\n\n\n\n<p>En la cita, una de las \u00faltimas mineras en comentar el proyecto fue Teck Resources. Amparo Cornejo, vicepresidenta de Sustentabilidad y Asuntos Corporativos, dijo que es cada vez m\u00e1s complejo construir megaproyectos mineros y enfatiz\u00f3 que \u201ces muy relevante que la miner\u00eda cuente en nuestro pa\u00eds con un marco institucional y regulaciones robustas y confiables y que haya apoyo a la inversi\u00f3n extranjera\u201d.<\/p>\n\n\n\n<p>Destac\u00f3 que para el caso de Quebrada Blanca fase II -que a su inversi\u00f3n por US$ 5.200 millones han agregado otros US$ 600 millones para enfrentar los desaf\u00edos del Covid- \u201cfue muy decisivo para la aprobaci\u00f3n de este proyecto las condiciones tributarias existentes en Chile\u201d, sincer\u00f3. Para Cornejo, \u201clos beneficios de la miner\u00eda van mucho m\u00e1s all\u00e1 de los impuestos que ella paga\u201d. En esta discusi\u00f3n, recalc\u00f3 que es muy importante que se incorpore la forma en que se toman las decisiones en estos grandes proyectos mineros y tambi\u00e9n se consideren aspectos de innovaci\u00f3n.<\/p>\n\n\n\n<p>El gerente general del Grupo Minero Las Cenizas, Cristi\u00e1n Argando\u00f1a, sostuvo que el establecimiento de un royalty ad valorem, adicional al impuesto espec\u00edfico, \u201cafectar\u00e1 seriamente la viabilidad de las empresas de la mediana miner\u00eda\u201d.<\/p>\n\n\n\n<p>\u201cA niveles de precios inferiores a US$ 2,75-2,85\/lb, la mediana miner\u00eda no soporta cargas adicionales de impuestos, debido a que sus costos de producci\u00f3n est\u00e1n en esos niveles en promedio y por ende quedan bajo el punto de equilibrio\u201d, dijo.<\/p>\n\n\n\n<p>En tanto, el presidente de la Sociedad Nacional de Miner\u00eda, Diego Hern\u00e1ndez, recalc\u00f3 que el impuesto aprobado por la C\u00e1mara de Diputados aumenta la carga tributaria que ya es una de las m\u00e1s altas del mundo. Y, al ser ad valorem \u201cequivale a subir la ley de corte, es decir, el contenido m\u00ednimo de cobre en el mineral para que su tratamiento sea econ\u00f3mico\u201d. En concreto, advirti\u00f3 que \u201clas tasas aprobadas por la C\u00e1mara son exageradamente altas y en la pr\u00e1ctica har\u00eda que la miner\u00eda privada no sea posible\u201d. Y que un royalty ad valoren es \u201cregresivo\u201d pues afecta mucho m\u00e1s a las minas menos competitivas.<\/p>\n\n\n\n<p>Y apost\u00f3: \u201cDe las cuatro principales modalidades de royalty, el m\u00e1s adecuado para el parque productivo chileno es el de porcentaje sobre el margen operacional cuyas escalas siempre se pueden revisar\u201d<\/p>\n\n\n\n<p>noticia: <a href=\"https:\/\/www.df.cl\/noticias\/empresas\/energia\/comision-del-senado-votara-en-general-el-proyecto-de-royalty-minero-la\/2021-08-25\/205137.html\">https:\/\/www.df.cl\/noticias\/empresas\/energia\/comision-del-senado-votara-en-general-el-proyecto-de-royalty-minero-la\/2021-08-25\/205137.html<\/a><\/p>\n","protected":false},"excerpt":{"rendered":"<p>(publicado por: https:\/\/www.df.cl\/) Teck se\u00f1al\u00f3 que es relevante que el sector cuente con un marco institucional y regulaciones robustas. El proyecto de royalty minero vuelve a enfrentar momentos de definiciones. La comisi\u00f3n de Miner\u00eda y Energ\u00eda del Senado acord\u00f3 ayer que votar\u00e1 en general la iniciativa la pr\u00f3xima semana. Asegurando que durante esta discusi\u00f3n han &hellip;<\/p>\n<p class=\"read-more\"> <a class=\"\" href=\"https:\/\/www.portatax.cl\/mineria\/2021\/08\/26\/comision-del-senado-votara-en-general-el-proyecto-de-royalty-minero-la-proxima-semana\/\"> <span class=\"screen-reader-text\">Comisi\u00f3n del Senado votar\u00e1 en general el proyecto de royalty minero la pr\u00f3xima semana<\/span> Leer m\u00e1s &raquo;<\/a><\/p>\n","protected":false},"author":2,"featured_media":3848,"comment_status":"closed","ping_status":"closed","sticky":false,"template":"","format":"standard","meta":{"om_disable_all_campaigns":false,"_monsterinsights_skip_tracking":false,"_monsterinsights_sitenote_active":false,"_monsterinsights_sitenote_note":"","_monsterinsights_sitenote_category":0,"_uf_show_specific_survey":0,"_uf_disable_surveys":false,"site-sidebar-layout":"default","site-content-layout":"default","ast-site-content-layout":"default","site-content-style":"default","site-sidebar-style":"default","ast-global-header-display":"","ast-banner-title-visibility":"","ast-main-header-display":"","ast-hfb-above-header-display":"","ast-hfb-below-header-display":"","ast-hfb-mobile-header-display":"","site-post-title":"","ast-breadcrumbs-content":"","ast-featured-img":"","footer-sml-layout":"","theme-transparent-header-meta":"default","adv-header-id-meta":"","stick-header-meta":"","header-above-stick-meta":"","header-main-stick-meta":"","header-below-stick-meta":"","astra-migrate-meta-layouts":"set","ast-page-background-enabled":"default","ast-page-background-meta":{"desktop":{"background-color":"","background-image":"","background-repeat":"repeat","background-position":"center center","background-size":"auto","background-attachment":"scroll","background-type":"","background-media":"","overlay-type":"","overlay-color":"","overlay-gradient":""},"tablet":{"background-color":"","background-image":"","background-repeat":"repeat","background-position":"center center","background-size":"auto","background-attachment":"scroll","background-type":"","background-media":"","overlay-type":"","overlay-color":"","overlay-gradient":""},"mobile":{"background-color":"","background-image":"","background-repeat":"repeat","background-position":"center center","background-size":"auto","background-attachment":"scroll","background-type":"","background-media":"","overlay-type":"","overlay-color":"","overlay-gradient":""}},"ast-content-background-meta":{"desktop":{"background-color":"var(--ast-global-color-5)","background-image":"","background-repeat":"repeat","background-position":"center center","background-size":"auto","background-attachment":"scroll","background-type":"","background-media":"","overlay-type":"","overlay-color":"","overlay-gradient":""},"tablet":{"background-color":"var(--ast-global-color-5)","background-image":"","background-repeat":"repeat","background-position":"center center","background-size":"auto","background-attachment":"scroll","background-type":"","background-media":"","overlay-type":"","overlay-color":"","overlay-gradient":""},"mobile":{"background-color":"var(--ast-global-color-5)","background-image":"","background-repeat":"repeat","background-position":"center center","background-size":"auto","background-attachment":"scroll","background-type":"","background-media":"","overlay-type":"","overlay-color":"","overlay-gradient":""}},"footnotes":""},"categories":[51],"tags":[],"class_list":["post-3847","post","type-post","status-publish","format-standard","has-post-thumbnail","hentry","category-royalty-minero"],"aioseo_notices":[],"yoast_head":"<!-- This site is optimized with the Yoast SEO plugin v21.5 - https:\/\/yoast.com\/wordpress\/plugins\/seo\/ -->\n<title>Comisi\u00f3n del Senado votar\u00e1 en general el proyecto de royalty minero la pr\u00f3xima semana - Portatax<\/title>\n<meta name=\"robots\" content=\"index, follow, max-snippet:-1, max-image-preview:large, max-video-preview:-1\" \/>\n<link rel=\"canonical\" href=\"https:\/\/www.portatax.cl\/mineria\/2021\/08\/26\/comision-del-senado-votara-en-general-el-proyecto-de-royalty-minero-la-proxima-semana\/\" \/>\n<meta property=\"og:locale\" content=\"es_ES\" \/>\n<meta property=\"og:type\" content=\"article\" \/>\n<meta property=\"og:title\" content=\"Comisi\u00f3n del Senado votar\u00e1 en general el proyecto de royalty minero la pr\u00f3xima semana - Portatax\" \/>\n<meta property=\"og:description\" content=\"(publicado por: https:\/\/www.df.cl\/) Teck se\u00f1al\u00f3 que es relevante que el sector cuente con un marco institucional y regulaciones robustas. El proyecto de royalty minero vuelve a enfrentar momentos de definiciones. La comisi\u00f3n de Miner\u00eda y Energ\u00eda del Senado acord\u00f3 ayer que votar\u00e1 en general la iniciativa la pr\u00f3xima semana. Asegurando que durante esta discusi\u00f3n han &hellip; Comisi\u00f3n del Senado votar\u00e1 en general el proyecto de royalty minero la pr\u00f3xima semana Leer m\u00e1s &raquo;\" \/>\n<meta property=\"og:url\" content=\"https:\/\/www.portatax.cl\/mineria\/2021\/08\/26\/comision-del-senado-votara-en-general-el-proyecto-de-royalty-minero-la-proxima-semana\/\" \/>\n<meta property=\"og:site_name\" content=\"Portatax\" \/>\n<meta property=\"article:published_time\" content=\"2021-08-26T15:31:05+00:00\" \/>\n<meta property=\"article:modified_time\" content=\"2023-12-04T23:10:05+00:00\" \/>\n<meta property=\"og:image\" content=\"https:\/\/www.portatax.cl\/mineria\/wp-content\/uploads\/2021\/08\/Promo-Facebook-Facebook-image-post-3.jpeg\" \/>\n\t<meta property=\"og:image:width\" content=\"1200\" \/>\n\t<meta property=\"og:image:height\" content=\"630\" \/>\n\t<meta property=\"og:image:type\" content=\"image\/jpeg\" \/>\n<meta name=\"author\" content=\"Marjorie\" \/>\n<meta name=\"twitter:card\" content=\"summary_large_image\" \/>\n<meta name=\"twitter:label1\" content=\"Escrito por\" \/>\n\t<meta name=\"twitter:data1\" content=\"Marjorie\" \/>\n\t<meta name=\"twitter:label2\" content=\"Tiempo de lectura\" \/>\n\t<meta name=\"twitter:data2\" content=\"3 minutos\" \/>\n<script type=\"application\/ld+json\" class=\"yoast-schema-graph\">{\"@context\":\"https:\/\/schema.org\",\"@graph\":[{\"@type\":\"Article\",\"@id\":\"https:\/\/www.portatax.cl\/mineria\/2021\/08\/26\/comision-del-senado-votara-en-general-el-proyecto-de-royalty-minero-la-proxima-semana\/#article\",\"isPartOf\":{\"@id\":\"https:\/\/www.portatax.cl\/mineria\/2021\/08\/26\/comision-del-senado-votara-en-general-el-proyecto-de-royalty-minero-la-proxima-semana\/\"},\"author\":{\"name\":\"Marjorie\",\"@id\":\"https:\/\/www.portatax.cl\/mineria\/#\/schema\/person\/16bad928390762f14c4b8023f0f356d2\"},\"headline\":\"Comisi\u00f3n del Senado votar\u00e1 en general el proyecto de royalty minero la pr\u00f3xima semana\",\"datePublished\":\"2021-08-26T15:31:05+00:00\",\"dateModified\":\"2023-12-04T23:10:05+00:00\",\"mainEntityOfPage\":{\"@id\":\"https:\/\/www.portatax.cl\/mineria\/2021\/08\/26\/comision-del-senado-votara-en-general-el-proyecto-de-royalty-minero-la-proxima-semana\/\"},\"wordCount\":602,\"publisher\":{\"@id\":\"https:\/\/www.portatax.cl\/mineria\/#organization\"},\"articleSection\":[\"Royalty Minero\"],\"inLanguage\":\"es\"},{\"@type\":\"WebPage\",\"@id\":\"https:\/\/www.portatax.cl\/mineria\/2021\/08\/26\/comision-del-senado-votara-en-general-el-proyecto-de-royalty-minero-la-proxima-semana\/\",\"url\":\"https:\/\/www.portatax.cl\/mineria\/2021\/08\/26\/comision-del-senado-votara-en-general-el-proyecto-de-royalty-minero-la-proxima-semana\/\",\"name\":\"Comisi\u00f3n del Senado votar\u00e1 en general el proyecto de royalty minero la pr\u00f3xima semana - Portatax\",\"isPartOf\":{\"@id\":\"https:\/\/www.portatax.cl\/mineria\/#website\"},\"datePublished\":\"2021-08-26T15:31:05+00:00\",\"dateModified\":\"2023-12-04T23:10:05+00:00\",\"breadcrumb\":{\"@id\":\"https:\/\/www.portatax.cl\/mineria\/2021\/08\/26\/comision-del-senado-votara-en-general-el-proyecto-de-royalty-minero-la-proxima-semana\/#breadcrumb\"},\"inLanguage\":\"es\",\"potentialAction\":[{\"@type\":\"ReadAction\",\"target\":[\"https:\/\/www.portatax.cl\/mineria\/2021\/08\/26\/comision-del-senado-votara-en-general-el-proyecto-de-royalty-minero-la-proxima-semana\/\"]}]},{\"@type\":\"BreadcrumbList\",\"@id\":\"https:\/\/www.portatax.cl\/mineria\/2021\/08\/26\/comision-del-senado-votara-en-general-el-proyecto-de-royalty-minero-la-proxima-semana\/#breadcrumb\",\"itemListElement\":[{\"@type\":\"ListItem\",\"position\":1,\"name\":\"Portada\",\"item\":\"https:\/\/www.portatax.cl\/mineria\/\"},{\"@type\":\"ListItem\",\"position\":2,\"name\":\"Comisi\u00f3n del Senado votar\u00e1 en general el proyecto de royalty minero la pr\u00f3xima semana\"}]},{\"@type\":\"WebSite\",\"@id\":\"https:\/\/www.portatax.cl\/mineria\/#website\",\"url\":\"https:\/\/www.portatax.cl\/mineria\/\",\"name\":\"Portatax\",\"description\":\"Servicios Tributarios\",\"publisher\":{\"@id\":\"https:\/\/www.portatax.cl\/mineria\/#organization\"},\"potentialAction\":[{\"@type\":\"SearchAction\",\"target\":{\"@type\":\"EntryPoint\",\"urlTemplate\":\"https:\/\/www.portatax.cl\/mineria\/?s={search_term_string}\"},\"query-input\":\"required name=search_term_string\"}],\"inLanguage\":\"es\"},{\"@type\":\"Organization\",\"@id\":\"https:\/\/www.portatax.cl\/mineria\/#organization\",\"name\":\"Portatax\",\"url\":\"https:\/\/www.portatax.cl\/mineria\/\",\"logo\":{\"@type\":\"ImageObject\",\"inLanguage\":\"es\",\"@id\":\"https:\/\/www.portatax.cl\/mineria\/#\/schema\/logo\/image\/\",\"url\":\"https:\/\/www.portatax.cl\/mineria\/wp-content\/uploads\/2021\/03\/Logo-Porta-Tax-2.png\",\"contentUrl\":\"https:\/\/www.portatax.cl\/mineria\/wp-content\/uploads\/2021\/03\/Logo-Porta-Tax-2.png\",\"width\":250,\"height\":83,\"caption\":\"Portatax\"},\"image\":{\"@id\":\"https:\/\/www.portatax.cl\/mineria\/#\/schema\/logo\/image\/\"}},{\"@type\":\"Person\",\"@id\":\"https:\/\/www.portatax.cl\/mineria\/#\/schema\/person\/16bad928390762f14c4b8023f0f356d2\",\"name\":\"Marjorie\",\"image\":{\"@type\":\"ImageObject\",\"inLanguage\":\"es\",\"@id\":\"https:\/\/www.portatax.cl\/mineria\/#\/schema\/person\/image\/\",\"url\":\"https:\/\/secure.gravatar.com\/avatar\/075ec98493ed93d68bb3fc65934af517464edbda82d3de640a0d868437b444ba?s=96&d=mm&r=g\",\"contentUrl\":\"https:\/\/secure.gravatar.com\/avatar\/075ec98493ed93d68bb3fc65934af517464edbda82d3de640a0d868437b444ba?s=96&d=mm&r=g\",\"caption\":\"Marjorie\"},\"url\":\"https:\/\/www.portatax.cl\/mineria\/author\/marjorie\/\"}]}<\/script>\n<!-- \/ Yoast SEO plugin. -->","yoast_head_json":{"title":"Comisi\u00f3n del Senado votar\u00e1 en general el proyecto de royalty minero la pr\u00f3xima semana - Portatax","robots":{"index":"index","follow":"follow","max-snippet":"max-snippet:-1","max-image-preview":"max-image-preview:large","max-video-preview":"max-video-preview:-1"},"canonical":"https:\/\/www.portatax.cl\/mineria\/2021\/08\/26\/comision-del-senado-votara-en-general-el-proyecto-de-royalty-minero-la-proxima-semana\/","og_locale":"es_ES","og_type":"article","og_title":"Comisi\u00f3n del Senado votar\u00e1 en general el proyecto de royalty minero la pr\u00f3xima semana - Portatax","og_description":"(publicado por: https:\/\/www.df.cl\/) Teck se\u00f1al\u00f3 que es relevante que el sector cuente con un marco institucional y regulaciones robustas. El proyecto de royalty minero vuelve a enfrentar momentos de definiciones. La comisi\u00f3n de Miner\u00eda y Energ\u00eda del Senado acord\u00f3 ayer que votar\u00e1 en general la iniciativa la pr\u00f3xima semana. Asegurando que durante esta discusi\u00f3n han &hellip; Comisi\u00f3n del Senado votar\u00e1 en general el proyecto de royalty minero la pr\u00f3xima semana Leer m\u00e1s &raquo;","og_url":"https:\/\/www.portatax.cl\/mineria\/2021\/08\/26\/comision-del-senado-votara-en-general-el-proyecto-de-royalty-minero-la-proxima-semana\/","og_site_name":"Portatax","article_published_time":"2021-08-26T15:31:05+00:00","article_modified_time":"2023-12-04T23:10:05+00:00","og_image":[{"width":1200,"height":630,"url":"https:\/\/www.portatax.cl\/mineria\/wp-content\/uploads\/2021\/08\/Promo-Facebook-Facebook-image-post-3.jpeg","type":"image\/jpeg"}],"author":"Marjorie","twitter_card":"summary_large_image","twitter_misc":{"Escrito por":"Marjorie","Tiempo de lectura":"3 minutos"},"schema":{"@context":"https:\/\/schema.org","@graph":[{"@type":"Article","@id":"https:\/\/www.portatax.cl\/mineria\/2021\/08\/26\/comision-del-senado-votara-en-general-el-proyecto-de-royalty-minero-la-proxima-semana\/#article","isPartOf":{"@id":"https:\/\/www.portatax.cl\/mineria\/2021\/08\/26\/comision-del-senado-votara-en-general-el-proyecto-de-royalty-minero-la-proxima-semana\/"},"author":{"name":"Marjorie","@id":"https:\/\/www.portatax.cl\/mineria\/#\/schema\/person\/16bad928390762f14c4b8023f0f356d2"},"headline":"Comisi\u00f3n del Senado votar\u00e1 en general el proyecto de royalty minero la pr\u00f3xima semana","datePublished":"2021-08-26T15:31:05+00:00","dateModified":"2023-12-04T23:10:05+00:00","mainEntityOfPage":{"@id":"https:\/\/www.portatax.cl\/mineria\/2021\/08\/26\/comision-del-senado-votara-en-general-el-proyecto-de-royalty-minero-la-proxima-semana\/"},"wordCount":602,"publisher":{"@id":"https:\/\/www.portatax.cl\/mineria\/#organization"},"articleSection":["Royalty Minero"],"inLanguage":"es"},{"@type":"WebPage","@id":"https:\/\/www.portatax.cl\/mineria\/2021\/08\/26\/comision-del-senado-votara-en-general-el-proyecto-de-royalty-minero-la-proxima-semana\/","url":"https:\/\/www.portatax.cl\/mineria\/2021\/08\/26\/comision-del-senado-votara-en-general-el-proyecto-de-royalty-minero-la-proxima-semana\/","name":"Comisi\u00f3n del Senado votar\u00e1 en general el proyecto de royalty minero la pr\u00f3xima semana - Portatax","isPartOf":{"@id":"https:\/\/www.portatax.cl\/mineria\/#website"},"datePublished":"2021-08-26T15:31:05+00:00","dateModified":"2023-12-04T23:10:05+00:00","breadcrumb":{"@id":"https:\/\/www.portatax.cl\/mineria\/2021\/08\/26\/comision-del-senado-votara-en-general-el-proyecto-de-royalty-minero-la-proxima-semana\/#breadcrumb"},"inLanguage":"es","potentialAction":[{"@type":"ReadAction","target":["https:\/\/www.portatax.cl\/mineria\/2021\/08\/26\/comision-del-senado-votara-en-general-el-proyecto-de-royalty-minero-la-proxima-semana\/"]}]},{"@type":"BreadcrumbList","@id":"https:\/\/www.portatax.cl\/mineria\/2021\/08\/26\/comision-del-senado-votara-en-general-el-proyecto-de-royalty-minero-la-proxima-semana\/#breadcrumb","itemListElement":[{"@type":"ListItem","position":1,"name":"Portada","item":"https:\/\/www.portatax.cl\/mineria\/"},{"@type":"ListItem","position":2,"name":"Comisi\u00f3n del Senado votar\u00e1 en general el proyecto de royalty minero la pr\u00f3xima semana"}]},{"@type":"WebSite","@id":"https:\/\/www.portatax.cl\/mineria\/#website","url":"https:\/\/www.portatax.cl\/mineria\/","name":"Portatax","description":"Servicios Tributarios","publisher":{"@id":"https:\/\/www.portatax.cl\/mineria\/#organization"},"potentialAction":[{"@type":"SearchAction","target":{"@type":"EntryPoint","urlTemplate":"https:\/\/www.portatax.cl\/mineria\/?s={search_term_string}"},"query-input":"required name=search_term_string"}],"inLanguage":"es"},{"@type":"Organization","@id":"https:\/\/www.portatax.cl\/mineria\/#organization","name":"Portatax","url":"https:\/\/www.portatax.cl\/mineria\/","logo":{"@type":"ImageObject","inLanguage":"es","@id":"https:\/\/www.portatax.cl\/mineria\/#\/schema\/logo\/image\/","url":"https:\/\/www.portatax.cl\/mineria\/wp-content\/uploads\/2021\/03\/Logo-Porta-Tax-2.png","contentUrl":"https:\/\/www.portatax.cl\/mineria\/wp-content\/uploads\/2021\/03\/Logo-Porta-Tax-2.png","width":250,"height":83,"caption":"Portatax"},"image":{"@id":"https:\/\/www.portatax.cl\/mineria\/#\/schema\/logo\/image\/"}},{"@type":"Person","@id":"https:\/\/www.portatax.cl\/mineria\/#\/schema\/person\/16bad928390762f14c4b8023f0f356d2","name":"Marjorie","image":{"@type":"ImageObject","inLanguage":"es","@id":"https:\/\/www.portatax.cl\/mineria\/#\/schema\/person\/image\/","url":"https:\/\/secure.gravatar.com\/avatar\/075ec98493ed93d68bb3fc65934af517464edbda82d3de640a0d868437b444ba?s=96&d=mm&r=g","contentUrl":"https:\/\/secure.gravatar.com\/avatar\/075ec98493ed93d68bb3fc65934af517464edbda82d3de640a0d868437b444ba?s=96&d=mm&r=g","caption":"Marjorie"},"url":"https:\/\/www.portatax.cl\/mineria\/author\/marjorie\/"}]}},"_links":{"self":[{"href":"https:\/\/www.portatax.cl\/mineria\/wp-json\/wp\/v2\/posts\/3847","targetHints":{"allow":["GET"]}}],"collection":[{"href":"https:\/\/www.portatax.cl\/mineria\/wp-json\/wp\/v2\/posts"}],"about":[{"href":"https:\/\/www.portatax.cl\/mineria\/wp-json\/wp\/v2\/types\/post"}],"author":[{"embeddable":true,"href":"https:\/\/www.portatax.cl\/mineria\/wp-json\/wp\/v2\/users\/2"}],"replies":[{"embeddable":true,"href":"https:\/\/www.portatax.cl\/mineria\/wp-json\/wp\/v2\/comments?post=3847"}],"version-history":[{"count":3,"href":"https:\/\/www.portatax.cl\/mineria\/wp-json\/wp\/v2\/posts\/3847\/revisions"}],"predecessor-version":[{"id":4729,"href":"https:\/\/www.portatax.cl\/mineria\/wp-json\/wp\/v2\/posts\/3847\/revisions\/4729"}],"wp:featuredmedia":[{"embeddable":true,"href":"https:\/\/www.portatax.cl\/mineria\/wp-json\/wp\/v2\/media\/3848"}],"wp:attachment":[{"href":"https:\/\/www.portatax.cl\/mineria\/wp-json\/wp\/v2\/media?parent=3847"}],"wp:term":[{"taxonomy":"category","embeddable":true,"href":"https:\/\/www.portatax.cl\/mineria\/wp-json\/wp\/v2\/categories?post=3847"},{"taxonomy":"post_tag","embeddable":true,"href":"https:\/\/www.portatax.cl\/mineria\/wp-json\/wp\/v2\/tags?post=3847"}],"curies":[{"name":"wp","href":"https:\/\/api.w.org\/{rel}","templated":true}]}}