{"id":3852,"date":"2021-08-27T13:55:42","date_gmt":"2021-08-27T17:55:42","guid":{"rendered":"https:\/\/www.portatax.cl\/mineria\/?p=3852"},"modified":"2023-12-04T19:09:59","modified_gmt":"2023-12-04T23:09:59","slug":"seminario-analizo-impactos-del-royalty-en-la-industria-minera","status":"publish","type":"post","link":"https:\/\/www.portatax.cl\/mineria\/2021\/08\/27\/seminario-analizo-impactos-del-royalty-en-la-industria-minera\/","title":{"rendered":"Seminario analiz\u00f3 impactos del royalty en la industria Minera"},"content":{"rendered":"\n<p>(publicado por: <a href=\"https:\/\/aprimin.cl\/\">https:\/\/aprimin.cl\/<\/a>) <\/p>\n\n\n\n<blockquote class=\"wp-block-quote is-layout-flow wp-block-quote-is-layout-flow\"><p><strong><em>Se acerca la fecha de votaci\u00f3n en general del proyecto de royalty minero en la Comisi\u00f3n de Miner\u00eda y Energ\u00eda del Senado, raz\u00f3n que motiva a continuar instancias de an\u00e1lisis. En este contexto, se abord\u00f3 esta moci\u00f3n en un foro online organizado por el Comit\u00e9 Minero de la C\u00e1mara Chileno Suiza de Comercio.<\/em><\/strong><\/p><\/blockquote>\n\n\n\n<p>El proyecto de royalty minero, el cual propone aplicar desde un 3% a un 75% sobre las ventas a la miner\u00eda del pa\u00eds, vuelve a enfrentar momentos de definiciones. La senadora Yasna Provoste, presidenta de esa Comisi\u00f3n, recalc\u00f3 que a\u00fan quedan exposiciones de organizaciones mineras, las cuales deben ser materializadas previamente a la votaci\u00f3n del proyecto.<\/p>\n\n\n\n<p>En este contexto, el Comit\u00e9 de Miner\u00eda de la C\u00e1mara Chileno Suiza de Comercio (CCHSC) organiz\u00f3 un seminario para hablar de las dificultades y consecuencias que traer\u00eda el proyecto de royalty en la miner\u00eda de nuestro pa\u00eds.<strong>\u00a0La instancia cont\u00f3 con la participaci\u00f3n de Sergio Hern\u00e1ndez, director ejecutivo de la Asociaci\u00f3n de Proveedores Industriales de la Miner\u00eda (APRIMIN); mientras que Jean Dupouy, gerente de marketing de la empresa proveedora Endress + Hauser Chile present\u00f3 a esa empresa y sus innovaciones.<\/strong><\/p>\n\n\n\n<p>El proyecto propuesto en 2018 por diputados de oposici\u00f3n, se fund\u00f3 bajo la cr\u00edtica que en Chile no existe un royalty del Estado. Frente a esto, el director ejecutivo de APRIMIN, coment\u00f3 que \u201cesto constituye un error grav\u00edsimo, porque el impuesto espec\u00edfico a la actividad minera es un royalty. El royalty minero en Chile s\u00ed existe, porque las cosas en derecho son lo que son en su esencia y no lo que su nombre indica o su forma adopte\u201d.<\/p>\n\n\n\n<p>En la actualidad-a\u00f1ade- el royalty existente contempla tasas por tramos del margen operacional minero. La tasa efectiva es entre un 5% y un 14%. Sumado a impuestos que deben pagar las empresas mineras, la carga total de tributaci\u00f3n es, con los actuales m\u00e1rgenes proyectados de la gran miner\u00eda, en torno entre el 42% y el 46%, \u201cuna carga razonable y competitiva\u201d, analiza Hern\u00e1ndez. Este tributo, o royalty, tiene como objetivo compensar el deterioro patrimonial de la propiedad del Estado como consecuencia de la extracci\u00f3n de los recursos mineros que se encuentran bajo su territorio y que privados explotan para su desarrollo.<\/p>\n\n\n\n<p>Asimismo, es importante mencionar que la propuesta actual parlamentaria de royalty se aplicar\u00eda para mineras que producen sobre las 12.000 toneladas de cobre y su equivalente en otras pastas, considerando tasas que aumentan a medida que el precio de los minerales sube, llegando hasta m\u00e1s de un 80% de carga tributaria total, al sumar el royalty a otros impuestos, incluyendo el Impuesto Espec\u00edfico a la Miner\u00eda que no se deroga,&nbsp; con lo cual se duplicar\u00eda la carga que se aplica en otros distritos mineros que nos compiten.<\/p>\n\n\n\n<p>P\u00e9rdida de competitividad<\/p>\n\n\n\n<p>Por otra parte, se suma a este contexto el hecho que la operaci\u00f3n minera en nuestro pa\u00eds est\u00e1 sometida a una serie de factores externos que, en gran medida, deterioran la competitividad de la industria frente a otros&nbsp; pa\u00edses, como son la disminuci\u00f3n de mineral puro en los yacimientos, las mayores impurezas, la mayor dureza de la roca, los permisos ambientales y la licencia de la comunidad, el precio de la energ\u00eda, las inversiones por la impulsi\u00f3n y desalinizaci\u00f3n del agua de mar, los costos de adopci\u00f3n de nuevas tecnolog\u00edas y la incertidumbre que genera el proceso constitucional son algunos de los elementos a los que alude Hern\u00e1ndez. A esto, se le suma la inquietud que produce el royalty, y qu\u00e9 implicancias tendr\u00e1 en la industria chilena.<\/p>\n\n\n\n<p>Frente a esto, Jean Dupouy, gerente de marketing de la empresa proveedora Endress + Hauser Chile, al referirse en parte de su exposici\u00f3n a este tema, coment\u00f3 que \u201cla industria minera, no solamente local, sino que internacional, ha estado cambiando gracias a la escasez h\u00eddrica, los costos de energ\u00eda, las razones sociales para operar, las presiones de las comunidades, y ahora, con el nuevo proyecto de royalty minero\u201d.<\/p>\n\n\n\n<p>noticia: <a href=\"http:\/\/aprimin.cl\/site\/sin-categoria\/seminario-analizo-impactos-del-royalty-en-la-industria-minera\/\">http:\/\/aprimin.cl\/site\/sin-categoria\/seminario-analizo-impactos-del-royalty-en-la-industria-minera\/<\/a><\/p>\n","protected":false},"excerpt":{"rendered":"<p>(publicado por: https:\/\/aprimin.cl\/) Se acerca la fecha de votaci\u00f3n en general del proyecto de royalty minero en la Comisi\u00f3n de Miner\u00eda y Energ\u00eda del Senado, raz\u00f3n que motiva a continuar instancias de an\u00e1lisis. En este contexto, se abord\u00f3 esta moci\u00f3n en un foro online organizado por el Comit\u00e9 Minero de la C\u00e1mara Chileno Suiza de &hellip;<\/p>\n<p class=\"read-more\"> <a class=\"\" href=\"https:\/\/www.portatax.cl\/mineria\/2021\/08\/27\/seminario-analizo-impactos-del-royalty-en-la-industria-minera\/\"> <span class=\"screen-reader-text\">Seminario analiz\u00f3 impactos del royalty en la industria Minera<\/span> Leer m\u00e1s &raquo;<\/a><\/p>\n","protected":false},"author":2,"featured_media":3853,"comment_status":"closed","ping_status":"closed","sticky":false,"template":"","format":"standard","meta":{"om_disable_all_campaigns":false,"_monsterinsights_skip_tracking":false,"_monsterinsights_sitenote_active":false,"_monsterinsights_sitenote_note":"","_monsterinsights_sitenote_category":0,"_uf_show_specific_survey":0,"_uf_disable_surveys":false,"site-sidebar-layout":"default","site-content-layout":"default","ast-site-content-layout":"default","site-content-style":"default","site-sidebar-style":"default","ast-global-header-display":"","ast-banner-title-visibility":"","ast-main-header-display":"","ast-hfb-above-header-display":"","ast-hfb-below-header-display":"","ast-hfb-mobile-header-display":"","site-post-title":"","ast-breadcrumbs-content":"","ast-featured-img":"","footer-sml-layout":"","theme-transparent-header-meta":"default","adv-header-id-meta":"","stick-header-meta":"","header-above-stick-meta":"","header-main-stick-meta":"","header-below-stick-meta":"","astra-migrate-meta-layouts":"set","ast-page-background-enabled":"default","ast-page-background-meta":{"desktop":{"background-color":"","background-image":"","background-repeat":"repeat","background-position":"center center","background-size":"auto","background-attachment":"scroll","background-type":"","background-media":"","overlay-type":"","overlay-color":"","overlay-gradient":""},"tablet":{"background-color":"","background-image":"","background-repeat":"repeat","background-position":"center center","background-size":"auto","background-attachment":"scroll","background-type":"","background-media":"","overlay-type":"","overlay-color":"","overlay-gradient":""},"mobile":{"background-color":"","background-image":"","background-repeat":"repeat","background-position":"center center","background-size":"auto","background-attachment":"scroll","background-type":"","background-media":"","overlay-type":"","overlay-color":"","overlay-gradient":""}},"ast-content-background-meta":{"desktop":{"background-color":"var(--ast-global-color-5)","background-image":"","background-repeat":"repeat","background-position":"center center","background-size":"auto","background-attachment":"scroll","background-type":"","background-media":"","overlay-type":"","overlay-color":"","overlay-gradient":""},"tablet":{"background-color":"var(--ast-global-color-5)","background-image":"","background-repeat":"repeat","background-position":"center center","background-size":"auto","background-attachment":"scroll","background-type":"","background-media":"","overlay-type":"","overlay-color":"","overlay-gradient":""},"mobile":{"background-color":"var(--ast-global-color-5)","background-image":"","background-repeat":"repeat","background-position":"center center","background-size":"auto","background-attachment":"scroll","background-type":"","background-media":"","overlay-type":"","overlay-color":"","overlay-gradient":""}},"footnotes":""},"categories":[51],"tags":[],"class_list":["post-3852","post","type-post","status-publish","format-standard","has-post-thumbnail","hentry","category-royalty-minero"],"aioseo_notices":[],"yoast_head":"<!-- This site is optimized with the Yoast SEO plugin v21.5 - https:\/\/yoast.com\/wordpress\/plugins\/seo\/ -->\n<title>Seminario analiz\u00f3 impactos del royalty en la industria Minera - Portatax<\/title>\n<meta name=\"robots\" content=\"index, follow, max-snippet:-1, max-image-preview:large, max-video-preview:-1\" \/>\n<link rel=\"canonical\" href=\"https:\/\/www.portatax.cl\/mineria\/2021\/08\/27\/seminario-analizo-impactos-del-royalty-en-la-industria-minera\/\" \/>\n<meta property=\"og:locale\" content=\"es_ES\" \/>\n<meta property=\"og:type\" content=\"article\" \/>\n<meta property=\"og:title\" content=\"Seminario analiz\u00f3 impactos del royalty en la industria Minera - Portatax\" \/>\n<meta property=\"og:description\" content=\"(publicado por: https:\/\/aprimin.cl\/) Se acerca la fecha de votaci\u00f3n en general del proyecto de royalty minero en la Comisi\u00f3n de Miner\u00eda y Energ\u00eda del Senado, raz\u00f3n que motiva a continuar instancias de an\u00e1lisis. En este contexto, se abord\u00f3 esta moci\u00f3n en un foro online organizado por el Comit\u00e9 Minero de la C\u00e1mara Chileno Suiza de &hellip; Seminario analiz\u00f3 impactos del royalty en la industria Minera Leer m\u00e1s &raquo;\" \/>\n<meta property=\"og:url\" content=\"https:\/\/www.portatax.cl\/mineria\/2021\/08\/27\/seminario-analizo-impactos-del-royalty-en-la-industria-minera\/\" \/>\n<meta property=\"og:site_name\" content=\"Portatax\" \/>\n<meta property=\"article:published_time\" content=\"2021-08-27T17:55:42+00:00\" \/>\n<meta property=\"article:modified_time\" content=\"2023-12-04T23:09:59+00:00\" \/>\n<meta property=\"og:image\" content=\"https:\/\/www.portatax.cl\/mineria\/wp-content\/uploads\/2021\/08\/Promo-Facebook-Facebook-image-post-4.jpeg\" \/>\n\t<meta property=\"og:image:width\" content=\"1200\" \/>\n\t<meta property=\"og:image:height\" content=\"630\" \/>\n\t<meta property=\"og:image:type\" content=\"image\/jpeg\" \/>\n<meta name=\"author\" content=\"Marjorie\" \/>\n<meta name=\"twitter:card\" content=\"summary_large_image\" \/>\n<meta name=\"twitter:label1\" content=\"Escrito por\" \/>\n\t<meta name=\"twitter:data1\" content=\"Marjorie\" \/>\n\t<meta name=\"twitter:label2\" content=\"Tiempo de lectura\" \/>\n\t<meta name=\"twitter:data2\" content=\"3 minutos\" \/>\n<script type=\"application\/ld+json\" class=\"yoast-schema-graph\">{\"@context\":\"https:\/\/schema.org\",\"@graph\":[{\"@type\":\"Article\",\"@id\":\"https:\/\/www.portatax.cl\/mineria\/2021\/08\/27\/seminario-analizo-impactos-del-royalty-en-la-industria-minera\/#article\",\"isPartOf\":{\"@id\":\"https:\/\/www.portatax.cl\/mineria\/2021\/08\/27\/seminario-analizo-impactos-del-royalty-en-la-industria-minera\/\"},\"author\":{\"name\":\"Marjorie\",\"@id\":\"https:\/\/www.portatax.cl\/mineria\/#\/schema\/person\/16bad928390762f14c4b8023f0f356d2\"},\"headline\":\"Seminario analiz\u00f3 impactos del royalty en la industria Minera\",\"datePublished\":\"2021-08-27T17:55:42+00:00\",\"dateModified\":\"2023-12-04T23:09:59+00:00\",\"mainEntityOfPage\":{\"@id\":\"https:\/\/www.portatax.cl\/mineria\/2021\/08\/27\/seminario-analizo-impactos-del-royalty-en-la-industria-minera\/\"},\"wordCount\":717,\"publisher\":{\"@id\":\"https:\/\/www.portatax.cl\/mineria\/#organization\"},\"articleSection\":[\"Royalty Minero\"],\"inLanguage\":\"es\"},{\"@type\":\"WebPage\",\"@id\":\"https:\/\/www.portatax.cl\/mineria\/2021\/08\/27\/seminario-analizo-impactos-del-royalty-en-la-industria-minera\/\",\"url\":\"https:\/\/www.portatax.cl\/mineria\/2021\/08\/27\/seminario-analizo-impactos-del-royalty-en-la-industria-minera\/\",\"name\":\"Seminario analiz\u00f3 impactos del royalty en la industria Minera - Portatax\",\"isPartOf\":{\"@id\":\"https:\/\/www.portatax.cl\/mineria\/#website\"},\"datePublished\":\"2021-08-27T17:55:42+00:00\",\"dateModified\":\"2023-12-04T23:09:59+00:00\",\"breadcrumb\":{\"@id\":\"https:\/\/www.portatax.cl\/mineria\/2021\/08\/27\/seminario-analizo-impactos-del-royalty-en-la-industria-minera\/#breadcrumb\"},\"inLanguage\":\"es\",\"potentialAction\":[{\"@type\":\"ReadAction\",\"target\":[\"https:\/\/www.portatax.cl\/mineria\/2021\/08\/27\/seminario-analizo-impactos-del-royalty-en-la-industria-minera\/\"]}]},{\"@type\":\"BreadcrumbList\",\"@id\":\"https:\/\/www.portatax.cl\/mineria\/2021\/08\/27\/seminario-analizo-impactos-del-royalty-en-la-industria-minera\/#breadcrumb\",\"itemListElement\":[{\"@type\":\"ListItem\",\"position\":1,\"name\":\"Portada\",\"item\":\"https:\/\/www.portatax.cl\/mineria\/\"},{\"@type\":\"ListItem\",\"position\":2,\"name\":\"Seminario analiz\u00f3 impactos del royalty en la industria Minera\"}]},{\"@type\":\"WebSite\",\"@id\":\"https:\/\/www.portatax.cl\/mineria\/#website\",\"url\":\"https:\/\/www.portatax.cl\/mineria\/\",\"name\":\"Portatax\",\"description\":\"Servicios Tributarios\",\"publisher\":{\"@id\":\"https:\/\/www.portatax.cl\/mineria\/#organization\"},\"potentialAction\":[{\"@type\":\"SearchAction\",\"target\":{\"@type\":\"EntryPoint\",\"urlTemplate\":\"https:\/\/www.portatax.cl\/mineria\/?s={search_term_string}\"},\"query-input\":\"required name=search_term_string\"}],\"inLanguage\":\"es\"},{\"@type\":\"Organization\",\"@id\":\"https:\/\/www.portatax.cl\/mineria\/#organization\",\"name\":\"Portatax\",\"url\":\"https:\/\/www.portatax.cl\/mineria\/\",\"logo\":{\"@type\":\"ImageObject\",\"inLanguage\":\"es\",\"@id\":\"https:\/\/www.portatax.cl\/mineria\/#\/schema\/logo\/image\/\",\"url\":\"https:\/\/www.portatax.cl\/mineria\/wp-content\/uploads\/2021\/03\/Logo-Porta-Tax-2.png\",\"contentUrl\":\"https:\/\/www.portatax.cl\/mineria\/wp-content\/uploads\/2021\/03\/Logo-Porta-Tax-2.png\",\"width\":250,\"height\":83,\"caption\":\"Portatax\"},\"image\":{\"@id\":\"https:\/\/www.portatax.cl\/mineria\/#\/schema\/logo\/image\/\"}},{\"@type\":\"Person\",\"@id\":\"https:\/\/www.portatax.cl\/mineria\/#\/schema\/person\/16bad928390762f14c4b8023f0f356d2\",\"name\":\"Marjorie\",\"image\":{\"@type\":\"ImageObject\",\"inLanguage\":\"es\",\"@id\":\"https:\/\/www.portatax.cl\/mineria\/#\/schema\/person\/image\/\",\"url\":\"https:\/\/secure.gravatar.com\/avatar\/075ec98493ed93d68bb3fc65934af517464edbda82d3de640a0d868437b444ba?s=96&d=mm&r=g\",\"contentUrl\":\"https:\/\/secure.gravatar.com\/avatar\/075ec98493ed93d68bb3fc65934af517464edbda82d3de640a0d868437b444ba?s=96&d=mm&r=g\",\"caption\":\"Marjorie\"},\"url\":\"https:\/\/www.portatax.cl\/mineria\/author\/marjorie\/\"}]}<\/script>\n<!-- \/ Yoast SEO plugin. -->","yoast_head_json":{"title":"Seminario analiz\u00f3 impactos del royalty en la industria Minera - Portatax","robots":{"index":"index","follow":"follow","max-snippet":"max-snippet:-1","max-image-preview":"max-image-preview:large","max-video-preview":"max-video-preview:-1"},"canonical":"https:\/\/www.portatax.cl\/mineria\/2021\/08\/27\/seminario-analizo-impactos-del-royalty-en-la-industria-minera\/","og_locale":"es_ES","og_type":"article","og_title":"Seminario analiz\u00f3 impactos del royalty en la industria Minera - Portatax","og_description":"(publicado por: https:\/\/aprimin.cl\/) Se acerca la fecha de votaci\u00f3n en general del proyecto de royalty minero en la Comisi\u00f3n de Miner\u00eda y Energ\u00eda del Senado, raz\u00f3n que motiva a continuar instancias de an\u00e1lisis. En este contexto, se abord\u00f3 esta moci\u00f3n en un foro online organizado por el Comit\u00e9 Minero de la C\u00e1mara Chileno Suiza de &hellip; Seminario analiz\u00f3 impactos del royalty en la industria Minera Leer m\u00e1s &raquo;","og_url":"https:\/\/www.portatax.cl\/mineria\/2021\/08\/27\/seminario-analizo-impactos-del-royalty-en-la-industria-minera\/","og_site_name":"Portatax","article_published_time":"2021-08-27T17:55:42+00:00","article_modified_time":"2023-12-04T23:09:59+00:00","og_image":[{"width":1200,"height":630,"url":"https:\/\/www.portatax.cl\/mineria\/wp-content\/uploads\/2021\/08\/Promo-Facebook-Facebook-image-post-4.jpeg","type":"image\/jpeg"}],"author":"Marjorie","twitter_card":"summary_large_image","twitter_misc":{"Escrito por":"Marjorie","Tiempo de lectura":"3 minutos"},"schema":{"@context":"https:\/\/schema.org","@graph":[{"@type":"Article","@id":"https:\/\/www.portatax.cl\/mineria\/2021\/08\/27\/seminario-analizo-impactos-del-royalty-en-la-industria-minera\/#article","isPartOf":{"@id":"https:\/\/www.portatax.cl\/mineria\/2021\/08\/27\/seminario-analizo-impactos-del-royalty-en-la-industria-minera\/"},"author":{"name":"Marjorie","@id":"https:\/\/www.portatax.cl\/mineria\/#\/schema\/person\/16bad928390762f14c4b8023f0f356d2"},"headline":"Seminario analiz\u00f3 impactos del royalty en la industria Minera","datePublished":"2021-08-27T17:55:42+00:00","dateModified":"2023-12-04T23:09:59+00:00","mainEntityOfPage":{"@id":"https:\/\/www.portatax.cl\/mineria\/2021\/08\/27\/seminario-analizo-impactos-del-royalty-en-la-industria-minera\/"},"wordCount":717,"publisher":{"@id":"https:\/\/www.portatax.cl\/mineria\/#organization"},"articleSection":["Royalty Minero"],"inLanguage":"es"},{"@type":"WebPage","@id":"https:\/\/www.portatax.cl\/mineria\/2021\/08\/27\/seminario-analizo-impactos-del-royalty-en-la-industria-minera\/","url":"https:\/\/www.portatax.cl\/mineria\/2021\/08\/27\/seminario-analizo-impactos-del-royalty-en-la-industria-minera\/","name":"Seminario analiz\u00f3 impactos del royalty en la industria Minera - Portatax","isPartOf":{"@id":"https:\/\/www.portatax.cl\/mineria\/#website"},"datePublished":"2021-08-27T17:55:42+00:00","dateModified":"2023-12-04T23:09:59+00:00","breadcrumb":{"@id":"https:\/\/www.portatax.cl\/mineria\/2021\/08\/27\/seminario-analizo-impactos-del-royalty-en-la-industria-minera\/#breadcrumb"},"inLanguage":"es","potentialAction":[{"@type":"ReadAction","target":["https:\/\/www.portatax.cl\/mineria\/2021\/08\/27\/seminario-analizo-impactos-del-royalty-en-la-industria-minera\/"]}]},{"@type":"BreadcrumbList","@id":"https:\/\/www.portatax.cl\/mineria\/2021\/08\/27\/seminario-analizo-impactos-del-royalty-en-la-industria-minera\/#breadcrumb","itemListElement":[{"@type":"ListItem","position":1,"name":"Portada","item":"https:\/\/www.portatax.cl\/mineria\/"},{"@type":"ListItem","position":2,"name":"Seminario analiz\u00f3 impactos del royalty en la industria Minera"}]},{"@type":"WebSite","@id":"https:\/\/www.portatax.cl\/mineria\/#website","url":"https:\/\/www.portatax.cl\/mineria\/","name":"Portatax","description":"Servicios Tributarios","publisher":{"@id":"https:\/\/www.portatax.cl\/mineria\/#organization"},"potentialAction":[{"@type":"SearchAction","target":{"@type":"EntryPoint","urlTemplate":"https:\/\/www.portatax.cl\/mineria\/?s={search_term_string}"},"query-input":"required name=search_term_string"}],"inLanguage":"es"},{"@type":"Organization","@id":"https:\/\/www.portatax.cl\/mineria\/#organization","name":"Portatax","url":"https:\/\/www.portatax.cl\/mineria\/","logo":{"@type":"ImageObject","inLanguage":"es","@id":"https:\/\/www.portatax.cl\/mineria\/#\/schema\/logo\/image\/","url":"https:\/\/www.portatax.cl\/mineria\/wp-content\/uploads\/2021\/03\/Logo-Porta-Tax-2.png","contentUrl":"https:\/\/www.portatax.cl\/mineria\/wp-content\/uploads\/2021\/03\/Logo-Porta-Tax-2.png","width":250,"height":83,"caption":"Portatax"},"image":{"@id":"https:\/\/www.portatax.cl\/mineria\/#\/schema\/logo\/image\/"}},{"@type":"Person","@id":"https:\/\/www.portatax.cl\/mineria\/#\/schema\/person\/16bad928390762f14c4b8023f0f356d2","name":"Marjorie","image":{"@type":"ImageObject","inLanguage":"es","@id":"https:\/\/www.portatax.cl\/mineria\/#\/schema\/person\/image\/","url":"https:\/\/secure.gravatar.com\/avatar\/075ec98493ed93d68bb3fc65934af517464edbda82d3de640a0d868437b444ba?s=96&d=mm&r=g","contentUrl":"https:\/\/secure.gravatar.com\/avatar\/075ec98493ed93d68bb3fc65934af517464edbda82d3de640a0d868437b444ba?s=96&d=mm&r=g","caption":"Marjorie"},"url":"https:\/\/www.portatax.cl\/mineria\/author\/marjorie\/"}]}},"_links":{"self":[{"href":"https:\/\/www.portatax.cl\/mineria\/wp-json\/wp\/v2\/posts\/3852","targetHints":{"allow":["GET"]}}],"collection":[{"href":"https:\/\/www.portatax.cl\/mineria\/wp-json\/wp\/v2\/posts"}],"about":[{"href":"https:\/\/www.portatax.cl\/mineria\/wp-json\/wp\/v2\/types\/post"}],"author":[{"embeddable":true,"href":"https:\/\/www.portatax.cl\/mineria\/wp-json\/wp\/v2\/users\/2"}],"replies":[{"embeddable":true,"href":"https:\/\/www.portatax.cl\/mineria\/wp-json\/wp\/v2\/comments?post=3852"}],"version-history":[{"count":3,"href":"https:\/\/www.portatax.cl\/mineria\/wp-json\/wp\/v2\/posts\/3852\/revisions"}],"predecessor-version":[{"id":4728,"href":"https:\/\/www.portatax.cl\/mineria\/wp-json\/wp\/v2\/posts\/3852\/revisions\/4728"}],"wp:featuredmedia":[{"embeddable":true,"href":"https:\/\/www.portatax.cl\/mineria\/wp-json\/wp\/v2\/media\/3853"}],"wp:attachment":[{"href":"https:\/\/www.portatax.cl\/mineria\/wp-json\/wp\/v2\/media?parent=3852"}],"wp:term":[{"taxonomy":"category","embeddable":true,"href":"https:\/\/www.portatax.cl\/mineria\/wp-json\/wp\/v2\/categories?post=3852"},{"taxonomy":"post_tag","embeddable":true,"href":"https:\/\/www.portatax.cl\/mineria\/wp-json\/wp\/v2\/tags?post=3852"}],"curies":[{"name":"wp","href":"https:\/\/api.w.org\/{rel}","templated":true}]}}