{"id":3872,"date":"2021-11-18T15:54:32","date_gmt":"2021-11-18T19:54:32","guid":{"rendered":"https:\/\/www.portatax.cl\/mineria\/?p=3872"},"modified":"2023-12-04T19:09:25","modified_gmt":"2023-12-04T23:09:25","slug":"jose-de-gregorio-en-la-mesa-los-derechos-sociales-tienen-una-dimension-fiscal-muy-importante-que-en-el-dia-a-dia-debe-resolver-la-politica-y-la-democracia","status":"publish","type":"post","link":"https:\/\/www.portatax.cl\/mineria\/2021\/11\/18\/jose-de-gregorio-en-la-mesa-los-derechos-sociales-tienen-una-dimension-fiscal-muy-importante-que-en-el-dia-a-dia-debe-resolver-la-politica-y-la-democracia\/","title":{"rendered":"Jos\u00e9 De Gregorio en La Mesa: \u00abLos derechos sociales tienen una dimensi\u00f3n fiscal muy importante, que en el d\u00eda a d\u00eda debe resolver la pol\u00edtica y la democracia\u00bb"},"content":{"rendered":"\n<p>(publicado por: <a href=\"https:\/\/www.elmostrador.cl\/\">https:\/\/www.elmostrador.cl\/<\/a>)<\/p>\n\n\n\n<p><strong>El expresidente del Banco Central y decano de la Facultad de Econom\u00eda y Negocios de la U. de Chile (FEN), se refiere a lo que fue su exposici\u00f3n ante la comisi\u00f3n de Derechos Fundamentales de la Convenci\u00f3n Constitucional, donde abord\u00f3 el car\u00e1cter universal de los derechos sociales desde una perspectiva econ\u00f3mica. \u00abLa provisi\u00f3n depende de las riquezas de las naciones y su capacidad de financiamiento, es importante tener flexibilidad, (&#8230;) y la pregunta sobre el tema del financiamiento es qui\u00e9n lo determina\u00bb, se\u00f1ala. El economista agrega que \u00ablo importante es que el Estado se haga cargo de una provisi\u00f3n eficiente, lo m\u00e1s amplia posible, y donde la provisi\u00f3n privada (de derechos sociales) puede tener un lugar, pero bajo reglas de lo p\u00fablico, acceso y no discriminaci\u00f3n\u00bb. En relaci\u00f3n con el factor incertidumbre, hace el punto de que \u00aben la contienda pol\u00edtica actual hay muchas promesas, pero que no est\u00e1n financiadas, (&#8230;) por lo que ser\u00eda razonable poner algunas restricciones fiscales en la Constituci\u00f3n\u00bb.<\/strong><\/p>\n\n\n\n<p><a rel=\"noreferrer noopener\" href=\"https:\/\/www.elmostrador.cl\/destacado\/2021\/11\/17\/jose-de-gregorio-en-la-mesa-los-derechos-sociales-tienen-una-dimension-fiscal-muy-importante-que-en-el-dia-a-dia-debe-resolver-la-politica-y-la-democracia\/\" data-type=\"URL\" data-id=\"https:\/\/www.elmostrador.cl\/destacado\/2021\/11\/17\/jose-de-gregorio-en-la-mesa-los-derechos-sociales-tienen-una-dimension-fiscal-muy-importante-que-en-el-dia-a-dia-debe-resolver-la-politica-y-la-democracia\/\" target=\"_blank\">https:\/\/www.elmostrador.cl\/destacado\/2021\/11\/17\/jose-de-gregorio-en-la-mesa-los-derechos-sociales-tienen-una-dimension-fiscal-muy-importante-que-en-el-dia-a-dia-debe-resolver-la-politica-y-la-democracia\/<\/a><\/p>\n","protected":false},"excerpt":{"rendered":"<p>(publicado por: https:\/\/www.elmostrador.cl\/) El expresidente del Banco Central y decano de la Facultad de Econom\u00eda y Negocios de la U. de Chile (FEN), se refiere a lo que fue su exposici\u00f3n ante la comisi\u00f3n de Derechos Fundamentales de la Convenci\u00f3n Constitucional, donde abord\u00f3 el car\u00e1cter universal de los derechos sociales desde una perspectiva econ\u00f3mica. \u00abLa &hellip;<\/p>\n<p class=\"read-more\"> <a class=\"\" href=\"https:\/\/www.portatax.cl\/mineria\/2021\/11\/18\/jose-de-gregorio-en-la-mesa-los-derechos-sociales-tienen-una-dimension-fiscal-muy-importante-que-en-el-dia-a-dia-debe-resolver-la-politica-y-la-democracia\/\"> <span class=\"screen-reader-text\">Jos\u00e9 De Gregorio en La Mesa: \u00abLos derechos sociales tienen una dimensi\u00f3n fiscal muy importante, que en el d\u00eda a d\u00eda debe resolver la pol\u00edtica y la democracia\u00bb<\/span> Leer m\u00e1s &raquo;<\/a><\/p>\n","protected":false},"author":2,"featured_media":3873,"comment_status":"closed","ping_status":"closed","sticky":false,"template":"","format":"standard","meta":{"om_disable_all_campaigns":false,"_monsterinsights_skip_tracking":false,"_monsterinsights_sitenote_active":false,"_monsterinsights_sitenote_note":"","_monsterinsights_sitenote_category":0,"_uf_show_specific_survey":0,"_uf_disable_surveys":false,"site-sidebar-layout":"default","site-content-layout":"default","ast-site-content-layout":"default","site-content-style":"default","site-sidebar-style":"default","ast-global-header-display":"","ast-banner-title-visibility":"","ast-main-header-display":"","ast-hfb-above-header-display":"","ast-hfb-below-header-display":"","ast-hfb-mobile-header-display":"","site-post-title":"","ast-breadcrumbs-content":"","ast-featured-img":"","footer-sml-layout":"","theme-transparent-header-meta":"default","adv-header-id-meta":"","stick-header-meta":"","header-above-stick-meta":"","header-main-stick-meta":"","header-below-stick-meta":"","astra-migrate-meta-layouts":"set","ast-page-background-enabled":"default","ast-page-background-meta":{"desktop":{"background-color":"","background-image":"","background-repeat":"repeat","background-position":"center center","background-size":"auto","background-attachment":"scroll","background-type":"","background-media":"","overlay-type":"","overlay-color":"","overlay-gradient":""},"tablet":{"background-color":"","background-image":"","background-repeat":"repeat","background-position":"center center","background-size":"auto","background-attachment":"scroll","background-type":"","background-media":"","overlay-type":"","overlay-color":"","overlay-gradient":""},"mobile":{"background-color":"","background-image":"","background-repeat":"repeat","background-position":"center center","background-size":"auto","background-attachment":"scroll","background-type":"","background-media":"","overlay-type":"","overlay-color":"","overlay-gradient":""}},"ast-content-background-meta":{"desktop":{"background-color":"var(--ast-global-color-5)","background-image":"","background-repeat":"repeat","background-position":"center center","background-size":"auto","background-attachment":"scroll","background-type":"","background-media":"","overlay-type":"","overlay-color":"","overlay-gradient":""},"tablet":{"background-color":"var(--ast-global-color-5)","background-image":"","background-repeat":"repeat","background-position":"center center","background-size":"auto","background-attachment":"scroll","background-type":"","background-media":"","overlay-type":"","overlay-color":"","overlay-gradient":""},"mobile":{"background-color":"var(--ast-global-color-5)","background-image":"","background-repeat":"repeat","background-position":"center center","background-size":"auto","background-attachment":"scroll","background-type":"","background-media":"","overlay-type":"","overlay-color":"","overlay-gradient":""}},"footnotes":""},"categories":[42],"tags":[],"class_list":["post-3872","post","type-post","status-publish","format-standard","has-post-thumbnail","hentry","category-actualidad-minera"],"aioseo_notices":[],"yoast_head":"<!-- This site is optimized with the Yoast SEO plugin v21.5 - https:\/\/yoast.com\/wordpress\/plugins\/seo\/ -->\n<title>Jos\u00e9 De Gregorio en La Mesa: &quot;Los derechos sociales tienen una dimensi\u00f3n fiscal muy importante, que en el d\u00eda a d\u00eda debe resolver la pol\u00edtica y la democracia&quot; - Portatax<\/title>\n<meta name=\"robots\" content=\"index, follow, max-snippet:-1, max-image-preview:large, max-video-preview:-1\" \/>\n<link rel=\"canonical\" href=\"https:\/\/www.portatax.cl\/mineria\/2021\/11\/18\/jose-de-gregorio-en-la-mesa-los-derechos-sociales-tienen-una-dimension-fiscal-muy-importante-que-en-el-dia-a-dia-debe-resolver-la-politica-y-la-democracia\/\" \/>\n<meta property=\"og:locale\" content=\"es_ES\" \/>\n<meta property=\"og:type\" content=\"article\" \/>\n<meta property=\"og:title\" content=\"Jos\u00e9 De Gregorio en La Mesa: &quot;Los derechos sociales tienen una dimensi\u00f3n fiscal muy importante, que en el d\u00eda a d\u00eda debe resolver la pol\u00edtica y la democracia&quot; - Portatax\" \/>\n<meta property=\"og:description\" content=\"(publicado por: https:\/\/www.elmostrador.cl\/) El expresidente del Banco Central y decano de la Facultad de Econom\u00eda y Negocios de la U. de Chile (FEN), se refiere a lo que fue su exposici\u00f3n ante la comisi\u00f3n de Derechos Fundamentales de la Convenci\u00f3n Constitucional, donde abord\u00f3 el car\u00e1cter universal de los derechos sociales desde una perspectiva econ\u00f3mica. \u00abLa &hellip; Jos\u00e9 De Gregorio en La Mesa: \u00abLos derechos sociales tienen una dimensi\u00f3n fiscal muy importante, que en el d\u00eda a d\u00eda debe resolver la pol\u00edtica y la democracia\u00bb Leer m\u00e1s &raquo;\" \/>\n<meta property=\"og:url\" content=\"https:\/\/www.portatax.cl\/mineria\/2021\/11\/18\/jose-de-gregorio-en-la-mesa-los-derechos-sociales-tienen-una-dimension-fiscal-muy-importante-que-en-el-dia-a-dia-debe-resolver-la-politica-y-la-democracia\/\" \/>\n<meta property=\"og:site_name\" content=\"Portatax\" \/>\n<meta property=\"article:published_time\" content=\"2021-11-18T19:54:32+00:00\" \/>\n<meta property=\"article:modified_time\" content=\"2023-12-04T23:09:25+00:00\" \/>\n<meta property=\"og:image\" content=\"https:\/\/www.portatax.cl\/mineria\/wp-content\/uploads\/2021\/11\/Promo-Facebook-Facebook-image-post-9.jpeg\" \/>\n\t<meta property=\"og:image:width\" content=\"1200\" \/>\n\t<meta property=\"og:image:height\" content=\"630\" \/>\n\t<meta property=\"og:image:type\" content=\"image\/jpeg\" \/>\n<meta name=\"author\" content=\"Marjorie\" \/>\n<meta name=\"twitter:card\" content=\"summary_large_image\" \/>\n<meta name=\"twitter:label1\" content=\"Escrito por\" \/>\n\t<meta name=\"twitter:data1\" content=\"Marjorie\" \/>\n\t<meta name=\"twitter:label2\" content=\"Tiempo de lectura\" \/>\n\t<meta name=\"twitter:data2\" content=\"1 minuto\" \/>\n<script type=\"application\/ld+json\" class=\"yoast-schema-graph\">{\"@context\":\"https:\/\/schema.org\",\"@graph\":[{\"@type\":\"Article\",\"@id\":\"https:\/\/www.portatax.cl\/mineria\/2021\/11\/18\/jose-de-gregorio-en-la-mesa-los-derechos-sociales-tienen-una-dimension-fiscal-muy-importante-que-en-el-dia-a-dia-debe-resolver-la-politica-y-la-democracia\/#article\",\"isPartOf\":{\"@id\":\"https:\/\/www.portatax.cl\/mineria\/2021\/11\/18\/jose-de-gregorio-en-la-mesa-los-derechos-sociales-tienen-una-dimension-fiscal-muy-importante-que-en-el-dia-a-dia-debe-resolver-la-politica-y-la-democracia\/\"},\"author\":{\"name\":\"Marjorie\",\"@id\":\"https:\/\/www.portatax.cl\/mineria\/#\/schema\/person\/16bad928390762f14c4b8023f0f356d2\"},\"headline\":\"Jos\u00e9 De Gregorio en La Mesa: \u00abLos derechos sociales tienen una dimensi\u00f3n fiscal muy importante, que en el d\u00eda a d\u00eda debe resolver la pol\u00edtica y la democracia\u00bb\",\"datePublished\":\"2021-11-18T19:54:32+00:00\",\"dateModified\":\"2023-12-04T23:09:25+00:00\",\"mainEntityOfPage\":{\"@id\":\"https:\/\/www.portatax.cl\/mineria\/2021\/11\/18\/jose-de-gregorio-en-la-mesa-los-derechos-sociales-tienen-una-dimension-fiscal-muy-importante-que-en-el-dia-a-dia-debe-resolver-la-politica-y-la-democracia\/\"},\"wordCount\":224,\"publisher\":{\"@id\":\"https:\/\/www.portatax.cl\/mineria\/#organization\"},\"articleSection\":[\"Actualidad Minera\"],\"inLanguage\":\"es\"},{\"@type\":\"WebPage\",\"@id\":\"https:\/\/www.portatax.cl\/mineria\/2021\/11\/18\/jose-de-gregorio-en-la-mesa-los-derechos-sociales-tienen-una-dimension-fiscal-muy-importante-que-en-el-dia-a-dia-debe-resolver-la-politica-y-la-democracia\/\",\"url\":\"https:\/\/www.portatax.cl\/mineria\/2021\/11\/18\/jose-de-gregorio-en-la-mesa-los-derechos-sociales-tienen-una-dimension-fiscal-muy-importante-que-en-el-dia-a-dia-debe-resolver-la-politica-y-la-democracia\/\",\"name\":\"Jos\u00e9 De Gregorio en La Mesa: \\\"Los derechos sociales tienen una dimensi\u00f3n fiscal muy importante, que en el d\u00eda a d\u00eda debe resolver la pol\u00edtica y la democracia\\\" - Portatax\",\"isPartOf\":{\"@id\":\"https:\/\/www.portatax.cl\/mineria\/#website\"},\"datePublished\":\"2021-11-18T19:54:32+00:00\",\"dateModified\":\"2023-12-04T23:09:25+00:00\",\"breadcrumb\":{\"@id\":\"https:\/\/www.portatax.cl\/mineria\/2021\/11\/18\/jose-de-gregorio-en-la-mesa-los-derechos-sociales-tienen-una-dimension-fiscal-muy-importante-que-en-el-dia-a-dia-debe-resolver-la-politica-y-la-democracia\/#breadcrumb\"},\"inLanguage\":\"es\",\"potentialAction\":[{\"@type\":\"ReadAction\",\"target\":[\"https:\/\/www.portatax.cl\/mineria\/2021\/11\/18\/jose-de-gregorio-en-la-mesa-los-derechos-sociales-tienen-una-dimension-fiscal-muy-importante-que-en-el-dia-a-dia-debe-resolver-la-politica-y-la-democracia\/\"]}]},{\"@type\":\"BreadcrumbList\",\"@id\":\"https:\/\/www.portatax.cl\/mineria\/2021\/11\/18\/jose-de-gregorio-en-la-mesa-los-derechos-sociales-tienen-una-dimension-fiscal-muy-importante-que-en-el-dia-a-dia-debe-resolver-la-politica-y-la-democracia\/#breadcrumb\",\"itemListElement\":[{\"@type\":\"ListItem\",\"position\":1,\"name\":\"Portada\",\"item\":\"https:\/\/www.portatax.cl\/mineria\/\"},{\"@type\":\"ListItem\",\"position\":2,\"name\":\"Jos\u00e9 De Gregorio en La Mesa: \u00abLos derechos sociales tienen una dimensi\u00f3n fiscal muy importante, que en el d\u00eda a d\u00eda debe resolver la pol\u00edtica y la democracia\u00bb\"}]},{\"@type\":\"WebSite\",\"@id\":\"https:\/\/www.portatax.cl\/mineria\/#website\",\"url\":\"https:\/\/www.portatax.cl\/mineria\/\",\"name\":\"Portatax\",\"description\":\"Servicios Tributarios\",\"publisher\":{\"@id\":\"https:\/\/www.portatax.cl\/mineria\/#organization\"},\"potentialAction\":[{\"@type\":\"SearchAction\",\"target\":{\"@type\":\"EntryPoint\",\"urlTemplate\":\"https:\/\/www.portatax.cl\/mineria\/?s={search_term_string}\"},\"query-input\":\"required name=search_term_string\"}],\"inLanguage\":\"es\"},{\"@type\":\"Organization\",\"@id\":\"https:\/\/www.portatax.cl\/mineria\/#organization\",\"name\":\"Portatax\",\"url\":\"https:\/\/www.portatax.cl\/mineria\/\",\"logo\":{\"@type\":\"ImageObject\",\"inLanguage\":\"es\",\"@id\":\"https:\/\/www.portatax.cl\/mineria\/#\/schema\/logo\/image\/\",\"url\":\"https:\/\/www.portatax.cl\/mineria\/wp-content\/uploads\/2021\/03\/Logo-Porta-Tax-2.png\",\"contentUrl\":\"https:\/\/www.portatax.cl\/mineria\/wp-content\/uploads\/2021\/03\/Logo-Porta-Tax-2.png\",\"width\":250,\"height\":83,\"caption\":\"Portatax\"},\"image\":{\"@id\":\"https:\/\/www.portatax.cl\/mineria\/#\/schema\/logo\/image\/\"}},{\"@type\":\"Person\",\"@id\":\"https:\/\/www.portatax.cl\/mineria\/#\/schema\/person\/16bad928390762f14c4b8023f0f356d2\",\"name\":\"Marjorie\",\"image\":{\"@type\":\"ImageObject\",\"inLanguage\":\"es\",\"@id\":\"https:\/\/www.portatax.cl\/mineria\/#\/schema\/person\/image\/\",\"url\":\"https:\/\/secure.gravatar.com\/avatar\/075ec98493ed93d68bb3fc65934af517464edbda82d3de640a0d868437b444ba?s=96&d=mm&r=g\",\"contentUrl\":\"https:\/\/secure.gravatar.com\/avatar\/075ec98493ed93d68bb3fc65934af517464edbda82d3de640a0d868437b444ba?s=96&d=mm&r=g\",\"caption\":\"Marjorie\"},\"url\":\"https:\/\/www.portatax.cl\/mineria\/author\/marjorie\/\"}]}<\/script>\n<!-- \/ Yoast SEO plugin. -->","yoast_head_json":{"title":"Jos\u00e9 De Gregorio en La Mesa: \"Los derechos sociales tienen una dimensi\u00f3n fiscal muy importante, que en el d\u00eda a d\u00eda debe resolver la pol\u00edtica y la democracia\" - Portatax","robots":{"index":"index","follow":"follow","max-snippet":"max-snippet:-1","max-image-preview":"max-image-preview:large","max-video-preview":"max-video-preview:-1"},"canonical":"https:\/\/www.portatax.cl\/mineria\/2021\/11\/18\/jose-de-gregorio-en-la-mesa-los-derechos-sociales-tienen-una-dimension-fiscal-muy-importante-que-en-el-dia-a-dia-debe-resolver-la-politica-y-la-democracia\/","og_locale":"es_ES","og_type":"article","og_title":"Jos\u00e9 De Gregorio en La Mesa: \"Los derechos sociales tienen una dimensi\u00f3n fiscal muy importante, que en el d\u00eda a d\u00eda debe resolver la pol\u00edtica y la democracia\" - Portatax","og_description":"(publicado por: https:\/\/www.elmostrador.cl\/) El expresidente del Banco Central y decano de la Facultad de Econom\u00eda y Negocios de la U. de Chile (FEN), se refiere a lo que fue su exposici\u00f3n ante la comisi\u00f3n de Derechos Fundamentales de la Convenci\u00f3n Constitucional, donde abord\u00f3 el car\u00e1cter universal de los derechos sociales desde una perspectiva econ\u00f3mica. \u00abLa &hellip; Jos\u00e9 De Gregorio en La Mesa: \u00abLos derechos sociales tienen una dimensi\u00f3n fiscal muy importante, que en el d\u00eda a d\u00eda debe resolver la pol\u00edtica y la democracia\u00bb Leer m\u00e1s &raquo;","og_url":"https:\/\/www.portatax.cl\/mineria\/2021\/11\/18\/jose-de-gregorio-en-la-mesa-los-derechos-sociales-tienen-una-dimension-fiscal-muy-importante-que-en-el-dia-a-dia-debe-resolver-la-politica-y-la-democracia\/","og_site_name":"Portatax","article_published_time":"2021-11-18T19:54:32+00:00","article_modified_time":"2023-12-04T23:09:25+00:00","og_image":[{"width":1200,"height":630,"url":"https:\/\/www.portatax.cl\/mineria\/wp-content\/uploads\/2021\/11\/Promo-Facebook-Facebook-image-post-9.jpeg","type":"image\/jpeg"}],"author":"Marjorie","twitter_card":"summary_large_image","twitter_misc":{"Escrito por":"Marjorie","Tiempo de lectura":"1 minuto"},"schema":{"@context":"https:\/\/schema.org","@graph":[{"@type":"Article","@id":"https:\/\/www.portatax.cl\/mineria\/2021\/11\/18\/jose-de-gregorio-en-la-mesa-los-derechos-sociales-tienen-una-dimension-fiscal-muy-importante-que-en-el-dia-a-dia-debe-resolver-la-politica-y-la-democracia\/#article","isPartOf":{"@id":"https:\/\/www.portatax.cl\/mineria\/2021\/11\/18\/jose-de-gregorio-en-la-mesa-los-derechos-sociales-tienen-una-dimension-fiscal-muy-importante-que-en-el-dia-a-dia-debe-resolver-la-politica-y-la-democracia\/"},"author":{"name":"Marjorie","@id":"https:\/\/www.portatax.cl\/mineria\/#\/schema\/person\/16bad928390762f14c4b8023f0f356d2"},"headline":"Jos\u00e9 De Gregorio en La Mesa: \u00abLos derechos sociales tienen una dimensi\u00f3n fiscal muy importante, que en el d\u00eda a d\u00eda debe resolver la pol\u00edtica y la democracia\u00bb","datePublished":"2021-11-18T19:54:32+00:00","dateModified":"2023-12-04T23:09:25+00:00","mainEntityOfPage":{"@id":"https:\/\/www.portatax.cl\/mineria\/2021\/11\/18\/jose-de-gregorio-en-la-mesa-los-derechos-sociales-tienen-una-dimension-fiscal-muy-importante-que-en-el-dia-a-dia-debe-resolver-la-politica-y-la-democracia\/"},"wordCount":224,"publisher":{"@id":"https:\/\/www.portatax.cl\/mineria\/#organization"},"articleSection":["Actualidad Minera"],"inLanguage":"es"},{"@type":"WebPage","@id":"https:\/\/www.portatax.cl\/mineria\/2021\/11\/18\/jose-de-gregorio-en-la-mesa-los-derechos-sociales-tienen-una-dimension-fiscal-muy-importante-que-en-el-dia-a-dia-debe-resolver-la-politica-y-la-democracia\/","url":"https:\/\/www.portatax.cl\/mineria\/2021\/11\/18\/jose-de-gregorio-en-la-mesa-los-derechos-sociales-tienen-una-dimension-fiscal-muy-importante-que-en-el-dia-a-dia-debe-resolver-la-politica-y-la-democracia\/","name":"Jos\u00e9 De Gregorio en La Mesa: \"Los derechos sociales tienen una dimensi\u00f3n fiscal muy importante, que en el d\u00eda a d\u00eda debe resolver la pol\u00edtica y la democracia\" - Portatax","isPartOf":{"@id":"https:\/\/www.portatax.cl\/mineria\/#website"},"datePublished":"2021-11-18T19:54:32+00:00","dateModified":"2023-12-04T23:09:25+00:00","breadcrumb":{"@id":"https:\/\/www.portatax.cl\/mineria\/2021\/11\/18\/jose-de-gregorio-en-la-mesa-los-derechos-sociales-tienen-una-dimension-fiscal-muy-importante-que-en-el-dia-a-dia-debe-resolver-la-politica-y-la-democracia\/#breadcrumb"},"inLanguage":"es","potentialAction":[{"@type":"ReadAction","target":["https:\/\/www.portatax.cl\/mineria\/2021\/11\/18\/jose-de-gregorio-en-la-mesa-los-derechos-sociales-tienen-una-dimension-fiscal-muy-importante-que-en-el-dia-a-dia-debe-resolver-la-politica-y-la-democracia\/"]}]},{"@type":"BreadcrumbList","@id":"https:\/\/www.portatax.cl\/mineria\/2021\/11\/18\/jose-de-gregorio-en-la-mesa-los-derechos-sociales-tienen-una-dimension-fiscal-muy-importante-que-en-el-dia-a-dia-debe-resolver-la-politica-y-la-democracia\/#breadcrumb","itemListElement":[{"@type":"ListItem","position":1,"name":"Portada","item":"https:\/\/www.portatax.cl\/mineria\/"},{"@type":"ListItem","position":2,"name":"Jos\u00e9 De Gregorio en La Mesa: \u00abLos derechos sociales tienen una dimensi\u00f3n fiscal muy importante, que en el d\u00eda a d\u00eda debe resolver la pol\u00edtica y la democracia\u00bb"}]},{"@type":"WebSite","@id":"https:\/\/www.portatax.cl\/mineria\/#website","url":"https:\/\/www.portatax.cl\/mineria\/","name":"Portatax","description":"Servicios Tributarios","publisher":{"@id":"https:\/\/www.portatax.cl\/mineria\/#organization"},"potentialAction":[{"@type":"SearchAction","target":{"@type":"EntryPoint","urlTemplate":"https:\/\/www.portatax.cl\/mineria\/?s={search_term_string}"},"query-input":"required name=search_term_string"}],"inLanguage":"es"},{"@type":"Organization","@id":"https:\/\/www.portatax.cl\/mineria\/#organization","name":"Portatax","url":"https:\/\/www.portatax.cl\/mineria\/","logo":{"@type":"ImageObject","inLanguage":"es","@id":"https:\/\/www.portatax.cl\/mineria\/#\/schema\/logo\/image\/","url":"https:\/\/www.portatax.cl\/mineria\/wp-content\/uploads\/2021\/03\/Logo-Porta-Tax-2.png","contentUrl":"https:\/\/www.portatax.cl\/mineria\/wp-content\/uploads\/2021\/03\/Logo-Porta-Tax-2.png","width":250,"height":83,"caption":"Portatax"},"image":{"@id":"https:\/\/www.portatax.cl\/mineria\/#\/schema\/logo\/image\/"}},{"@type":"Person","@id":"https:\/\/www.portatax.cl\/mineria\/#\/schema\/person\/16bad928390762f14c4b8023f0f356d2","name":"Marjorie","image":{"@type":"ImageObject","inLanguage":"es","@id":"https:\/\/www.portatax.cl\/mineria\/#\/schema\/person\/image\/","url":"https:\/\/secure.gravatar.com\/avatar\/075ec98493ed93d68bb3fc65934af517464edbda82d3de640a0d868437b444ba?s=96&d=mm&r=g","contentUrl":"https:\/\/secure.gravatar.com\/avatar\/075ec98493ed93d68bb3fc65934af517464edbda82d3de640a0d868437b444ba?s=96&d=mm&r=g","caption":"Marjorie"},"url":"https:\/\/www.portatax.cl\/mineria\/author\/marjorie\/"}]}},"_links":{"self":[{"href":"https:\/\/www.portatax.cl\/mineria\/wp-json\/wp\/v2\/posts\/3872","targetHints":{"allow":["GET"]}}],"collection":[{"href":"https:\/\/www.portatax.cl\/mineria\/wp-json\/wp\/v2\/posts"}],"about":[{"href":"https:\/\/www.portatax.cl\/mineria\/wp-json\/wp\/v2\/types\/post"}],"author":[{"embeddable":true,"href":"https:\/\/www.portatax.cl\/mineria\/wp-json\/wp\/v2\/users\/2"}],"replies":[{"embeddable":true,"href":"https:\/\/www.portatax.cl\/mineria\/wp-json\/wp\/v2\/comments?post=3872"}],"version-history":[{"count":4,"href":"https:\/\/www.portatax.cl\/mineria\/wp-json\/wp\/v2\/posts\/3872\/revisions"}],"predecessor-version":[{"id":4722,"href":"https:\/\/www.portatax.cl\/mineria\/wp-json\/wp\/v2\/posts\/3872\/revisions\/4722"}],"wp:featuredmedia":[{"embeddable":true,"href":"https:\/\/www.portatax.cl\/mineria\/wp-json\/wp\/v2\/media\/3873"}],"wp:attachment":[{"href":"https:\/\/www.portatax.cl\/mineria\/wp-json\/wp\/v2\/media?parent=3872"}],"wp:term":[{"taxonomy":"category","embeddable":true,"href":"https:\/\/www.portatax.cl\/mineria\/wp-json\/wp\/v2\/categories?post=3872"},{"taxonomy":"post_tag","embeddable":true,"href":"https:\/\/www.portatax.cl\/mineria\/wp-json\/wp\/v2\/tags?post=3872"}],"curies":[{"name":"wp","href":"https:\/\/api.w.org\/{rel}","templated":true}]}}