{"id":3979,"date":"2022-03-29T09:55:37","date_gmt":"2022-03-29T13:55:37","guid":{"rendered":"https:\/\/www.portatax.cl\/mineria\/?p=3979"},"modified":"2023-12-04T18:58:27","modified_gmt":"2023-12-04T22:58:27","slug":"ministra-hernando-en-cesco-week-2022-declaraciones-sobre-decisiones-proximas-que-se-avecinan-en-el-sector-mineria","status":"publish","type":"post","link":"https:\/\/www.portatax.cl\/mineria\/2022\/03\/29\/ministra-hernando-en-cesco-week-2022-declaraciones-sobre-decisiones-proximas-que-se-avecinan-en-el-sector-mineria\/","title":{"rendered":"Ministra Hernando en Cesco Week 2022: declaraciones sobre decisiones pr\u00f3ximas que se avecinan en el sector miner\u00eda."},"content":{"rendered":"\n<p>(publicado por: <a href=\"https:\/\/www.mch.cl\/\" data-type=\"URL\" data-id=\"https:\/\/www.mch.cl\/\">https:\/\/www.mch.cl\/<\/a>, 28-03-2022)<\/p>\n\n\n\n<p>En esta primera jornada inaugural, la Jefa de la cartera, abord\u00f3 no s\u00f3lo la Iniciativa de Norma de la Convenci\u00f3n Constituyente de nacionalizar las empresas mineras, sino adem\u00e1s, temas como la designaci\u00f3n del nuevo Presidente de Codelco, Royalty minero, hasta su percepci\u00f3n sobre el t\u00f3pico que abre este encuentro.<\/p>\n\n\n\n<p><a href=\"https:\/\/www.linkedin.com\/feed\/hashtag\/?keywords=miner%C3%ADa&amp;highlightedUpdateUrns=urn%3Ali%3Aactivity%3A6914549058783068162\">#miner\u00eda<\/a>\u00a0<a href=\"https:\/\/www.linkedin.com\/feed\/hashtag\/?keywords=chile&amp;highlightedUpdateUrns=urn%3Ali%3Aactivity%3A6914549058783068162\">#Chile<\/a>\u00a0<a href=\"https:\/\/www.linkedin.com\/feed\/hashtag\/?keywords=royalty&amp;highlightedUpdateUrns=urn%3Ali%3Aactivity%3A6914549058783068162\">#royalty<\/a>\u00a0<a href=\"https:\/\/www.linkedin.com\/feed\/hashtag\/?keywords=impuestos&amp;highlightedUpdateUrns=urn%3Ali%3Aactivity%3A6914549058783068162\">#impuestos<\/a><\/p>\n\n\n\n<p>noticia: <a href=\"https:\/\/lnkd.in\/eDQKbY52\" data-type=\"URL\" data-id=\"https:\/\/lnkd.in\/eDQKbY52\" target=\"_blank\" rel=\"noreferrer noopener\">https:\/\/lnkd.in\/eDQKbY52<\/a><\/p>\n","protected":false},"excerpt":{"rendered":"<p>(publicado por: https:\/\/www.mch.cl\/, 28-03-2022) En esta primera jornada inaugural, la Jefa de la cartera, abord\u00f3 no s\u00f3lo la Iniciativa de Norma de la Convenci\u00f3n Constituyente de nacionalizar las empresas mineras, sino adem\u00e1s, temas como la designaci\u00f3n del nuevo Presidente de Codelco, Royalty minero, hasta su percepci\u00f3n sobre el t\u00f3pico que abre este encuentro. #miner\u00eda\u00a0#Chile\u00a0#royalty\u00a0#impuestos noticia: &hellip;<\/p>\n<p class=\"read-more\"> <a class=\"\" href=\"https:\/\/www.portatax.cl\/mineria\/2022\/03\/29\/ministra-hernando-en-cesco-week-2022-declaraciones-sobre-decisiones-proximas-que-se-avecinan-en-el-sector-mineria\/\"> <span class=\"screen-reader-text\">Ministra Hernando en Cesco Week 2022: declaraciones sobre decisiones pr\u00f3ximas que se avecinan en el sector miner\u00eda.<\/span> Leer m\u00e1s &raquo;<\/a><\/p>\n","protected":false},"author":2,"featured_media":3980,"comment_status":"closed","ping_status":"closed","sticky":false,"template":"","format":"standard","meta":{"om_disable_all_campaigns":false,"_monsterinsights_skip_tracking":false,"_monsterinsights_sitenote_active":false,"_monsterinsights_sitenote_note":"","_monsterinsights_sitenote_category":0,"_uf_show_specific_survey":0,"_uf_disable_surveys":false,"site-sidebar-layout":"default","site-content-layout":"default","ast-site-content-layout":"default","site-content-style":"default","site-sidebar-style":"default","ast-global-header-display":"","ast-banner-title-visibility":"","ast-main-header-display":"","ast-hfb-above-header-display":"","ast-hfb-below-header-display":"","ast-hfb-mobile-header-display":"","site-post-title":"","ast-breadcrumbs-content":"","ast-featured-img":"","footer-sml-layout":"","theme-transparent-header-meta":"default","adv-header-id-meta":"","stick-header-meta":"","header-above-stick-meta":"","header-main-stick-meta":"","header-below-stick-meta":"","astra-migrate-meta-layouts":"set","ast-page-background-enabled":"default","ast-page-background-meta":{"desktop":{"background-color":"","background-image":"","background-repeat":"repeat","background-position":"center center","background-size":"auto","background-attachment":"scroll","background-type":"","background-media":"","overlay-type":"","overlay-color":"","overlay-gradient":""},"tablet":{"background-color":"","background-image":"","background-repeat":"repeat","background-position":"center center","background-size":"auto","background-attachment":"scroll","background-type":"","background-media":"","overlay-type":"","overlay-color":"","overlay-gradient":""},"mobile":{"background-color":"","background-image":"","background-repeat":"repeat","background-position":"center center","background-size":"auto","background-attachment":"scroll","background-type":"","background-media":"","overlay-type":"","overlay-color":"","overlay-gradient":""}},"ast-content-background-meta":{"desktop":{"background-color":"var(--ast-global-color-5)","background-image":"","background-repeat":"repeat","background-position":"center center","background-size":"auto","background-attachment":"scroll","background-type":"","background-media":"","overlay-type":"","overlay-color":"","overlay-gradient":""},"tablet":{"background-color":"var(--ast-global-color-5)","background-image":"","background-repeat":"repeat","background-position":"center center","background-size":"auto","background-attachment":"scroll","background-type":"","background-media":"","overlay-type":"","overlay-color":"","overlay-gradient":""},"mobile":{"background-color":"var(--ast-global-color-5)","background-image":"","background-repeat":"repeat","background-position":"center center","background-size":"auto","background-attachment":"scroll","background-type":"","background-media":"","overlay-type":"","overlay-color":"","overlay-gradient":""}},"footnotes":""},"categories":[42],"tags":[],"class_list":["post-3979","post","type-post","status-publish","format-standard","has-post-thumbnail","hentry","category-actualidad-minera"],"aioseo_notices":[],"yoast_head":"<!-- This site is optimized with the Yoast SEO plugin v21.5 - https:\/\/yoast.com\/wordpress\/plugins\/seo\/ -->\n<title>Ministra Hernando en Cesco Week 2022: declaraciones sobre decisiones pr\u00f3ximas que se avecinan en el sector miner\u00eda. - Portatax<\/title>\n<meta name=\"robots\" content=\"index, follow, max-snippet:-1, max-image-preview:large, max-video-preview:-1\" \/>\n<link rel=\"canonical\" href=\"https:\/\/www.portatax.cl\/mineria\/2022\/03\/29\/ministra-hernando-en-cesco-week-2022-declaraciones-sobre-decisiones-proximas-que-se-avecinan-en-el-sector-mineria\/\" \/>\n<meta property=\"og:locale\" content=\"es_ES\" \/>\n<meta property=\"og:type\" content=\"article\" \/>\n<meta property=\"og:title\" content=\"Ministra Hernando en Cesco Week 2022: declaraciones sobre decisiones pr\u00f3ximas que se avecinan en el sector miner\u00eda. - Portatax\" \/>\n<meta property=\"og:description\" content=\"(publicado por: https:\/\/www.mch.cl\/, 28-03-2022) En esta primera jornada inaugural, la Jefa de la cartera, abord\u00f3 no s\u00f3lo la Iniciativa de Norma de la Convenci\u00f3n Constituyente de nacionalizar las empresas mineras, sino adem\u00e1s, temas como la designaci\u00f3n del nuevo Presidente de Codelco, Royalty minero, hasta su percepci\u00f3n sobre el t\u00f3pico que abre este encuentro. #miner\u00eda\u00a0#Chile\u00a0#royalty\u00a0#impuestos noticia: &hellip; Ministra Hernando en Cesco Week 2022: declaraciones sobre decisiones pr\u00f3ximas que se avecinan en el sector miner\u00eda. Leer m\u00e1s &raquo;\" \/>\n<meta property=\"og:url\" content=\"https:\/\/www.portatax.cl\/mineria\/2022\/03\/29\/ministra-hernando-en-cesco-week-2022-declaraciones-sobre-decisiones-proximas-que-se-avecinan-en-el-sector-mineria\/\" \/>\n<meta property=\"og:site_name\" content=\"Portatax\" \/>\n<meta property=\"article:published_time\" content=\"2022-03-29T13:55:37+00:00\" \/>\n<meta property=\"article:modified_time\" content=\"2023-12-04T22:58:27+00:00\" \/>\n<meta property=\"og:image\" content=\"https:\/\/www.portatax.cl\/mineria\/wp-content\/uploads\/2022\/03\/Promo-Facebook-Facebook-image-post-33.jpeg\" \/>\n\t<meta property=\"og:image:width\" content=\"1200\" \/>\n\t<meta property=\"og:image:height\" content=\"630\" \/>\n\t<meta property=\"og:image:type\" content=\"image\/jpeg\" \/>\n<meta name=\"author\" content=\"Marjorie\" \/>\n<meta name=\"twitter:card\" content=\"summary_large_image\" \/>\n<meta name=\"twitter:label1\" content=\"Escrito por\" \/>\n\t<meta name=\"twitter:data1\" content=\"Marjorie\" \/>\n\t<meta name=\"twitter:label2\" content=\"Tiempo de lectura\" \/>\n\t<meta name=\"twitter:data2\" content=\"1 minuto\" \/>\n<script type=\"application\/ld+json\" class=\"yoast-schema-graph\">{\"@context\":\"https:\/\/schema.org\",\"@graph\":[{\"@type\":\"Article\",\"@id\":\"https:\/\/www.portatax.cl\/mineria\/2022\/03\/29\/ministra-hernando-en-cesco-week-2022-declaraciones-sobre-decisiones-proximas-que-se-avecinan-en-el-sector-mineria\/#article\",\"isPartOf\":{\"@id\":\"https:\/\/www.portatax.cl\/mineria\/2022\/03\/29\/ministra-hernando-en-cesco-week-2022-declaraciones-sobre-decisiones-proximas-que-se-avecinan-en-el-sector-mineria\/\"},\"author\":{\"name\":\"Marjorie\",\"@id\":\"https:\/\/www.portatax.cl\/mineria\/#\/schema\/person\/16bad928390762f14c4b8023f0f356d2\"},\"headline\":\"Ministra Hernando en Cesco Week 2022: declaraciones sobre decisiones pr\u00f3ximas que se avecinan en el sector miner\u00eda.\",\"datePublished\":\"2022-03-29T13:55:37+00:00\",\"dateModified\":\"2023-12-04T22:58:27+00:00\",\"mainEntityOfPage\":{\"@id\":\"https:\/\/www.portatax.cl\/mineria\/2022\/03\/29\/ministra-hernando-en-cesco-week-2022-declaraciones-sobre-decisiones-proximas-que-se-avecinan-en-el-sector-mineria\/\"},\"wordCount\":91,\"publisher\":{\"@id\":\"https:\/\/www.portatax.cl\/mineria\/#organization\"},\"articleSection\":[\"Actualidad Minera\"],\"inLanguage\":\"es\"},{\"@type\":\"WebPage\",\"@id\":\"https:\/\/www.portatax.cl\/mineria\/2022\/03\/29\/ministra-hernando-en-cesco-week-2022-declaraciones-sobre-decisiones-proximas-que-se-avecinan-en-el-sector-mineria\/\",\"url\":\"https:\/\/www.portatax.cl\/mineria\/2022\/03\/29\/ministra-hernando-en-cesco-week-2022-declaraciones-sobre-decisiones-proximas-que-se-avecinan-en-el-sector-mineria\/\",\"name\":\"Ministra Hernando en Cesco Week 2022: declaraciones sobre decisiones pr\u00f3ximas que se avecinan en el sector miner\u00eda. - Portatax\",\"isPartOf\":{\"@id\":\"https:\/\/www.portatax.cl\/mineria\/#website\"},\"datePublished\":\"2022-03-29T13:55:37+00:00\",\"dateModified\":\"2023-12-04T22:58:27+00:00\",\"breadcrumb\":{\"@id\":\"https:\/\/www.portatax.cl\/mineria\/2022\/03\/29\/ministra-hernando-en-cesco-week-2022-declaraciones-sobre-decisiones-proximas-que-se-avecinan-en-el-sector-mineria\/#breadcrumb\"},\"inLanguage\":\"es\",\"potentialAction\":[{\"@type\":\"ReadAction\",\"target\":[\"https:\/\/www.portatax.cl\/mineria\/2022\/03\/29\/ministra-hernando-en-cesco-week-2022-declaraciones-sobre-decisiones-proximas-que-se-avecinan-en-el-sector-mineria\/\"]}]},{\"@type\":\"BreadcrumbList\",\"@id\":\"https:\/\/www.portatax.cl\/mineria\/2022\/03\/29\/ministra-hernando-en-cesco-week-2022-declaraciones-sobre-decisiones-proximas-que-se-avecinan-en-el-sector-mineria\/#breadcrumb\",\"itemListElement\":[{\"@type\":\"ListItem\",\"position\":1,\"name\":\"Portada\",\"item\":\"https:\/\/www.portatax.cl\/mineria\/\"},{\"@type\":\"ListItem\",\"position\":2,\"name\":\"Ministra Hernando en Cesco Week 2022: declaraciones sobre decisiones pr\u00f3ximas que se avecinan en el sector miner\u00eda.\"}]},{\"@type\":\"WebSite\",\"@id\":\"https:\/\/www.portatax.cl\/mineria\/#website\",\"url\":\"https:\/\/www.portatax.cl\/mineria\/\",\"name\":\"Portatax\",\"description\":\"Servicios Tributarios\",\"publisher\":{\"@id\":\"https:\/\/www.portatax.cl\/mineria\/#organization\"},\"potentialAction\":[{\"@type\":\"SearchAction\",\"target\":{\"@type\":\"EntryPoint\",\"urlTemplate\":\"https:\/\/www.portatax.cl\/mineria\/?s={search_term_string}\"},\"query-input\":\"required name=search_term_string\"}],\"inLanguage\":\"es\"},{\"@type\":\"Organization\",\"@id\":\"https:\/\/www.portatax.cl\/mineria\/#organization\",\"name\":\"Portatax\",\"url\":\"https:\/\/www.portatax.cl\/mineria\/\",\"logo\":{\"@type\":\"ImageObject\",\"inLanguage\":\"es\",\"@id\":\"https:\/\/www.portatax.cl\/mineria\/#\/schema\/logo\/image\/\",\"url\":\"https:\/\/www.portatax.cl\/mineria\/wp-content\/uploads\/2021\/03\/Logo-Porta-Tax-2.png\",\"contentUrl\":\"https:\/\/www.portatax.cl\/mineria\/wp-content\/uploads\/2021\/03\/Logo-Porta-Tax-2.png\",\"width\":250,\"height\":83,\"caption\":\"Portatax\"},\"image\":{\"@id\":\"https:\/\/www.portatax.cl\/mineria\/#\/schema\/logo\/image\/\"}},{\"@type\":\"Person\",\"@id\":\"https:\/\/www.portatax.cl\/mineria\/#\/schema\/person\/16bad928390762f14c4b8023f0f356d2\",\"name\":\"Marjorie\",\"image\":{\"@type\":\"ImageObject\",\"inLanguage\":\"es\",\"@id\":\"https:\/\/www.portatax.cl\/mineria\/#\/schema\/person\/image\/\",\"url\":\"https:\/\/secure.gravatar.com\/avatar\/075ec98493ed93d68bb3fc65934af517464edbda82d3de640a0d868437b444ba?s=96&d=mm&r=g\",\"contentUrl\":\"https:\/\/secure.gravatar.com\/avatar\/075ec98493ed93d68bb3fc65934af517464edbda82d3de640a0d868437b444ba?s=96&d=mm&r=g\",\"caption\":\"Marjorie\"},\"url\":\"https:\/\/www.portatax.cl\/mineria\/author\/marjorie\/\"}]}<\/script>\n<!-- \/ Yoast SEO plugin. -->","yoast_head_json":{"title":"Ministra Hernando en Cesco Week 2022: declaraciones sobre decisiones pr\u00f3ximas que se avecinan en el sector miner\u00eda. - Portatax","robots":{"index":"index","follow":"follow","max-snippet":"max-snippet:-1","max-image-preview":"max-image-preview:large","max-video-preview":"max-video-preview:-1"},"canonical":"https:\/\/www.portatax.cl\/mineria\/2022\/03\/29\/ministra-hernando-en-cesco-week-2022-declaraciones-sobre-decisiones-proximas-que-se-avecinan-en-el-sector-mineria\/","og_locale":"es_ES","og_type":"article","og_title":"Ministra Hernando en Cesco Week 2022: declaraciones sobre decisiones pr\u00f3ximas que se avecinan en el sector miner\u00eda. - Portatax","og_description":"(publicado por: https:\/\/www.mch.cl\/, 28-03-2022) En esta primera jornada inaugural, la Jefa de la cartera, abord\u00f3 no s\u00f3lo la Iniciativa de Norma de la Convenci\u00f3n Constituyente de nacionalizar las empresas mineras, sino adem\u00e1s, temas como la designaci\u00f3n del nuevo Presidente de Codelco, Royalty minero, hasta su percepci\u00f3n sobre el t\u00f3pico que abre este encuentro. #miner\u00eda\u00a0#Chile\u00a0#royalty\u00a0#impuestos noticia: &hellip; Ministra Hernando en Cesco Week 2022: declaraciones sobre decisiones pr\u00f3ximas que se avecinan en el sector miner\u00eda. Leer m\u00e1s &raquo;","og_url":"https:\/\/www.portatax.cl\/mineria\/2022\/03\/29\/ministra-hernando-en-cesco-week-2022-declaraciones-sobre-decisiones-proximas-que-se-avecinan-en-el-sector-mineria\/","og_site_name":"Portatax","article_published_time":"2022-03-29T13:55:37+00:00","article_modified_time":"2023-12-04T22:58:27+00:00","og_image":[{"width":1200,"height":630,"url":"https:\/\/www.portatax.cl\/mineria\/wp-content\/uploads\/2022\/03\/Promo-Facebook-Facebook-image-post-33.jpeg","type":"image\/jpeg"}],"author":"Marjorie","twitter_card":"summary_large_image","twitter_misc":{"Escrito por":"Marjorie","Tiempo de lectura":"1 minuto"},"schema":{"@context":"https:\/\/schema.org","@graph":[{"@type":"Article","@id":"https:\/\/www.portatax.cl\/mineria\/2022\/03\/29\/ministra-hernando-en-cesco-week-2022-declaraciones-sobre-decisiones-proximas-que-se-avecinan-en-el-sector-mineria\/#article","isPartOf":{"@id":"https:\/\/www.portatax.cl\/mineria\/2022\/03\/29\/ministra-hernando-en-cesco-week-2022-declaraciones-sobre-decisiones-proximas-que-se-avecinan-en-el-sector-mineria\/"},"author":{"name":"Marjorie","@id":"https:\/\/www.portatax.cl\/mineria\/#\/schema\/person\/16bad928390762f14c4b8023f0f356d2"},"headline":"Ministra Hernando en Cesco Week 2022: declaraciones sobre decisiones pr\u00f3ximas que se avecinan en el sector miner\u00eda.","datePublished":"2022-03-29T13:55:37+00:00","dateModified":"2023-12-04T22:58:27+00:00","mainEntityOfPage":{"@id":"https:\/\/www.portatax.cl\/mineria\/2022\/03\/29\/ministra-hernando-en-cesco-week-2022-declaraciones-sobre-decisiones-proximas-que-se-avecinan-en-el-sector-mineria\/"},"wordCount":91,"publisher":{"@id":"https:\/\/www.portatax.cl\/mineria\/#organization"},"articleSection":["Actualidad Minera"],"inLanguage":"es"},{"@type":"WebPage","@id":"https:\/\/www.portatax.cl\/mineria\/2022\/03\/29\/ministra-hernando-en-cesco-week-2022-declaraciones-sobre-decisiones-proximas-que-se-avecinan-en-el-sector-mineria\/","url":"https:\/\/www.portatax.cl\/mineria\/2022\/03\/29\/ministra-hernando-en-cesco-week-2022-declaraciones-sobre-decisiones-proximas-que-se-avecinan-en-el-sector-mineria\/","name":"Ministra Hernando en Cesco Week 2022: declaraciones sobre decisiones pr\u00f3ximas que se avecinan en el sector miner\u00eda. - Portatax","isPartOf":{"@id":"https:\/\/www.portatax.cl\/mineria\/#website"},"datePublished":"2022-03-29T13:55:37+00:00","dateModified":"2023-12-04T22:58:27+00:00","breadcrumb":{"@id":"https:\/\/www.portatax.cl\/mineria\/2022\/03\/29\/ministra-hernando-en-cesco-week-2022-declaraciones-sobre-decisiones-proximas-que-se-avecinan-en-el-sector-mineria\/#breadcrumb"},"inLanguage":"es","potentialAction":[{"@type":"ReadAction","target":["https:\/\/www.portatax.cl\/mineria\/2022\/03\/29\/ministra-hernando-en-cesco-week-2022-declaraciones-sobre-decisiones-proximas-que-se-avecinan-en-el-sector-mineria\/"]}]},{"@type":"BreadcrumbList","@id":"https:\/\/www.portatax.cl\/mineria\/2022\/03\/29\/ministra-hernando-en-cesco-week-2022-declaraciones-sobre-decisiones-proximas-que-se-avecinan-en-el-sector-mineria\/#breadcrumb","itemListElement":[{"@type":"ListItem","position":1,"name":"Portada","item":"https:\/\/www.portatax.cl\/mineria\/"},{"@type":"ListItem","position":2,"name":"Ministra Hernando en Cesco Week 2022: declaraciones sobre decisiones pr\u00f3ximas que se avecinan en el sector miner\u00eda."}]},{"@type":"WebSite","@id":"https:\/\/www.portatax.cl\/mineria\/#website","url":"https:\/\/www.portatax.cl\/mineria\/","name":"Portatax","description":"Servicios Tributarios","publisher":{"@id":"https:\/\/www.portatax.cl\/mineria\/#organization"},"potentialAction":[{"@type":"SearchAction","target":{"@type":"EntryPoint","urlTemplate":"https:\/\/www.portatax.cl\/mineria\/?s={search_term_string}"},"query-input":"required name=search_term_string"}],"inLanguage":"es"},{"@type":"Organization","@id":"https:\/\/www.portatax.cl\/mineria\/#organization","name":"Portatax","url":"https:\/\/www.portatax.cl\/mineria\/","logo":{"@type":"ImageObject","inLanguage":"es","@id":"https:\/\/www.portatax.cl\/mineria\/#\/schema\/logo\/image\/","url":"https:\/\/www.portatax.cl\/mineria\/wp-content\/uploads\/2021\/03\/Logo-Porta-Tax-2.png","contentUrl":"https:\/\/www.portatax.cl\/mineria\/wp-content\/uploads\/2021\/03\/Logo-Porta-Tax-2.png","width":250,"height":83,"caption":"Portatax"},"image":{"@id":"https:\/\/www.portatax.cl\/mineria\/#\/schema\/logo\/image\/"}},{"@type":"Person","@id":"https:\/\/www.portatax.cl\/mineria\/#\/schema\/person\/16bad928390762f14c4b8023f0f356d2","name":"Marjorie","image":{"@type":"ImageObject","inLanguage":"es","@id":"https:\/\/www.portatax.cl\/mineria\/#\/schema\/person\/image\/","url":"https:\/\/secure.gravatar.com\/avatar\/075ec98493ed93d68bb3fc65934af517464edbda82d3de640a0d868437b444ba?s=96&d=mm&r=g","contentUrl":"https:\/\/secure.gravatar.com\/avatar\/075ec98493ed93d68bb3fc65934af517464edbda82d3de640a0d868437b444ba?s=96&d=mm&r=g","caption":"Marjorie"},"url":"https:\/\/www.portatax.cl\/mineria\/author\/marjorie\/"}]}},"_links":{"self":[{"href":"https:\/\/www.portatax.cl\/mineria\/wp-json\/wp\/v2\/posts\/3979","targetHints":{"allow":["GET"]}}],"collection":[{"href":"https:\/\/www.portatax.cl\/mineria\/wp-json\/wp\/v2\/posts"}],"about":[{"href":"https:\/\/www.portatax.cl\/mineria\/wp-json\/wp\/v2\/types\/post"}],"author":[{"embeddable":true,"href":"https:\/\/www.portatax.cl\/mineria\/wp-json\/wp\/v2\/users\/2"}],"replies":[{"embeddable":true,"href":"https:\/\/www.portatax.cl\/mineria\/wp-json\/wp\/v2\/comments?post=3979"}],"version-history":[{"count":2,"href":"https:\/\/www.portatax.cl\/mineria\/wp-json\/wp\/v2\/posts\/3979\/revisions"}],"predecessor-version":[{"id":4712,"href":"https:\/\/www.portatax.cl\/mineria\/wp-json\/wp\/v2\/posts\/3979\/revisions\/4712"}],"wp:featuredmedia":[{"embeddable":true,"href":"https:\/\/www.portatax.cl\/mineria\/wp-json\/wp\/v2\/media\/3980"}],"wp:attachment":[{"href":"https:\/\/www.portatax.cl\/mineria\/wp-json\/wp\/v2\/media?parent=3979"}],"wp:term":[{"taxonomy":"category","embeddable":true,"href":"https:\/\/www.portatax.cl\/mineria\/wp-json\/wp\/v2\/categories?post=3979"},{"taxonomy":"post_tag","embeddable":true,"href":"https:\/\/www.portatax.cl\/mineria\/wp-json\/wp\/v2\/tags?post=3979"}],"curies":[{"name":"wp","href":"https:\/\/api.w.org\/{rel}","templated":true}]}}