{"id":4003,"date":"2022-05-03T13:59:00","date_gmt":"2022-05-03T17:59:00","guid":{"rendered":"https:\/\/www.portatax.cl\/mineria\/?p=4003"},"modified":"2023-12-04T18:58:02","modified_gmt":"2023-12-04T22:58:02","slug":"exenciones-tributarias-camara-respaldo-propuesta-que-efectua-ajustes-en-torno-a-las-patentes-mineras","status":"publish","type":"post","link":"https:\/\/www.portatax.cl\/mineria\/2022\/05\/03\/exenciones-tributarias-camara-respaldo-propuesta-que-efectua-ajustes-en-torno-a-las-patentes-mineras\/","title":{"rendered":"Exenciones tributarias:\u00a0C\u00e1mara respald\u00f3 propuesta que efect\u00faa ajustes en torno a las patentes mineras"},"content":{"rendered":"\n<p>(Publicado por: <a href=\"https:\/\/www.mch.cl\/\" data-type=\"URL\" data-id=\"https:\/\/www.mch.cl\/\">https:\/\/www.mch.cl\/<\/a>  03-05-2022)<\/p>\n\n\n\n<p>La iniciativa se abord\u00f3 en la Sala conforme al informe de la Comisi\u00f3n de Hacienda. En dicho texto se indica la incorporaci\u00f3n de un nuevo art\u00edculo al C\u00f3digo de Miner\u00eda en materia de concesiones mineras.<\/p>\n\n\n\n<p><a href=\"https:\/\/www.linkedin.com\/feed\/hashtag\/?keywords=exencionestributarias&amp;highlightedUpdateUrns=urn%3Ali%3Aactivity%3A6927677138091315200\">#exencionestributarias<\/a><a href=\"https:\/\/www.linkedin.com\/feed\/hashtag\/?keywords=impuestos&amp;highlightedUpdateUrns=urn%3Ali%3Aactivity%3A6927677138091315200\">#impuestos<\/a><a href=\"https:\/\/www.linkedin.com\/feed\/hashtag\/?keywords=miner%C3%ADa&amp;highlightedUpdateUrns=urn%3Ali%3Aactivity%3A6927677138091315200\">#miner\u00eda<\/a><a href=\"https:\/\/www.linkedin.com\/feed\/hashtag\/?keywords=patentesmineras&amp;highlightedUpdateUrns=urn%3Ali%3Aactivity%3A6927677138091315200\">#patentesmineras<\/a><\/p>\n\n\n\n<p>noticia <a rel=\"noreferrer noopener\" href=\"https:\/\/lnkd.in\/eXCjWQ5q\" data-type=\"URL\" data-id=\"https:\/\/lnkd.in\/eXCjWQ5q\" target=\"_blank\">aqu\u00ed<\/a><\/p>\n","protected":false},"excerpt":{"rendered":"<p>(Publicado por: https:\/\/www.mch.cl\/ 03-05-2022) La iniciativa se abord\u00f3 en la Sala conforme al informe de la Comisi\u00f3n de Hacienda. En dicho texto se indica la incorporaci\u00f3n de un nuevo art\u00edculo al C\u00f3digo de Miner\u00eda en materia de concesiones mineras. #exencionestributarias#impuestos#miner\u00eda#patentesmineras noticia aqu\u00ed<\/p>\n","protected":false},"author":2,"featured_media":4004,"comment_status":"closed","ping_status":"closed","sticky":false,"template":"","format":"standard","meta":{"om_disable_all_campaigns":false,"_monsterinsights_skip_tracking":false,"_monsterinsights_sitenote_active":false,"_monsterinsights_sitenote_note":"","_monsterinsights_sitenote_category":0,"_uf_show_specific_survey":0,"_uf_disable_surveys":false,"site-sidebar-layout":"default","site-content-layout":"default","ast-site-content-layout":"default","site-content-style":"default","site-sidebar-style":"default","ast-global-header-display":"","ast-banner-title-visibility":"","ast-main-header-display":"","ast-hfb-above-header-display":"","ast-hfb-below-header-display":"","ast-hfb-mobile-header-display":"","site-post-title":"","ast-breadcrumbs-content":"","ast-featured-img":"","footer-sml-layout":"","theme-transparent-header-meta":"default","adv-header-id-meta":"","stick-header-meta":"","header-above-stick-meta":"","header-main-stick-meta":"","header-below-stick-meta":"","astra-migrate-meta-layouts":"set","ast-page-background-enabled":"default","ast-page-background-meta":{"desktop":{"background-color":"","background-image":"","background-repeat":"repeat","background-position":"center center","background-size":"auto","background-attachment":"scroll","background-type":"","background-media":"","overlay-type":"","overlay-color":"","overlay-gradient":""},"tablet":{"background-color":"","background-image":"","background-repeat":"repeat","background-position":"center center","background-size":"auto","background-attachment":"scroll","background-type":"","background-media":"","overlay-type":"","overlay-color":"","overlay-gradient":""},"mobile":{"background-color":"","background-image":"","background-repeat":"repeat","background-position":"center center","background-size":"auto","background-attachment":"scroll","background-type":"","background-media":"","overlay-type":"","overlay-color":"","overlay-gradient":""}},"ast-content-background-meta":{"desktop":{"background-color":"var(--ast-global-color-5)","background-image":"","background-repeat":"repeat","background-position":"center center","background-size":"auto","background-attachment":"scroll","background-type":"","background-media":"","overlay-type":"","overlay-color":"","overlay-gradient":""},"tablet":{"background-color":"var(--ast-global-color-5)","background-image":"","background-repeat":"repeat","background-position":"center center","background-size":"auto","background-attachment":"scroll","background-type":"","background-media":"","overlay-type":"","overlay-color":"","overlay-gradient":""},"mobile":{"background-color":"var(--ast-global-color-5)","background-image":"","background-repeat":"repeat","background-position":"center center","background-size":"auto","background-attachment":"scroll","background-type":"","background-media":"","overlay-type":"","overlay-color":"","overlay-gradient":""}},"footnotes":""},"categories":[42],"tags":[],"class_list":["post-4003","post","type-post","status-publish","format-standard","has-post-thumbnail","hentry","category-actualidad-minera"],"aioseo_notices":[],"yoast_head":"<!-- This site is optimized with the Yoast SEO plugin v21.5 - https:\/\/yoast.com\/wordpress\/plugins\/seo\/ -->\n<title>Exenciones tributarias:\u00a0C\u00e1mara respald\u00f3 propuesta que efect\u00faa ajustes en torno a las patentes mineras - Portatax<\/title>\n<meta name=\"robots\" content=\"index, follow, max-snippet:-1, max-image-preview:large, max-video-preview:-1\" \/>\n<link rel=\"canonical\" href=\"https:\/\/www.portatax.cl\/mineria\/2022\/05\/03\/exenciones-tributarias-camara-respaldo-propuesta-que-efectua-ajustes-en-torno-a-las-patentes-mineras\/\" \/>\n<meta property=\"og:locale\" content=\"es_ES\" \/>\n<meta property=\"og:type\" content=\"article\" \/>\n<meta property=\"og:title\" content=\"Exenciones tributarias:\u00a0C\u00e1mara respald\u00f3 propuesta que efect\u00faa ajustes en torno a las patentes mineras - Portatax\" \/>\n<meta property=\"og:description\" content=\"(Publicado por: https:\/\/www.mch.cl\/ 03-05-2022) La iniciativa se abord\u00f3 en la Sala conforme al informe de la Comisi\u00f3n de Hacienda. En dicho texto se indica la incorporaci\u00f3n de un nuevo art\u00edculo al C\u00f3digo de Miner\u00eda en materia de concesiones mineras. #exencionestributarias#impuestos#miner\u00eda#patentesmineras noticia aqu\u00ed\" \/>\n<meta property=\"og:url\" content=\"https:\/\/www.portatax.cl\/mineria\/2022\/05\/03\/exenciones-tributarias-camara-respaldo-propuesta-que-efectua-ajustes-en-torno-a-las-patentes-mineras\/\" \/>\n<meta property=\"og:site_name\" content=\"Portatax\" \/>\n<meta property=\"article:published_time\" content=\"2022-05-03T17:59:00+00:00\" \/>\n<meta property=\"article:modified_time\" content=\"2023-12-04T22:58:02+00:00\" \/>\n<meta property=\"og:image\" content=\"https:\/\/www.portatax.cl\/mineria\/wp-content\/uploads\/2022\/05\/Promo-Facebook-Facebook-image-post-45.jpeg\" \/>\n\t<meta property=\"og:image:width\" content=\"1200\" \/>\n\t<meta property=\"og:image:height\" content=\"630\" \/>\n\t<meta property=\"og:image:type\" content=\"image\/jpeg\" \/>\n<meta name=\"author\" content=\"Marjorie\" \/>\n<meta name=\"twitter:card\" content=\"summary_large_image\" \/>\n<meta name=\"twitter:label1\" content=\"Escrito por\" \/>\n\t<meta name=\"twitter:data1\" content=\"Marjorie\" \/>\n\t<meta name=\"twitter:label2\" content=\"Tiempo de lectura\" \/>\n\t<meta name=\"twitter:data2\" content=\"1 minuto\" \/>\n<script type=\"application\/ld+json\" class=\"yoast-schema-graph\">{\"@context\":\"https:\/\/schema.org\",\"@graph\":[{\"@type\":\"Article\",\"@id\":\"https:\/\/www.portatax.cl\/mineria\/2022\/05\/03\/exenciones-tributarias-camara-respaldo-propuesta-que-efectua-ajustes-en-torno-a-las-patentes-mineras\/#article\",\"isPartOf\":{\"@id\":\"https:\/\/www.portatax.cl\/mineria\/2022\/05\/03\/exenciones-tributarias-camara-respaldo-propuesta-que-efectua-ajustes-en-torno-a-las-patentes-mineras\/\"},\"author\":{\"name\":\"Marjorie\",\"@id\":\"https:\/\/www.portatax.cl\/mineria\/#\/schema\/person\/16bad928390762f14c4b8023f0f356d2\"},\"headline\":\"Exenciones tributarias:\u00a0C\u00e1mara respald\u00f3 propuesta que efect\u00faa ajustes en torno a las patentes mineras\",\"datePublished\":\"2022-05-03T17:59:00+00:00\",\"dateModified\":\"2023-12-04T22:58:02+00:00\",\"mainEntityOfPage\":{\"@id\":\"https:\/\/www.portatax.cl\/mineria\/2022\/05\/03\/exenciones-tributarias-camara-respaldo-propuesta-que-efectua-ajustes-en-torno-a-las-patentes-mineras\/\"},\"wordCount\":71,\"publisher\":{\"@id\":\"https:\/\/www.portatax.cl\/mineria\/#organization\"},\"articleSection\":[\"Actualidad Minera\"],\"inLanguage\":\"es\"},{\"@type\":\"WebPage\",\"@id\":\"https:\/\/www.portatax.cl\/mineria\/2022\/05\/03\/exenciones-tributarias-camara-respaldo-propuesta-que-efectua-ajustes-en-torno-a-las-patentes-mineras\/\",\"url\":\"https:\/\/www.portatax.cl\/mineria\/2022\/05\/03\/exenciones-tributarias-camara-respaldo-propuesta-que-efectua-ajustes-en-torno-a-las-patentes-mineras\/\",\"name\":\"Exenciones tributarias:\u00a0C\u00e1mara respald\u00f3 propuesta que efect\u00faa ajustes en torno a las patentes mineras - Portatax\",\"isPartOf\":{\"@id\":\"https:\/\/www.portatax.cl\/mineria\/#website\"},\"datePublished\":\"2022-05-03T17:59:00+00:00\",\"dateModified\":\"2023-12-04T22:58:02+00:00\",\"breadcrumb\":{\"@id\":\"https:\/\/www.portatax.cl\/mineria\/2022\/05\/03\/exenciones-tributarias-camara-respaldo-propuesta-que-efectua-ajustes-en-torno-a-las-patentes-mineras\/#breadcrumb\"},\"inLanguage\":\"es\",\"potentialAction\":[{\"@type\":\"ReadAction\",\"target\":[\"https:\/\/www.portatax.cl\/mineria\/2022\/05\/03\/exenciones-tributarias-camara-respaldo-propuesta-que-efectua-ajustes-en-torno-a-las-patentes-mineras\/\"]}]},{\"@type\":\"BreadcrumbList\",\"@id\":\"https:\/\/www.portatax.cl\/mineria\/2022\/05\/03\/exenciones-tributarias-camara-respaldo-propuesta-que-efectua-ajustes-en-torno-a-las-patentes-mineras\/#breadcrumb\",\"itemListElement\":[{\"@type\":\"ListItem\",\"position\":1,\"name\":\"Portada\",\"item\":\"https:\/\/www.portatax.cl\/mineria\/\"},{\"@type\":\"ListItem\",\"position\":2,\"name\":\"Exenciones tributarias:\u00a0C\u00e1mara respald\u00f3 propuesta que efect\u00faa ajustes en torno a las patentes mineras\"}]},{\"@type\":\"WebSite\",\"@id\":\"https:\/\/www.portatax.cl\/mineria\/#website\",\"url\":\"https:\/\/www.portatax.cl\/mineria\/\",\"name\":\"Portatax\",\"description\":\"Servicios Tributarios\",\"publisher\":{\"@id\":\"https:\/\/www.portatax.cl\/mineria\/#organization\"},\"potentialAction\":[{\"@type\":\"SearchAction\",\"target\":{\"@type\":\"EntryPoint\",\"urlTemplate\":\"https:\/\/www.portatax.cl\/mineria\/?s={search_term_string}\"},\"query-input\":\"required name=search_term_string\"}],\"inLanguage\":\"es\"},{\"@type\":\"Organization\",\"@id\":\"https:\/\/www.portatax.cl\/mineria\/#organization\",\"name\":\"Portatax\",\"url\":\"https:\/\/www.portatax.cl\/mineria\/\",\"logo\":{\"@type\":\"ImageObject\",\"inLanguage\":\"es\",\"@id\":\"https:\/\/www.portatax.cl\/mineria\/#\/schema\/logo\/image\/\",\"url\":\"https:\/\/www.portatax.cl\/mineria\/wp-content\/uploads\/2021\/03\/Logo-Porta-Tax-2.png\",\"contentUrl\":\"https:\/\/www.portatax.cl\/mineria\/wp-content\/uploads\/2021\/03\/Logo-Porta-Tax-2.png\",\"width\":250,\"height\":83,\"caption\":\"Portatax\"},\"image\":{\"@id\":\"https:\/\/www.portatax.cl\/mineria\/#\/schema\/logo\/image\/\"}},{\"@type\":\"Person\",\"@id\":\"https:\/\/www.portatax.cl\/mineria\/#\/schema\/person\/16bad928390762f14c4b8023f0f356d2\",\"name\":\"Marjorie\",\"image\":{\"@type\":\"ImageObject\",\"inLanguage\":\"es\",\"@id\":\"https:\/\/www.portatax.cl\/mineria\/#\/schema\/person\/image\/\",\"url\":\"https:\/\/secure.gravatar.com\/avatar\/075ec98493ed93d68bb3fc65934af517464edbda82d3de640a0d868437b444ba?s=96&d=mm&r=g\",\"contentUrl\":\"https:\/\/secure.gravatar.com\/avatar\/075ec98493ed93d68bb3fc65934af517464edbda82d3de640a0d868437b444ba?s=96&d=mm&r=g\",\"caption\":\"Marjorie\"},\"url\":\"https:\/\/www.portatax.cl\/mineria\/author\/marjorie\/\"}]}<\/script>\n<!-- \/ Yoast SEO plugin. -->","yoast_head_json":{"title":"Exenciones tributarias:\u00a0C\u00e1mara respald\u00f3 propuesta que efect\u00faa ajustes en torno a las patentes mineras - Portatax","robots":{"index":"index","follow":"follow","max-snippet":"max-snippet:-1","max-image-preview":"max-image-preview:large","max-video-preview":"max-video-preview:-1"},"canonical":"https:\/\/www.portatax.cl\/mineria\/2022\/05\/03\/exenciones-tributarias-camara-respaldo-propuesta-que-efectua-ajustes-en-torno-a-las-patentes-mineras\/","og_locale":"es_ES","og_type":"article","og_title":"Exenciones tributarias:\u00a0C\u00e1mara respald\u00f3 propuesta que efect\u00faa ajustes en torno a las patentes mineras - Portatax","og_description":"(Publicado por: https:\/\/www.mch.cl\/ 03-05-2022) La iniciativa se abord\u00f3 en la Sala conforme al informe de la Comisi\u00f3n de Hacienda. En dicho texto se indica la incorporaci\u00f3n de un nuevo art\u00edculo al C\u00f3digo de Miner\u00eda en materia de concesiones mineras. #exencionestributarias#impuestos#miner\u00eda#patentesmineras noticia aqu\u00ed","og_url":"https:\/\/www.portatax.cl\/mineria\/2022\/05\/03\/exenciones-tributarias-camara-respaldo-propuesta-que-efectua-ajustes-en-torno-a-las-patentes-mineras\/","og_site_name":"Portatax","article_published_time":"2022-05-03T17:59:00+00:00","article_modified_time":"2023-12-04T22:58:02+00:00","og_image":[{"width":1200,"height":630,"url":"https:\/\/www.portatax.cl\/mineria\/wp-content\/uploads\/2022\/05\/Promo-Facebook-Facebook-image-post-45.jpeg","type":"image\/jpeg"}],"author":"Marjorie","twitter_card":"summary_large_image","twitter_misc":{"Escrito por":"Marjorie","Tiempo de lectura":"1 minuto"},"schema":{"@context":"https:\/\/schema.org","@graph":[{"@type":"Article","@id":"https:\/\/www.portatax.cl\/mineria\/2022\/05\/03\/exenciones-tributarias-camara-respaldo-propuesta-que-efectua-ajustes-en-torno-a-las-patentes-mineras\/#article","isPartOf":{"@id":"https:\/\/www.portatax.cl\/mineria\/2022\/05\/03\/exenciones-tributarias-camara-respaldo-propuesta-que-efectua-ajustes-en-torno-a-las-patentes-mineras\/"},"author":{"name":"Marjorie","@id":"https:\/\/www.portatax.cl\/mineria\/#\/schema\/person\/16bad928390762f14c4b8023f0f356d2"},"headline":"Exenciones tributarias:\u00a0C\u00e1mara respald\u00f3 propuesta que efect\u00faa ajustes en torno a las patentes mineras","datePublished":"2022-05-03T17:59:00+00:00","dateModified":"2023-12-04T22:58:02+00:00","mainEntityOfPage":{"@id":"https:\/\/www.portatax.cl\/mineria\/2022\/05\/03\/exenciones-tributarias-camara-respaldo-propuesta-que-efectua-ajustes-en-torno-a-las-patentes-mineras\/"},"wordCount":71,"publisher":{"@id":"https:\/\/www.portatax.cl\/mineria\/#organization"},"articleSection":["Actualidad Minera"],"inLanguage":"es"},{"@type":"WebPage","@id":"https:\/\/www.portatax.cl\/mineria\/2022\/05\/03\/exenciones-tributarias-camara-respaldo-propuesta-que-efectua-ajustes-en-torno-a-las-patentes-mineras\/","url":"https:\/\/www.portatax.cl\/mineria\/2022\/05\/03\/exenciones-tributarias-camara-respaldo-propuesta-que-efectua-ajustes-en-torno-a-las-patentes-mineras\/","name":"Exenciones tributarias:\u00a0C\u00e1mara respald\u00f3 propuesta que efect\u00faa ajustes en torno a las patentes mineras - Portatax","isPartOf":{"@id":"https:\/\/www.portatax.cl\/mineria\/#website"},"datePublished":"2022-05-03T17:59:00+00:00","dateModified":"2023-12-04T22:58:02+00:00","breadcrumb":{"@id":"https:\/\/www.portatax.cl\/mineria\/2022\/05\/03\/exenciones-tributarias-camara-respaldo-propuesta-que-efectua-ajustes-en-torno-a-las-patentes-mineras\/#breadcrumb"},"inLanguage":"es","potentialAction":[{"@type":"ReadAction","target":["https:\/\/www.portatax.cl\/mineria\/2022\/05\/03\/exenciones-tributarias-camara-respaldo-propuesta-que-efectua-ajustes-en-torno-a-las-patentes-mineras\/"]}]},{"@type":"BreadcrumbList","@id":"https:\/\/www.portatax.cl\/mineria\/2022\/05\/03\/exenciones-tributarias-camara-respaldo-propuesta-que-efectua-ajustes-en-torno-a-las-patentes-mineras\/#breadcrumb","itemListElement":[{"@type":"ListItem","position":1,"name":"Portada","item":"https:\/\/www.portatax.cl\/mineria\/"},{"@type":"ListItem","position":2,"name":"Exenciones tributarias:\u00a0C\u00e1mara respald\u00f3 propuesta que efect\u00faa ajustes en torno a las patentes mineras"}]},{"@type":"WebSite","@id":"https:\/\/www.portatax.cl\/mineria\/#website","url":"https:\/\/www.portatax.cl\/mineria\/","name":"Portatax","description":"Servicios Tributarios","publisher":{"@id":"https:\/\/www.portatax.cl\/mineria\/#organization"},"potentialAction":[{"@type":"SearchAction","target":{"@type":"EntryPoint","urlTemplate":"https:\/\/www.portatax.cl\/mineria\/?s={search_term_string}"},"query-input":"required name=search_term_string"}],"inLanguage":"es"},{"@type":"Organization","@id":"https:\/\/www.portatax.cl\/mineria\/#organization","name":"Portatax","url":"https:\/\/www.portatax.cl\/mineria\/","logo":{"@type":"ImageObject","inLanguage":"es","@id":"https:\/\/www.portatax.cl\/mineria\/#\/schema\/logo\/image\/","url":"https:\/\/www.portatax.cl\/mineria\/wp-content\/uploads\/2021\/03\/Logo-Porta-Tax-2.png","contentUrl":"https:\/\/www.portatax.cl\/mineria\/wp-content\/uploads\/2021\/03\/Logo-Porta-Tax-2.png","width":250,"height":83,"caption":"Portatax"},"image":{"@id":"https:\/\/www.portatax.cl\/mineria\/#\/schema\/logo\/image\/"}},{"@type":"Person","@id":"https:\/\/www.portatax.cl\/mineria\/#\/schema\/person\/16bad928390762f14c4b8023f0f356d2","name":"Marjorie","image":{"@type":"ImageObject","inLanguage":"es","@id":"https:\/\/www.portatax.cl\/mineria\/#\/schema\/person\/image\/","url":"https:\/\/secure.gravatar.com\/avatar\/075ec98493ed93d68bb3fc65934af517464edbda82d3de640a0d868437b444ba?s=96&d=mm&r=g","contentUrl":"https:\/\/secure.gravatar.com\/avatar\/075ec98493ed93d68bb3fc65934af517464edbda82d3de640a0d868437b444ba?s=96&d=mm&r=g","caption":"Marjorie"},"url":"https:\/\/www.portatax.cl\/mineria\/author\/marjorie\/"}]}},"_links":{"self":[{"href":"https:\/\/www.portatax.cl\/mineria\/wp-json\/wp\/v2\/posts\/4003","targetHints":{"allow":["GET"]}}],"collection":[{"href":"https:\/\/www.portatax.cl\/mineria\/wp-json\/wp\/v2\/posts"}],"about":[{"href":"https:\/\/www.portatax.cl\/mineria\/wp-json\/wp\/v2\/types\/post"}],"author":[{"embeddable":true,"href":"https:\/\/www.portatax.cl\/mineria\/wp-json\/wp\/v2\/users\/2"}],"replies":[{"embeddable":true,"href":"https:\/\/www.portatax.cl\/mineria\/wp-json\/wp\/v2\/comments?post=4003"}],"version-history":[{"count":2,"href":"https:\/\/www.portatax.cl\/mineria\/wp-json\/wp\/v2\/posts\/4003\/revisions"}],"predecessor-version":[{"id":4708,"href":"https:\/\/www.portatax.cl\/mineria\/wp-json\/wp\/v2\/posts\/4003\/revisions\/4708"}],"wp:featuredmedia":[{"embeddable":true,"href":"https:\/\/www.portatax.cl\/mineria\/wp-json\/wp\/v2\/media\/4004"}],"wp:attachment":[{"href":"https:\/\/www.portatax.cl\/mineria\/wp-json\/wp\/v2\/media?parent=4003"}],"wp:term":[{"taxonomy":"category","embeddable":true,"href":"https:\/\/www.portatax.cl\/mineria\/wp-json\/wp\/v2\/categories?post=4003"},{"taxonomy":"post_tag","embeddable":true,"href":"https:\/\/www.portatax.cl\/mineria\/wp-json\/wp\/v2\/tags?post=4003"}],"curies":[{"name":"wp","href":"https:\/\/api.w.org\/{rel}","templated":true}]}}