{"id":4006,"date":"2022-05-04T10:56:00","date_gmt":"2022-05-04T14:56:00","guid":{"rendered":"https:\/\/www.portatax.cl\/mineria\/?p=4006"},"modified":"2023-12-04T18:57:56","modified_gmt":"2023-12-04T22:57:56","slug":"hacienda-incluira-discusion-del-royalty-minero-en-la-proxima-reforma-tributaria-que-partira-en-junio","status":"publish","type":"post","link":"https:\/\/www.portatax.cl\/mineria\/2022\/05\/04\/hacienda-incluira-discusion-del-royalty-minero-en-la-proxima-reforma-tributaria-que-partira-en-junio\/","title":{"rendered":"Hacienda incluir\u00e1 discusi\u00f3n del royalty minero en la pr\u00f3xima reforma tributaria que partir\u00e1 en junio"},"content":{"rendered":"\n<p>(publicado por: <a href=\"https:\/\/www.df.cl\/\" data-type=\"URL\" data-id=\"https:\/\/www.df.cl\/\">https:\/\/www.df.cl\/<\/a>, 04-05-2022)<\/p>\n\n\n\n<p>La subsecretaria&nbsp; de la cartera, Claudia Sanhueza, adelant\u00f3 cuatro pilares principales de la iniciativa a la C\u00e1mara de Diputados.<\/p>\n\n\n\n<p>noticia <a href=\"https:\/\/lnkd.in\/gTjHMmHA\" data-type=\"URL\" data-id=\"https:\/\/lnkd.in\/gTjHMmHA\">aqu\u00ed<\/a><\/p>\n\n\n\n<div data-wp-interactive=\"core\/file\" class=\"wp-block-file\"><object data-wp-bind--hidden=\"!state.hasPdfPreview\" hidden class=\"wp-block-file__embed\" data=\"https:\/\/www.portatax.cl\/mineria\/wp-content\/uploads\/2022\/05\/hacienda.pdf\" type=\"application\/pdf\" style=\"width:100%;height:600px\" aria-label=\"PDF incrustado\"><\/object><\/div>\n","protected":false},"excerpt":{"rendered":"<p>(publicado por: https:\/\/www.df.cl\/, 04-05-2022) La subsecretaria&nbsp; de la cartera, Claudia Sanhueza, adelant\u00f3 cuatro pilares principales de la iniciativa a la C\u00e1mara de Diputados. noticia aqu\u00ed<\/p>\n","protected":false},"author":2,"featured_media":4008,"comment_status":"closed","ping_status":"closed","sticky":false,"template":"","format":"standard","meta":{"om_disable_all_campaigns":false,"_monsterinsights_skip_tracking":false,"_monsterinsights_sitenote_active":false,"_monsterinsights_sitenote_note":"","_monsterinsights_sitenote_category":0,"_uf_show_specific_survey":0,"_uf_disable_surveys":false,"site-sidebar-layout":"default","site-content-layout":"default","ast-site-content-layout":"default","site-content-style":"default","site-sidebar-style":"default","ast-global-header-display":"","ast-banner-title-visibility":"","ast-main-header-display":"","ast-hfb-above-header-display":"","ast-hfb-below-header-display":"","ast-hfb-mobile-header-display":"","site-post-title":"","ast-breadcrumbs-content":"","ast-featured-img":"","footer-sml-layout":"","theme-transparent-header-meta":"default","adv-header-id-meta":"","stick-header-meta":"","header-above-stick-meta":"","header-main-stick-meta":"","header-below-stick-meta":"","astra-migrate-meta-layouts":"set","ast-page-background-enabled":"default","ast-page-background-meta":{"desktop":{"background-color":"","background-image":"","background-repeat":"repeat","background-position":"center center","background-size":"auto","background-attachment":"scroll","background-type":"","background-media":"","overlay-type":"","overlay-color":"","overlay-gradient":""},"tablet":{"background-color":"","background-image":"","background-repeat":"repeat","background-position":"center center","background-size":"auto","background-attachment":"scroll","background-type":"","background-media":"","overlay-type":"","overlay-color":"","overlay-gradient":""},"mobile":{"background-color":"","background-image":"","background-repeat":"repeat","background-position":"center center","background-size":"auto","background-attachment":"scroll","background-type":"","background-media":"","overlay-type":"","overlay-color":"","overlay-gradient":""}},"ast-content-background-meta":{"desktop":{"background-color":"var(--ast-global-color-5)","background-image":"","background-repeat":"repeat","background-position":"center center","background-size":"auto","background-attachment":"scroll","background-type":"","background-media":"","overlay-type":"","overlay-color":"","overlay-gradient":""},"tablet":{"background-color":"var(--ast-global-color-5)","background-image":"","background-repeat":"repeat","background-position":"center center","background-size":"auto","background-attachment":"scroll","background-type":"","background-media":"","overlay-type":"","overlay-color":"","overlay-gradient":""},"mobile":{"background-color":"var(--ast-global-color-5)","background-image":"","background-repeat":"repeat","background-position":"center center","background-size":"auto","background-attachment":"scroll","background-type":"","background-media":"","overlay-type":"","overlay-color":"","overlay-gradient":""}},"footnotes":""},"categories":[51],"tags":[],"class_list":["post-4006","post","type-post","status-publish","format-standard","has-post-thumbnail","hentry","category-royalty-minero"],"aioseo_notices":[],"yoast_head":"<!-- This site is optimized with the Yoast SEO plugin v21.5 - https:\/\/yoast.com\/wordpress\/plugins\/seo\/ -->\n<title>Hacienda incluir\u00e1 discusi\u00f3n del royalty minero en la pr\u00f3xima reforma tributaria que partir\u00e1 en junio - Portatax<\/title>\n<meta name=\"robots\" content=\"index, follow, max-snippet:-1, max-image-preview:large, max-video-preview:-1\" \/>\n<link rel=\"canonical\" href=\"https:\/\/www.portatax.cl\/mineria\/2022\/05\/04\/hacienda-incluira-discusion-del-royalty-minero-en-la-proxima-reforma-tributaria-que-partira-en-junio\/\" \/>\n<meta property=\"og:locale\" content=\"es_ES\" \/>\n<meta property=\"og:type\" content=\"article\" \/>\n<meta property=\"og:title\" content=\"Hacienda incluir\u00e1 discusi\u00f3n del royalty minero en la pr\u00f3xima reforma tributaria que partir\u00e1 en junio - Portatax\" \/>\n<meta property=\"og:description\" content=\"(publicado por: https:\/\/www.df.cl\/, 04-05-2022) La subsecretaria&nbsp; de la cartera, Claudia Sanhueza, adelant\u00f3 cuatro pilares principales de la iniciativa a la C\u00e1mara de Diputados. noticia aqu\u00ed\" \/>\n<meta property=\"og:url\" content=\"https:\/\/www.portatax.cl\/mineria\/2022\/05\/04\/hacienda-incluira-discusion-del-royalty-minero-en-la-proxima-reforma-tributaria-que-partira-en-junio\/\" \/>\n<meta property=\"og:site_name\" content=\"Portatax\" \/>\n<meta property=\"article:published_time\" content=\"2022-05-04T14:56:00+00:00\" \/>\n<meta property=\"article:modified_time\" content=\"2023-12-04T22:57:56+00:00\" \/>\n<meta property=\"og:image\" content=\"https:\/\/www.portatax.cl\/mineria\/wp-content\/uploads\/2022\/05\/Promo-Facebook-Facebook-image-post-46.jpeg\" \/>\n\t<meta property=\"og:image:width\" content=\"1200\" \/>\n\t<meta property=\"og:image:height\" content=\"630\" \/>\n\t<meta property=\"og:image:type\" content=\"image\/jpeg\" \/>\n<meta name=\"author\" content=\"Marjorie\" \/>\n<meta name=\"twitter:card\" content=\"summary_large_image\" \/>\n<meta name=\"twitter:label1\" content=\"Escrito por\" \/>\n\t<meta name=\"twitter:data1\" content=\"Marjorie\" \/>\n\t<meta name=\"twitter:label2\" content=\"Tiempo de lectura\" \/>\n\t<meta name=\"twitter:data2\" content=\"1 minuto\" \/>\n<script type=\"application\/ld+json\" class=\"yoast-schema-graph\">{\"@context\":\"https:\/\/schema.org\",\"@graph\":[{\"@type\":\"Article\",\"@id\":\"https:\/\/www.portatax.cl\/mineria\/2022\/05\/04\/hacienda-incluira-discusion-del-royalty-minero-en-la-proxima-reforma-tributaria-que-partira-en-junio\/#article\",\"isPartOf\":{\"@id\":\"https:\/\/www.portatax.cl\/mineria\/2022\/05\/04\/hacienda-incluira-discusion-del-royalty-minero-en-la-proxima-reforma-tributaria-que-partira-en-junio\/\"},\"author\":{\"name\":\"Marjorie\",\"@id\":\"https:\/\/www.portatax.cl\/mineria\/#\/schema\/person\/16bad928390762f14c4b8023f0f356d2\"},\"headline\":\"Hacienda incluir\u00e1 discusi\u00f3n del royalty minero en la pr\u00f3xima reforma tributaria que partir\u00e1 en junio\",\"datePublished\":\"2022-05-04T14:56:00+00:00\",\"dateModified\":\"2023-12-04T22:57:56+00:00\",\"mainEntityOfPage\":{\"@id\":\"https:\/\/www.portatax.cl\/mineria\/2022\/05\/04\/hacienda-incluira-discusion-del-royalty-minero-en-la-proxima-reforma-tributaria-que-partira-en-junio\/\"},\"wordCount\":48,\"publisher\":{\"@id\":\"https:\/\/www.portatax.cl\/mineria\/#organization\"},\"articleSection\":[\"Royalty Minero\"],\"inLanguage\":\"es\"},{\"@type\":\"WebPage\",\"@id\":\"https:\/\/www.portatax.cl\/mineria\/2022\/05\/04\/hacienda-incluira-discusion-del-royalty-minero-en-la-proxima-reforma-tributaria-que-partira-en-junio\/\",\"url\":\"https:\/\/www.portatax.cl\/mineria\/2022\/05\/04\/hacienda-incluira-discusion-del-royalty-minero-en-la-proxima-reforma-tributaria-que-partira-en-junio\/\",\"name\":\"Hacienda incluir\u00e1 discusi\u00f3n del royalty minero en la pr\u00f3xima reforma tributaria que partir\u00e1 en junio - Portatax\",\"isPartOf\":{\"@id\":\"https:\/\/www.portatax.cl\/mineria\/#website\"},\"datePublished\":\"2022-05-04T14:56:00+00:00\",\"dateModified\":\"2023-12-04T22:57:56+00:00\",\"breadcrumb\":{\"@id\":\"https:\/\/www.portatax.cl\/mineria\/2022\/05\/04\/hacienda-incluira-discusion-del-royalty-minero-en-la-proxima-reforma-tributaria-que-partira-en-junio\/#breadcrumb\"},\"inLanguage\":\"es\",\"potentialAction\":[{\"@type\":\"ReadAction\",\"target\":[\"https:\/\/www.portatax.cl\/mineria\/2022\/05\/04\/hacienda-incluira-discusion-del-royalty-minero-en-la-proxima-reforma-tributaria-que-partira-en-junio\/\"]}]},{\"@type\":\"BreadcrumbList\",\"@id\":\"https:\/\/www.portatax.cl\/mineria\/2022\/05\/04\/hacienda-incluira-discusion-del-royalty-minero-en-la-proxima-reforma-tributaria-que-partira-en-junio\/#breadcrumb\",\"itemListElement\":[{\"@type\":\"ListItem\",\"position\":1,\"name\":\"Portada\",\"item\":\"https:\/\/www.portatax.cl\/mineria\/\"},{\"@type\":\"ListItem\",\"position\":2,\"name\":\"Hacienda incluir\u00e1 discusi\u00f3n del royalty minero en la pr\u00f3xima reforma tributaria que partir\u00e1 en junio\"}]},{\"@type\":\"WebSite\",\"@id\":\"https:\/\/www.portatax.cl\/mineria\/#website\",\"url\":\"https:\/\/www.portatax.cl\/mineria\/\",\"name\":\"Portatax\",\"description\":\"Servicios Tributarios\",\"publisher\":{\"@id\":\"https:\/\/www.portatax.cl\/mineria\/#organization\"},\"potentialAction\":[{\"@type\":\"SearchAction\",\"target\":{\"@type\":\"EntryPoint\",\"urlTemplate\":\"https:\/\/www.portatax.cl\/mineria\/?s={search_term_string}\"},\"query-input\":\"required name=search_term_string\"}],\"inLanguage\":\"es\"},{\"@type\":\"Organization\",\"@id\":\"https:\/\/www.portatax.cl\/mineria\/#organization\",\"name\":\"Portatax\",\"url\":\"https:\/\/www.portatax.cl\/mineria\/\",\"logo\":{\"@type\":\"ImageObject\",\"inLanguage\":\"es\",\"@id\":\"https:\/\/www.portatax.cl\/mineria\/#\/schema\/logo\/image\/\",\"url\":\"https:\/\/www.portatax.cl\/mineria\/wp-content\/uploads\/2021\/03\/Logo-Porta-Tax-2.png\",\"contentUrl\":\"https:\/\/www.portatax.cl\/mineria\/wp-content\/uploads\/2021\/03\/Logo-Porta-Tax-2.png\",\"width\":250,\"height\":83,\"caption\":\"Portatax\"},\"image\":{\"@id\":\"https:\/\/www.portatax.cl\/mineria\/#\/schema\/logo\/image\/\"}},{\"@type\":\"Person\",\"@id\":\"https:\/\/www.portatax.cl\/mineria\/#\/schema\/person\/16bad928390762f14c4b8023f0f356d2\",\"name\":\"Marjorie\",\"image\":{\"@type\":\"ImageObject\",\"inLanguage\":\"es\",\"@id\":\"https:\/\/www.portatax.cl\/mineria\/#\/schema\/person\/image\/\",\"url\":\"https:\/\/secure.gravatar.com\/avatar\/075ec98493ed93d68bb3fc65934af517464edbda82d3de640a0d868437b444ba?s=96&d=mm&r=g\",\"contentUrl\":\"https:\/\/secure.gravatar.com\/avatar\/075ec98493ed93d68bb3fc65934af517464edbda82d3de640a0d868437b444ba?s=96&d=mm&r=g\",\"caption\":\"Marjorie\"},\"url\":\"https:\/\/www.portatax.cl\/mineria\/author\/marjorie\/\"}]}<\/script>\n<!-- \/ Yoast SEO plugin. -->","yoast_head_json":{"title":"Hacienda incluir\u00e1 discusi\u00f3n del royalty minero en la pr\u00f3xima reforma tributaria que partir\u00e1 en junio - Portatax","robots":{"index":"index","follow":"follow","max-snippet":"max-snippet:-1","max-image-preview":"max-image-preview:large","max-video-preview":"max-video-preview:-1"},"canonical":"https:\/\/www.portatax.cl\/mineria\/2022\/05\/04\/hacienda-incluira-discusion-del-royalty-minero-en-la-proxima-reforma-tributaria-que-partira-en-junio\/","og_locale":"es_ES","og_type":"article","og_title":"Hacienda incluir\u00e1 discusi\u00f3n del royalty minero en la pr\u00f3xima reforma tributaria que partir\u00e1 en junio - Portatax","og_description":"(publicado por: https:\/\/www.df.cl\/, 04-05-2022) La subsecretaria&nbsp; de la cartera, Claudia Sanhueza, adelant\u00f3 cuatro pilares principales de la iniciativa a la C\u00e1mara de Diputados. noticia aqu\u00ed","og_url":"https:\/\/www.portatax.cl\/mineria\/2022\/05\/04\/hacienda-incluira-discusion-del-royalty-minero-en-la-proxima-reforma-tributaria-que-partira-en-junio\/","og_site_name":"Portatax","article_published_time":"2022-05-04T14:56:00+00:00","article_modified_time":"2023-12-04T22:57:56+00:00","og_image":[{"width":1200,"height":630,"url":"https:\/\/www.portatax.cl\/mineria\/wp-content\/uploads\/2022\/05\/Promo-Facebook-Facebook-image-post-46.jpeg","type":"image\/jpeg"}],"author":"Marjorie","twitter_card":"summary_large_image","twitter_misc":{"Escrito por":"Marjorie","Tiempo de lectura":"1 minuto"},"schema":{"@context":"https:\/\/schema.org","@graph":[{"@type":"Article","@id":"https:\/\/www.portatax.cl\/mineria\/2022\/05\/04\/hacienda-incluira-discusion-del-royalty-minero-en-la-proxima-reforma-tributaria-que-partira-en-junio\/#article","isPartOf":{"@id":"https:\/\/www.portatax.cl\/mineria\/2022\/05\/04\/hacienda-incluira-discusion-del-royalty-minero-en-la-proxima-reforma-tributaria-que-partira-en-junio\/"},"author":{"name":"Marjorie","@id":"https:\/\/www.portatax.cl\/mineria\/#\/schema\/person\/16bad928390762f14c4b8023f0f356d2"},"headline":"Hacienda incluir\u00e1 discusi\u00f3n del royalty minero en la pr\u00f3xima reforma tributaria que partir\u00e1 en junio","datePublished":"2022-05-04T14:56:00+00:00","dateModified":"2023-12-04T22:57:56+00:00","mainEntityOfPage":{"@id":"https:\/\/www.portatax.cl\/mineria\/2022\/05\/04\/hacienda-incluira-discusion-del-royalty-minero-en-la-proxima-reforma-tributaria-que-partira-en-junio\/"},"wordCount":48,"publisher":{"@id":"https:\/\/www.portatax.cl\/mineria\/#organization"},"articleSection":["Royalty Minero"],"inLanguage":"es"},{"@type":"WebPage","@id":"https:\/\/www.portatax.cl\/mineria\/2022\/05\/04\/hacienda-incluira-discusion-del-royalty-minero-en-la-proxima-reforma-tributaria-que-partira-en-junio\/","url":"https:\/\/www.portatax.cl\/mineria\/2022\/05\/04\/hacienda-incluira-discusion-del-royalty-minero-en-la-proxima-reforma-tributaria-que-partira-en-junio\/","name":"Hacienda incluir\u00e1 discusi\u00f3n del royalty minero en la pr\u00f3xima reforma tributaria que partir\u00e1 en junio - Portatax","isPartOf":{"@id":"https:\/\/www.portatax.cl\/mineria\/#website"},"datePublished":"2022-05-04T14:56:00+00:00","dateModified":"2023-12-04T22:57:56+00:00","breadcrumb":{"@id":"https:\/\/www.portatax.cl\/mineria\/2022\/05\/04\/hacienda-incluira-discusion-del-royalty-minero-en-la-proxima-reforma-tributaria-que-partira-en-junio\/#breadcrumb"},"inLanguage":"es","potentialAction":[{"@type":"ReadAction","target":["https:\/\/www.portatax.cl\/mineria\/2022\/05\/04\/hacienda-incluira-discusion-del-royalty-minero-en-la-proxima-reforma-tributaria-que-partira-en-junio\/"]}]},{"@type":"BreadcrumbList","@id":"https:\/\/www.portatax.cl\/mineria\/2022\/05\/04\/hacienda-incluira-discusion-del-royalty-minero-en-la-proxima-reforma-tributaria-que-partira-en-junio\/#breadcrumb","itemListElement":[{"@type":"ListItem","position":1,"name":"Portada","item":"https:\/\/www.portatax.cl\/mineria\/"},{"@type":"ListItem","position":2,"name":"Hacienda incluir\u00e1 discusi\u00f3n del royalty minero en la pr\u00f3xima reforma tributaria que partir\u00e1 en junio"}]},{"@type":"WebSite","@id":"https:\/\/www.portatax.cl\/mineria\/#website","url":"https:\/\/www.portatax.cl\/mineria\/","name":"Portatax","description":"Servicios Tributarios","publisher":{"@id":"https:\/\/www.portatax.cl\/mineria\/#organization"},"potentialAction":[{"@type":"SearchAction","target":{"@type":"EntryPoint","urlTemplate":"https:\/\/www.portatax.cl\/mineria\/?s={search_term_string}"},"query-input":"required name=search_term_string"}],"inLanguage":"es"},{"@type":"Organization","@id":"https:\/\/www.portatax.cl\/mineria\/#organization","name":"Portatax","url":"https:\/\/www.portatax.cl\/mineria\/","logo":{"@type":"ImageObject","inLanguage":"es","@id":"https:\/\/www.portatax.cl\/mineria\/#\/schema\/logo\/image\/","url":"https:\/\/www.portatax.cl\/mineria\/wp-content\/uploads\/2021\/03\/Logo-Porta-Tax-2.png","contentUrl":"https:\/\/www.portatax.cl\/mineria\/wp-content\/uploads\/2021\/03\/Logo-Porta-Tax-2.png","width":250,"height":83,"caption":"Portatax"},"image":{"@id":"https:\/\/www.portatax.cl\/mineria\/#\/schema\/logo\/image\/"}},{"@type":"Person","@id":"https:\/\/www.portatax.cl\/mineria\/#\/schema\/person\/16bad928390762f14c4b8023f0f356d2","name":"Marjorie","image":{"@type":"ImageObject","inLanguage":"es","@id":"https:\/\/www.portatax.cl\/mineria\/#\/schema\/person\/image\/","url":"https:\/\/secure.gravatar.com\/avatar\/075ec98493ed93d68bb3fc65934af517464edbda82d3de640a0d868437b444ba?s=96&d=mm&r=g","contentUrl":"https:\/\/secure.gravatar.com\/avatar\/075ec98493ed93d68bb3fc65934af517464edbda82d3de640a0d868437b444ba?s=96&d=mm&r=g","caption":"Marjorie"},"url":"https:\/\/www.portatax.cl\/mineria\/author\/marjorie\/"}]}},"_links":{"self":[{"href":"https:\/\/www.portatax.cl\/mineria\/wp-json\/wp\/v2\/posts\/4006","targetHints":{"allow":["GET"]}}],"collection":[{"href":"https:\/\/www.portatax.cl\/mineria\/wp-json\/wp\/v2\/posts"}],"about":[{"href":"https:\/\/www.portatax.cl\/mineria\/wp-json\/wp\/v2\/types\/post"}],"author":[{"embeddable":true,"href":"https:\/\/www.portatax.cl\/mineria\/wp-json\/wp\/v2\/users\/2"}],"replies":[{"embeddable":true,"href":"https:\/\/www.portatax.cl\/mineria\/wp-json\/wp\/v2\/comments?post=4006"}],"version-history":[{"count":2,"href":"https:\/\/www.portatax.cl\/mineria\/wp-json\/wp\/v2\/posts\/4006\/revisions"}],"predecessor-version":[{"id":4707,"href":"https:\/\/www.portatax.cl\/mineria\/wp-json\/wp\/v2\/posts\/4006\/revisions\/4707"}],"wp:featuredmedia":[{"embeddable":true,"href":"https:\/\/www.portatax.cl\/mineria\/wp-json\/wp\/v2\/media\/4008"}],"wp:attachment":[{"href":"https:\/\/www.portatax.cl\/mineria\/wp-json\/wp\/v2\/media?parent=4006"}],"wp:term":[{"taxonomy":"category","embeddable":true,"href":"https:\/\/www.portatax.cl\/mineria\/wp-json\/wp\/v2\/categories?post=4006"},{"taxonomy":"post_tag","embeddable":true,"href":"https:\/\/www.portatax.cl\/mineria\/wp-json\/wp\/v2\/tags?post=4006"}],"curies":[{"name":"wp","href":"https:\/\/api.w.org\/{rel}","templated":true}]}}