{"id":4011,"date":"2022-05-16T16:47:00","date_gmt":"2022-05-16T20:47:00","guid":{"rendered":"https:\/\/www.portatax.cl\/mineria\/?p=4011"},"modified":"2023-12-04T18:57:49","modified_gmt":"2023-12-04T22:57:49","slug":"consejo-minero-por-borrador-de-la-nueva-constitucion-se-ha-optado-porque-exista-la-mineria-publica-y-privada","status":"publish","type":"post","link":"https:\/\/www.portatax.cl\/mineria\/2022\/05\/16\/consejo-minero-por-borrador-de-la-nueva-constitucion-se-ha-optado-porque-exista-la-mineria-publica-y-privada\/","title":{"rendered":"Consejo Minero por borrador de la nueva Constituci\u00f3n: se ha optado porque exista la miner\u00eda p\u00fablica y privada."},"content":{"rendered":"\n<p>(Publicado por: <a href=\"https:\/\/www.latercera.com\/\" data-type=\"URL\" data-id=\"https:\/\/www.latercera.com\/\">https:\/\/www.latercera.com\/<\/a> 16-05-2022)<\/p>\n\n\n\n<p><a href=\"https:\/\/www.linkedin.com\/feed\/hashtag\/?keywords=chile&amp;highlightedUpdateUrns=urn%3Ali%3Aactivity%3A6932380381023191040\">#Chile<\/a>\u00a0<a href=\"https:\/\/www.linkedin.com\/feed\/hashtag\/?keywords=miner%C3%ADa&amp;highlightedUpdateUrns=urn%3Ali%3Aactivity%3A6932380381023191040\">#miner\u00eda<\/a>\u00a0<a href=\"https:\/\/www.linkedin.com\/feed\/hashtag\/?keywords=nuevaconstitucion&amp;highlightedUpdateUrns=urn%3Ali%3Aactivity%3A6932380381023191040\">#nuevaconstitucion<\/a><a href=\"https:\/\/www.linkedin.com\/feed\/hashtag\/?keywords=recursosnaturales&amp;highlightedUpdateUrns=urn%3Ali%3Aactivity%3A6932380381023191040\"> #recursosnaturales<\/a><a href=\"https:\/\/www.linkedin.com\/feed\/hashtag\/?keywords=chile&amp;highlightedUpdateUrns=urn%3Ali%3Aactivity%3A6932380381023191040\"> #chile<\/a><a href=\"https:\/\/www.linkedin.com\/feed\/hashtag\/?keywords=convencionconstitucional&amp;highlightedUpdateUrns=urn%3Ali%3Aactivity%3A6932380381023191040\"> #convencionconstitucional<\/a><\/p>\n\n\n\n<blockquote class=\"wp-block-quote is-layout-flow wp-block-quote-is-layout-flow\"><p><\/p><cite>Sin embargo, el presidente ejecutivo del Consejo Minero, Joaqu\u00edn Villarino, mostr\u00f3 su preocupaci\u00f3n por los impactos que podr\u00eda tener en el rubro las normas relacionadas al uso del agua, pueblos originarios y concesiones.<\/cite><\/blockquote>\n\n\n\n<p>El presidente Ejecutivo del&nbsp;<a href=\"https:\/\/www.latercera.com\/etiqueta\/consejo-minero\/\" target=\"_blank\" rel=\"noreferrer noopener\">Consejo Minero<\/a>, Joaqu\u00edn Villarino, se mostr\u00f3 aliviado luego que el pleno de la&nbsp;<a href=\"https:\/\/www.latercera.com\/etiqueta\/convencion-constitucional\/\" target=\"_blank\" rel=\"noreferrer noopener\">Convenci\u00f3n Constitucional<\/a>&nbsp;no diera pie a que se marginara al sector privado de la explotaci\u00f3n de los recursos naturales en Chile y tampoco se comenzara un proceso de expropiaci\u00f3n para convertir al Estado en el \u00fanico actor del rubro.<\/p>\n\n\n\n<p>\u201cEs una muy buena noticia que hasta ahora no hayamos optado como pa\u00eds por la nacionalizaci\u00f3n y que la\u00a0<a rel=\"noreferrer noopener\" href=\"https:\/\/www.latercera.com\/etiqueta\/mineria\/\" target=\"_blank\">miner\u00eda<\/a>\u00a0no solamente sea llevada por el Estado, que fue algo que se promovi\u00f3 por todos los medios posibles, pero que fue finalmente rechazado. Esto es bueno porque se ha optado porque exista la miner\u00eda p\u00fablica y privada\u201d, destac\u00f3 Villarino en entrevista con el programa Informaci\u00f3n Privilegiada de Radio Duna.<\/p>\n\n\n\n<p>Otro de los aspectos que dej\u00f3 tranquilo a Villarino es que las exigencias regulatorias a la miner\u00eda, como en el tema de impacto ambiental, ser\u00edan similares a las de la actual Constituci\u00f3n, \u00e1reas en las que el sector ya est\u00e1 trabajando desde hace un tiempo, afirm\u00f3.<\/p>\n\n\n\n<p>\u201cLo que est\u00e1 establecido en la Constituci\u00f3n es algo que la miner\u00eda lo est\u00e1 haciendo\u201d, destac\u00f3 el ejecutivo que representa a importantes empresas mineras en Chile y que son miembros del Consejo Minero, entre ellas la estatal Codelco.<\/p>\n\n\n\n<h4 class=\"wp-block-heading\">Otro problemas<\/h4>\n\n\n\n<p>La mirada positiva de Villarino al borrador de la nueva Constituci\u00f3n termina, sin embargo, a la hora de analizar otros aspectos del texto, que abordan indirectamente el funcionamiento de la actividad minera.<\/p>\n\n\n\n<p>Una de las principales alertas que mostr\u00f3 el ejecutivo fue que en el texto no qued\u00f3 plasmado el detalle del sistemas de concesiones, algo que quedar\u00e1 en las manos de los legisladores con un qu\u00f3rum de mayor\u00eda simple.<\/p>\n\n\n\n<p>\u201cNo qued\u00f3 establecido ning\u00fan r\u00e9gimen para la explotaci\u00f3n privada, se reconoce al sector privado indirectamente, porque se rechaz\u00f3 todo lo que es nacionalizaci\u00f3n y estatizaci\u00f3n, pero no hay un r\u00e9gimen de concesiones\u201d, manifest\u00f3 el abogado.<\/p>\n\n\n\n<p>En esa l\u00ednea, Villarino tambi\u00e9n dispar\u00f3 contra el cambio de la protecci\u00f3n del r\u00e9gimen de concesi\u00f3n a una ley de mayor\u00eda simple. Hoy se requiere un qu\u00f3rum m\u00e1s alto para su cambio y esto, a juicio del Consejo Minero, era una medida que daba certeza a un sector que realiza inversiones para proyectos de muchos a\u00f1os.<\/p>\n\n\n\n<p>\u201cUna ley simple te va decir cu\u00e1l es el t\u00edtulo que tienes, c\u00f3mo se otorga, c\u00f3mo se revocan y qu\u00e9 caracter\u00edsticas va a tener tu derecho para explotar y eso es muy inestable, la miner\u00eda es una actividad de largo plazo que requiere estabilidad\u201d, critic\u00f3 Villarino, quien estim\u00f3 que estas reglas podr\u00edan cambiar f\u00e1cilmente al necesitar solamente una mayor\u00eda de un poco m\u00e1s del 50% para realizar cambios.<\/p>\n\n\n\n<p>Otro de los temas que vio con preocupaci\u00f3n es el cambi\u00f3 en el tema de derechos de agua, recurso que utiliza el sector minero para sus operaciones. Sin embargo, Villarino manifest\u00f3 que la miner\u00eda podr\u00e1 hacer frente a esto dado su que la actividad est\u00e1 trabajando para dejar de usar agua dulce en sus faenas.<\/p>\n\n\n\n<p>\u201cEs much\u00edsimo m\u00e1s grave para los agricultores que para la miner\u00eda, (nuestro sector) est\u00e1 evolucionando y se espera que al 2030, el 50% de nuestro consumo de agua sea proveniente del mar\u201d, destac\u00f3 Villarino.<\/p>\n\n\n\n<p>Finalmente, el presidente ejecutivo del Consejo Minero manifest\u00f3 su inquietud por la inclusi\u00f3n y el protagonismo que tendr\u00e1n los pueblos originarios en la nueva Constituci\u00f3n y c\u00f3mo esto podr\u00eda afectar al desarrollo de nuevos proyectos para la miner\u00eda y otras actividades.<\/p>\n\n\n\n<p>\u201cHay unos temas vinculados con territorios, con usos de recursos h\u00eddricos y con sistemas judiciales paralelos para resolver los conflictos que se produzcan respecto al uso de estos bienes, lo que genera un desaf\u00edo tremendo para el pa\u00eds y, sobre todo, para alguien que quiera llevar adelante inversiones donde potencialmente pueda existir un territorio de pueblos originarios\u201d, plante\u00f3 Villarino.<\/p>\n\n\n\n<p>Villarino cerr\u00f3 su evaluaci\u00f3n del borrador de la nueva Constituci\u00f3n comentando que pese a tener conocimientos en el \u00e1rea de la Constituci\u00f3n, no es f\u00e1cil abordar el borrador del texto que tendr\u00e1 que ser aprobado o rechazado en el pr\u00f3ximo plebiscito.<\/p>\n\n\n\n<p>\u201cEs muy compleja la Constituci\u00f3n (&#8230;) Es dif\u00edcil imaginarse c\u00f3mo va a operar esto\u201d, concluy\u00f3 el abogado, quien invit\u00f3 a las personas a que leyeran el borrador.<\/p>\n\n\n\n<p>noticia <a rel=\"noreferrer noopener\" href=\"https:\/\/www.latercera.com\/pulso-pm\/noticia\/consejo-minero-por-borrador-de-la-nueva-constitucion-se-ha-optado-porque-exista-la-mineria-publica-y-privada\/WIEK5RFMGFC4PDG4PDFUMFITMI\/\" data-type=\"URL\" data-id=\"https:\/\/www.latercera.com\/pulso-pm\/noticia\/consejo-minero-por-borrador-de-la-nueva-constitucion-se-ha-optado-porque-exista-la-mineria-publica-y-privada\/WIEK5RFMGFC4PDG4PDFUMFITMI\/\" target=\"_blank\">a<\/a><a rel=\"noreferrer noopener\" href=\"https:\/\/www.latercera.com\/pulso-pm\/noticia\/consejo-minero-por-borrador-de-la-nueva-constitucion-se-ha-optado-porque-exista-la-mineria-publica-y-privada\/WIEK5RFMGFC4PDG4PDFUMFITMI\/\" data-type=\"URL\" data-id=\"https:\/\/www.latercera.com\/pulso-pm\/noticia\/consejo-minero-por-borrador-de-la-nueva-constitucion-se-ha-optado-porque-exista-la-mineria-publica-y-privada\/WIEK5RFMGFC4PDG4PDFUMFITMI\/\" target=\"_blank\">q<\/a><a rel=\"noreferrer noopener\" href=\"https:\/\/www.latercera.com\/pulso-pm\/noticia\/consejo-minero-por-borrador-de-la-nueva-constitucion-se-ha-optado-porque-exista-la-mineria-publica-y-privada\/WIEK5RFMGFC4PDG4PDFUMFITMI\/\" data-type=\"URL\" data-id=\"https:\/\/www.latercera.com\/pulso-pm\/noticia\/consejo-minero-por-borrador-de-la-nueva-constitucion-se-ha-optado-porque-exista-la-mineria-publica-y-privada\/WIEK5RFMGFC4PDG4PDFUMFITMI\/\" target=\"_blank\">u<\/a><a href=\"https:\/\/www.latercera.com\/pulso-pm\/noticia\/consejo-minero-por-borrador-de-la-nueva-constitucion-se-ha-optado-porque-exista-la-mineria-publica-y-privada\/WIEK5RFMGFC4PDG4PDFUMFITMI\/\" data-type=\"URL\" data-id=\"https:\/\/www.latercera.com\/pulso-pm\/noticia\/consejo-minero-por-borrador-de-la-nueva-constitucion-se-ha-optado-porque-exista-la-mineria-publica-y-privada\/WIEK5RFMGFC4PDG4PDFUMFITMI\/\" target=\"_blank\" rel=\"noreferrer noopener\">\u00ed<\/a><\/p>\n","protected":false},"excerpt":{"rendered":"<p>(Publicado por: https:\/\/www.latercera.com\/ 16-05-2022) #Chile\u00a0#miner\u00eda\u00a0#nuevaconstitucion #recursosnaturales #chile #convencionconstitucional Sin embargo, el presidente ejecutivo del Consejo Minero, Joaqu\u00edn Villarino, mostr\u00f3 su preocupaci\u00f3n por los impactos que podr\u00eda tener en el rubro las normas relacionadas al uso del agua, pueblos originarios y concesiones. El presidente Ejecutivo del&nbsp;Consejo Minero, Joaqu\u00edn Villarino, se mostr\u00f3 aliviado luego que el pleno &hellip;<\/p>\n<p class=\"read-more\"> <a class=\"\" href=\"https:\/\/www.portatax.cl\/mineria\/2022\/05\/16\/consejo-minero-por-borrador-de-la-nueva-constitucion-se-ha-optado-porque-exista-la-mineria-publica-y-privada\/\"> <span class=\"screen-reader-text\">Consejo Minero por borrador de la nueva Constituci\u00f3n: se ha optado porque exista la miner\u00eda p\u00fablica y privada.<\/span> Leer m\u00e1s &raquo;<\/a><\/p>\n","protected":false},"author":2,"featured_media":4012,"comment_status":"closed","ping_status":"closed","sticky":false,"template":"","format":"standard","meta":{"om_disable_all_campaigns":false,"_monsterinsights_skip_tracking":false,"_monsterinsights_sitenote_active":false,"_monsterinsights_sitenote_note":"","_monsterinsights_sitenote_category":0,"_uf_show_specific_survey":0,"_uf_disable_surveys":false,"site-sidebar-layout":"default","site-content-layout":"default","ast-site-content-layout":"default","site-content-style":"default","site-sidebar-style":"default","ast-global-header-display":"","ast-banner-title-visibility":"","ast-main-header-display":"","ast-hfb-above-header-display":"","ast-hfb-below-header-display":"","ast-hfb-mobile-header-display":"","site-post-title":"","ast-breadcrumbs-content":"","ast-featured-img":"","footer-sml-layout":"","theme-transparent-header-meta":"default","adv-header-id-meta":"","stick-header-meta":"","header-above-stick-meta":"","header-main-stick-meta":"","header-below-stick-meta":"","astra-migrate-meta-layouts":"set","ast-page-background-enabled":"default","ast-page-background-meta":{"desktop":{"background-color":"","background-image":"","background-repeat":"repeat","background-position":"center center","background-size":"auto","background-attachment":"scroll","background-type":"","background-media":"","overlay-type":"","overlay-color":"","overlay-gradient":""},"tablet":{"background-color":"","background-image":"","background-repeat":"repeat","background-position":"center center","background-size":"auto","background-attachment":"scroll","background-type":"","background-media":"","overlay-type":"","overlay-color":"","overlay-gradient":""},"mobile":{"background-color":"","background-image":"","background-repeat":"repeat","background-position":"center center","background-size":"auto","background-attachment":"scroll","background-type":"","background-media":"","overlay-type":"","overlay-color":"","overlay-gradient":""}},"ast-content-background-meta":{"desktop":{"background-color":"var(--ast-global-color-5)","background-image":"","background-repeat":"repeat","background-position":"center center","background-size":"auto","background-attachment":"scroll","background-type":"","background-media":"","overlay-type":"","overlay-color":"","overlay-gradient":""},"tablet":{"background-color":"var(--ast-global-color-5)","background-image":"","background-repeat":"repeat","background-position":"center center","background-size":"auto","background-attachment":"scroll","background-type":"","background-media":"","overlay-type":"","overlay-color":"","overlay-gradient":""},"mobile":{"background-color":"var(--ast-global-color-5)","background-image":"","background-repeat":"repeat","background-position":"center center","background-size":"auto","background-attachment":"scroll","background-type":"","background-media":"","overlay-type":"","overlay-color":"","overlay-gradient":""}},"footnotes":""},"categories":[42],"tags":[],"class_list":["post-4011","post","type-post","status-publish","format-standard","has-post-thumbnail","hentry","category-actualidad-minera"],"aioseo_notices":[],"yoast_head":"<!-- This site is optimized with the Yoast SEO plugin v21.5 - https:\/\/yoast.com\/wordpress\/plugins\/seo\/ -->\n<title>Consejo Minero por borrador de la nueva Constituci\u00f3n: se ha optado porque exista la miner\u00eda p\u00fablica y privada. - Portatax<\/title>\n<meta name=\"robots\" content=\"index, follow, max-snippet:-1, max-image-preview:large, max-video-preview:-1\" \/>\n<link rel=\"canonical\" href=\"https:\/\/www.portatax.cl\/mineria\/2022\/05\/16\/consejo-minero-por-borrador-de-la-nueva-constitucion-se-ha-optado-porque-exista-la-mineria-publica-y-privada\/\" \/>\n<meta property=\"og:locale\" content=\"es_ES\" \/>\n<meta property=\"og:type\" content=\"article\" \/>\n<meta property=\"og:title\" content=\"Consejo Minero por borrador de la nueva Constituci\u00f3n: se ha optado porque exista la miner\u00eda p\u00fablica y privada. - Portatax\" \/>\n<meta property=\"og:description\" content=\"(Publicado por: https:\/\/www.latercera.com\/ 16-05-2022) #Chile\u00a0#miner\u00eda\u00a0#nuevaconstitucion #recursosnaturales #chile #convencionconstitucional Sin embargo, el presidente ejecutivo del Consejo Minero, Joaqu\u00edn Villarino, mostr\u00f3 su preocupaci\u00f3n por los impactos que podr\u00eda tener en el rubro las normas relacionadas al uso del agua, pueblos originarios y concesiones. El presidente Ejecutivo del&nbsp;Consejo Minero, Joaqu\u00edn Villarino, se mostr\u00f3 aliviado luego que el pleno &hellip; Consejo Minero por borrador de la nueva Constituci\u00f3n: se ha optado porque exista la miner\u00eda p\u00fablica y privada. Leer m\u00e1s &raquo;\" \/>\n<meta property=\"og:url\" content=\"https:\/\/www.portatax.cl\/mineria\/2022\/05\/16\/consejo-minero-por-borrador-de-la-nueva-constitucion-se-ha-optado-porque-exista-la-mineria-publica-y-privada\/\" \/>\n<meta property=\"og:site_name\" content=\"Portatax\" \/>\n<meta property=\"article:published_time\" content=\"2022-05-16T20:47:00+00:00\" \/>\n<meta property=\"article:modified_time\" content=\"2023-12-04T22:57:49+00:00\" \/>\n<meta property=\"og:image\" content=\"https:\/\/www.portatax.cl\/mineria\/wp-content\/uploads\/2022\/05\/Promo-Facebook-Facebook-image-post-52.jpeg\" \/>\n\t<meta property=\"og:image:width\" content=\"1200\" \/>\n\t<meta property=\"og:image:height\" content=\"630\" \/>\n\t<meta property=\"og:image:type\" content=\"image\/jpeg\" \/>\n<meta name=\"author\" content=\"Marjorie\" \/>\n<meta name=\"twitter:card\" content=\"summary_large_image\" \/>\n<meta name=\"twitter:label1\" content=\"Escrito por\" \/>\n\t<meta name=\"twitter:data1\" content=\"Marjorie\" \/>\n\t<meta name=\"twitter:label2\" content=\"Tiempo de lectura\" \/>\n\t<meta name=\"twitter:data2\" content=\"4 minutos\" \/>\n<script type=\"application\/ld+json\" class=\"yoast-schema-graph\">{\"@context\":\"https:\/\/schema.org\",\"@graph\":[{\"@type\":\"Article\",\"@id\":\"https:\/\/www.portatax.cl\/mineria\/2022\/05\/16\/consejo-minero-por-borrador-de-la-nueva-constitucion-se-ha-optado-porque-exista-la-mineria-publica-y-privada\/#article\",\"isPartOf\":{\"@id\":\"https:\/\/www.portatax.cl\/mineria\/2022\/05\/16\/consejo-minero-por-borrador-de-la-nueva-constitucion-se-ha-optado-porque-exista-la-mineria-publica-y-privada\/\"},\"author\":{\"name\":\"Marjorie\",\"@id\":\"https:\/\/www.portatax.cl\/mineria\/#\/schema\/person\/16bad928390762f14c4b8023f0f356d2\"},\"headline\":\"Consejo Minero por borrador de la nueva Constituci\u00f3n: se ha optado porque exista la miner\u00eda p\u00fablica y privada.\",\"datePublished\":\"2022-05-16T20:47:00+00:00\",\"dateModified\":\"2023-12-04T22:57:49+00:00\",\"mainEntityOfPage\":{\"@id\":\"https:\/\/www.portatax.cl\/mineria\/2022\/05\/16\/consejo-minero-por-borrador-de-la-nueva-constitucion-se-ha-optado-porque-exista-la-mineria-publica-y-privada\/\"},\"wordCount\":837,\"publisher\":{\"@id\":\"https:\/\/www.portatax.cl\/mineria\/#organization\"},\"articleSection\":[\"Actualidad Minera\"],\"inLanguage\":\"es\"},{\"@type\":\"WebPage\",\"@id\":\"https:\/\/www.portatax.cl\/mineria\/2022\/05\/16\/consejo-minero-por-borrador-de-la-nueva-constitucion-se-ha-optado-porque-exista-la-mineria-publica-y-privada\/\",\"url\":\"https:\/\/www.portatax.cl\/mineria\/2022\/05\/16\/consejo-minero-por-borrador-de-la-nueva-constitucion-se-ha-optado-porque-exista-la-mineria-publica-y-privada\/\",\"name\":\"Consejo Minero por borrador de la nueva Constituci\u00f3n: se ha optado porque exista la miner\u00eda p\u00fablica y privada. - Portatax\",\"isPartOf\":{\"@id\":\"https:\/\/www.portatax.cl\/mineria\/#website\"},\"datePublished\":\"2022-05-16T20:47:00+00:00\",\"dateModified\":\"2023-12-04T22:57:49+00:00\",\"breadcrumb\":{\"@id\":\"https:\/\/www.portatax.cl\/mineria\/2022\/05\/16\/consejo-minero-por-borrador-de-la-nueva-constitucion-se-ha-optado-porque-exista-la-mineria-publica-y-privada\/#breadcrumb\"},\"inLanguage\":\"es\",\"potentialAction\":[{\"@type\":\"ReadAction\",\"target\":[\"https:\/\/www.portatax.cl\/mineria\/2022\/05\/16\/consejo-minero-por-borrador-de-la-nueva-constitucion-se-ha-optado-porque-exista-la-mineria-publica-y-privada\/\"]}]},{\"@type\":\"BreadcrumbList\",\"@id\":\"https:\/\/www.portatax.cl\/mineria\/2022\/05\/16\/consejo-minero-por-borrador-de-la-nueva-constitucion-se-ha-optado-porque-exista-la-mineria-publica-y-privada\/#breadcrumb\",\"itemListElement\":[{\"@type\":\"ListItem\",\"position\":1,\"name\":\"Portada\",\"item\":\"https:\/\/www.portatax.cl\/mineria\/\"},{\"@type\":\"ListItem\",\"position\":2,\"name\":\"Consejo Minero por borrador de la nueva Constituci\u00f3n: se ha optado porque exista la miner\u00eda p\u00fablica y privada.\"}]},{\"@type\":\"WebSite\",\"@id\":\"https:\/\/www.portatax.cl\/mineria\/#website\",\"url\":\"https:\/\/www.portatax.cl\/mineria\/\",\"name\":\"Portatax\",\"description\":\"Servicios Tributarios\",\"publisher\":{\"@id\":\"https:\/\/www.portatax.cl\/mineria\/#organization\"},\"potentialAction\":[{\"@type\":\"SearchAction\",\"target\":{\"@type\":\"EntryPoint\",\"urlTemplate\":\"https:\/\/www.portatax.cl\/mineria\/?s={search_term_string}\"},\"query-input\":\"required name=search_term_string\"}],\"inLanguage\":\"es\"},{\"@type\":\"Organization\",\"@id\":\"https:\/\/www.portatax.cl\/mineria\/#organization\",\"name\":\"Portatax\",\"url\":\"https:\/\/www.portatax.cl\/mineria\/\",\"logo\":{\"@type\":\"ImageObject\",\"inLanguage\":\"es\",\"@id\":\"https:\/\/www.portatax.cl\/mineria\/#\/schema\/logo\/image\/\",\"url\":\"https:\/\/www.portatax.cl\/mineria\/wp-content\/uploads\/2021\/03\/Logo-Porta-Tax-2.png\",\"contentUrl\":\"https:\/\/www.portatax.cl\/mineria\/wp-content\/uploads\/2021\/03\/Logo-Porta-Tax-2.png\",\"width\":250,\"height\":83,\"caption\":\"Portatax\"},\"image\":{\"@id\":\"https:\/\/www.portatax.cl\/mineria\/#\/schema\/logo\/image\/\"}},{\"@type\":\"Person\",\"@id\":\"https:\/\/www.portatax.cl\/mineria\/#\/schema\/person\/16bad928390762f14c4b8023f0f356d2\",\"name\":\"Marjorie\",\"image\":{\"@type\":\"ImageObject\",\"inLanguage\":\"es\",\"@id\":\"https:\/\/www.portatax.cl\/mineria\/#\/schema\/person\/image\/\",\"url\":\"https:\/\/secure.gravatar.com\/avatar\/075ec98493ed93d68bb3fc65934af517464edbda82d3de640a0d868437b444ba?s=96&d=mm&r=g\",\"contentUrl\":\"https:\/\/secure.gravatar.com\/avatar\/075ec98493ed93d68bb3fc65934af517464edbda82d3de640a0d868437b444ba?s=96&d=mm&r=g\",\"caption\":\"Marjorie\"},\"url\":\"https:\/\/www.portatax.cl\/mineria\/author\/marjorie\/\"}]}<\/script>\n<!-- \/ Yoast SEO plugin. -->","yoast_head_json":{"title":"Consejo Minero por borrador de la nueva Constituci\u00f3n: se ha optado porque exista la miner\u00eda p\u00fablica y privada. - Portatax","robots":{"index":"index","follow":"follow","max-snippet":"max-snippet:-1","max-image-preview":"max-image-preview:large","max-video-preview":"max-video-preview:-1"},"canonical":"https:\/\/www.portatax.cl\/mineria\/2022\/05\/16\/consejo-minero-por-borrador-de-la-nueva-constitucion-se-ha-optado-porque-exista-la-mineria-publica-y-privada\/","og_locale":"es_ES","og_type":"article","og_title":"Consejo Minero por borrador de la nueva Constituci\u00f3n: se ha optado porque exista la miner\u00eda p\u00fablica y privada. - Portatax","og_description":"(Publicado por: https:\/\/www.latercera.com\/ 16-05-2022) #Chile\u00a0#miner\u00eda\u00a0#nuevaconstitucion #recursosnaturales #chile #convencionconstitucional Sin embargo, el presidente ejecutivo del Consejo Minero, Joaqu\u00edn Villarino, mostr\u00f3 su preocupaci\u00f3n por los impactos que podr\u00eda tener en el rubro las normas relacionadas al uso del agua, pueblos originarios y concesiones. El presidente Ejecutivo del&nbsp;Consejo Minero, Joaqu\u00edn Villarino, se mostr\u00f3 aliviado luego que el pleno &hellip; Consejo Minero por borrador de la nueva Constituci\u00f3n: se ha optado porque exista la miner\u00eda p\u00fablica y privada. Leer m\u00e1s &raquo;","og_url":"https:\/\/www.portatax.cl\/mineria\/2022\/05\/16\/consejo-minero-por-borrador-de-la-nueva-constitucion-se-ha-optado-porque-exista-la-mineria-publica-y-privada\/","og_site_name":"Portatax","article_published_time":"2022-05-16T20:47:00+00:00","article_modified_time":"2023-12-04T22:57:49+00:00","og_image":[{"width":1200,"height":630,"url":"https:\/\/www.portatax.cl\/mineria\/wp-content\/uploads\/2022\/05\/Promo-Facebook-Facebook-image-post-52.jpeg","type":"image\/jpeg"}],"author":"Marjorie","twitter_card":"summary_large_image","twitter_misc":{"Escrito por":"Marjorie","Tiempo de lectura":"4 minutos"},"schema":{"@context":"https:\/\/schema.org","@graph":[{"@type":"Article","@id":"https:\/\/www.portatax.cl\/mineria\/2022\/05\/16\/consejo-minero-por-borrador-de-la-nueva-constitucion-se-ha-optado-porque-exista-la-mineria-publica-y-privada\/#article","isPartOf":{"@id":"https:\/\/www.portatax.cl\/mineria\/2022\/05\/16\/consejo-minero-por-borrador-de-la-nueva-constitucion-se-ha-optado-porque-exista-la-mineria-publica-y-privada\/"},"author":{"name":"Marjorie","@id":"https:\/\/www.portatax.cl\/mineria\/#\/schema\/person\/16bad928390762f14c4b8023f0f356d2"},"headline":"Consejo Minero por borrador de la nueva Constituci\u00f3n: se ha optado porque exista la miner\u00eda p\u00fablica y privada.","datePublished":"2022-05-16T20:47:00+00:00","dateModified":"2023-12-04T22:57:49+00:00","mainEntityOfPage":{"@id":"https:\/\/www.portatax.cl\/mineria\/2022\/05\/16\/consejo-minero-por-borrador-de-la-nueva-constitucion-se-ha-optado-porque-exista-la-mineria-publica-y-privada\/"},"wordCount":837,"publisher":{"@id":"https:\/\/www.portatax.cl\/mineria\/#organization"},"articleSection":["Actualidad Minera"],"inLanguage":"es"},{"@type":"WebPage","@id":"https:\/\/www.portatax.cl\/mineria\/2022\/05\/16\/consejo-minero-por-borrador-de-la-nueva-constitucion-se-ha-optado-porque-exista-la-mineria-publica-y-privada\/","url":"https:\/\/www.portatax.cl\/mineria\/2022\/05\/16\/consejo-minero-por-borrador-de-la-nueva-constitucion-se-ha-optado-porque-exista-la-mineria-publica-y-privada\/","name":"Consejo Minero por borrador de la nueva Constituci\u00f3n: se ha optado porque exista la miner\u00eda p\u00fablica y privada. - Portatax","isPartOf":{"@id":"https:\/\/www.portatax.cl\/mineria\/#website"},"datePublished":"2022-05-16T20:47:00+00:00","dateModified":"2023-12-04T22:57:49+00:00","breadcrumb":{"@id":"https:\/\/www.portatax.cl\/mineria\/2022\/05\/16\/consejo-minero-por-borrador-de-la-nueva-constitucion-se-ha-optado-porque-exista-la-mineria-publica-y-privada\/#breadcrumb"},"inLanguage":"es","potentialAction":[{"@type":"ReadAction","target":["https:\/\/www.portatax.cl\/mineria\/2022\/05\/16\/consejo-minero-por-borrador-de-la-nueva-constitucion-se-ha-optado-porque-exista-la-mineria-publica-y-privada\/"]}]},{"@type":"BreadcrumbList","@id":"https:\/\/www.portatax.cl\/mineria\/2022\/05\/16\/consejo-minero-por-borrador-de-la-nueva-constitucion-se-ha-optado-porque-exista-la-mineria-publica-y-privada\/#breadcrumb","itemListElement":[{"@type":"ListItem","position":1,"name":"Portada","item":"https:\/\/www.portatax.cl\/mineria\/"},{"@type":"ListItem","position":2,"name":"Consejo Minero por borrador de la nueva Constituci\u00f3n: se ha optado porque exista la miner\u00eda p\u00fablica y privada."}]},{"@type":"WebSite","@id":"https:\/\/www.portatax.cl\/mineria\/#website","url":"https:\/\/www.portatax.cl\/mineria\/","name":"Portatax","description":"Servicios Tributarios","publisher":{"@id":"https:\/\/www.portatax.cl\/mineria\/#organization"},"potentialAction":[{"@type":"SearchAction","target":{"@type":"EntryPoint","urlTemplate":"https:\/\/www.portatax.cl\/mineria\/?s={search_term_string}"},"query-input":"required name=search_term_string"}],"inLanguage":"es"},{"@type":"Organization","@id":"https:\/\/www.portatax.cl\/mineria\/#organization","name":"Portatax","url":"https:\/\/www.portatax.cl\/mineria\/","logo":{"@type":"ImageObject","inLanguage":"es","@id":"https:\/\/www.portatax.cl\/mineria\/#\/schema\/logo\/image\/","url":"https:\/\/www.portatax.cl\/mineria\/wp-content\/uploads\/2021\/03\/Logo-Porta-Tax-2.png","contentUrl":"https:\/\/www.portatax.cl\/mineria\/wp-content\/uploads\/2021\/03\/Logo-Porta-Tax-2.png","width":250,"height":83,"caption":"Portatax"},"image":{"@id":"https:\/\/www.portatax.cl\/mineria\/#\/schema\/logo\/image\/"}},{"@type":"Person","@id":"https:\/\/www.portatax.cl\/mineria\/#\/schema\/person\/16bad928390762f14c4b8023f0f356d2","name":"Marjorie","image":{"@type":"ImageObject","inLanguage":"es","@id":"https:\/\/www.portatax.cl\/mineria\/#\/schema\/person\/image\/","url":"https:\/\/secure.gravatar.com\/avatar\/075ec98493ed93d68bb3fc65934af517464edbda82d3de640a0d868437b444ba?s=96&d=mm&r=g","contentUrl":"https:\/\/secure.gravatar.com\/avatar\/075ec98493ed93d68bb3fc65934af517464edbda82d3de640a0d868437b444ba?s=96&d=mm&r=g","caption":"Marjorie"},"url":"https:\/\/www.portatax.cl\/mineria\/author\/marjorie\/"}]}},"_links":{"self":[{"href":"https:\/\/www.portatax.cl\/mineria\/wp-json\/wp\/v2\/posts\/4011","targetHints":{"allow":["GET"]}}],"collection":[{"href":"https:\/\/www.portatax.cl\/mineria\/wp-json\/wp\/v2\/posts"}],"about":[{"href":"https:\/\/www.portatax.cl\/mineria\/wp-json\/wp\/v2\/types\/post"}],"author":[{"embeddable":true,"href":"https:\/\/www.portatax.cl\/mineria\/wp-json\/wp\/v2\/users\/2"}],"replies":[{"embeddable":true,"href":"https:\/\/www.portatax.cl\/mineria\/wp-json\/wp\/v2\/comments?post=4011"}],"version-history":[{"count":2,"href":"https:\/\/www.portatax.cl\/mineria\/wp-json\/wp\/v2\/posts\/4011\/revisions"}],"predecessor-version":[{"id":4706,"href":"https:\/\/www.portatax.cl\/mineria\/wp-json\/wp\/v2\/posts\/4011\/revisions\/4706"}],"wp:featuredmedia":[{"embeddable":true,"href":"https:\/\/www.portatax.cl\/mineria\/wp-json\/wp\/v2\/media\/4012"}],"wp:attachment":[{"href":"https:\/\/www.portatax.cl\/mineria\/wp-json\/wp\/v2\/media?parent=4011"}],"wp:term":[{"taxonomy":"category","embeddable":true,"href":"https:\/\/www.portatax.cl\/mineria\/wp-json\/wp\/v2\/categories?post=4011"},{"taxonomy":"post_tag","embeddable":true,"href":"https:\/\/www.portatax.cl\/mineria\/wp-json\/wp\/v2\/tags?post=4011"}],"curies":[{"name":"wp","href":"https:\/\/api.w.org\/{rel}","templated":true}]}}