{"id":4014,"date":"2022-05-18T13:48:00","date_gmt":"2022-05-18T17:48:00","guid":{"rendered":"https:\/\/www.portatax.cl\/mineria\/?p=4014"},"modified":"2023-12-04T18:57:43","modified_gmt":"2023-12-04T22:57:43","slug":"sonami-propone-modificar-escala-de-impuesto-especifico-a-la-mineria-y-desestimar-royalty-ad-valorem","status":"publish","type":"post","link":"https:\/\/www.portatax.cl\/mineria\/2022\/05\/18\/sonami-propone-modificar-escala-de-impuesto-especifico-a-la-mineria-y-desestimar-royalty-ad-valorem\/","title":{"rendered":"Sonami propone modificar escala de Impuesto Espec\u00edfico a la Miner\u00eda y desestimar royalty ad valorem"},"content":{"rendered":"\n<p>(Publicado por: <a href=\"https:\/\/www.mch.cl\/\" data-type=\"URL\" data-id=\"https:\/\/www.mch.cl\/\">https:\/\/www.mch.cl\/<\/a>, 18-05-2022)<\/p>\n\n\n\n<p><a href=\"https:\/\/www.linkedin.com\/feed\/hashtag\/?keywords=chile&amp;highlightedUpdateUrns=urn%3Ali%3Aactivity%3A6933109945470988288\">#Chile<\/a>&nbsp;<a href=\"https:\/\/www.linkedin.com\/feed\/hashtag\/?keywords=miner%C3%ADa&amp;highlightedUpdateUrns=urn%3Ali%3Aactivity%3A6933109945470988288\">#miner\u00eda<\/a>&nbsp;<a href=\"https:\/\/www.linkedin.com\/feed\/hashtag\/?keywords=impuestoespec%C3%ADficoalaminer%C3%ADa&amp;highlightedUpdateUrns=urn%3Ali%3Aactivity%3A6933109945470988288\">#Impuestoespec\u00edficoalaminer\u00eda<\/a><a href=\"https:\/\/www.linkedin.com\/feed\/hashtag\/?keywords=royalty&amp;highlightedUpdateUrns=urn%3Ali%3Aactivity%3A6933109945470988288\"> #royalty<\/a><\/p>\n\n\n\n<blockquote class=\"wp-block-quote is-layout-flow wp-block-quote-is-layout-flow\"><p><\/p><cite>Diego Hern\u00e1ndez, presidente de la gremial, propuso \u201cponer un l\u00edmite por volumen de producci\u00f3n, de modo que bajo ese l\u00edmite no se aplique el Impuesto Espec\u00edfico a la Miner\u00eda, de modo de fomentar el desarrollo de la peque\u00f1a y mediana miner\u00eda\u201d.<\/cite><\/blockquote>\n\n\n\n<p>Al participar en la instancia&nbsp;<strong>\u201cDi\u00e1logos sociales para la Reforma Tributar\u00eda\u201d<\/strong>, que se llev\u00f3 a cabo en el Ministerio de Hacienda, el presidente de la&nbsp;<strong>Sociedad Nacional de Miner\u00eda<\/strong>&nbsp;(Sonami),&nbsp;<strong>Diego Hern\u00e1ndez,<\/strong>&nbsp;<strong>cuestion\u00f3 nuevamente la idea de aplicar un impuesto ad valorem a la industria minera.<\/strong><\/p>\n\n\n\n<p>El directivo argument\u00f3 que&nbsp;<strong>este impuesto es regresivo y afecta la competitividad de las minas chilenas<\/strong>, \u201cya que&nbsp;<strong>el parque productivo es heterog\u00e9neo y el margen operacional de las compa\u00f1\u00edas no depende s\u00f3lo del precio del cobre<\/strong>\u201d.<\/p>\n\n\n\n<p>En su exposici\u00f3n, en que la estuvo acompa\u00f1ado por el vicepresidente&nbsp;<strong>Francisco Costabal<\/strong>,&nbsp;<strong>Diego Hern\u00e1ndez recomend\u00f3 modificar la escala del Impuesto Espec\u00edfico a la Miner\u00eda, \u201cpara aumentar la recaudaci\u00f3n a un l\u00edmite que no comprometa la inversi\u00f3n en nuevos proyectos<\/strong>\u201d.<\/p>\n\n\n\n<p>Asimismo,&nbsp;<strong>propuso \u201cponer un l\u00edmite por volumen de producci\u00f3n, de modo que bajo ese l\u00edmite no se aplique el Impuesto Espec\u00edfico a la Miner\u00eda, de modo de fomentar el desarrollo de la peque\u00f1a y mediana miner\u00eda<\/strong>\u201d.<\/p>\n\n\n\n<p>De la misma forma, el presidente de Sonami&nbsp;<strong>plante\u00f3 \u201cconsiderar mantener la renta presunta para la peque\u00f1a miner\u00eda\u201d<\/strong>.<\/p>\n\n\n\n<h5 class=\"wp-block-heading\">Seguridad jur\u00eddica y tributaria<\/h5>\n\n\n\n<p>Diego Hern\u00e1ndez record\u00f3 que durante la discusi\u00f3n del proyecto de ley de royalty&nbsp;<strong>en el Congreso se puso en duda, por parte de algunos expositores, la adecuada fiscalizaci\u00f3n y control por parte de las autoridades de las exportaciones de cobre en concentrados y en c\u00e1todos<\/strong>.<\/p>\n\n\n\n<p>Agreg\u00f3 que en su oportunidad&nbsp;<strong>Cochilco emiti\u00f3 un informe, el que demuestra que la fiscalizaci\u00f3n es muy completa<\/strong>. \u201c<strong>No es justo ni conveniente que en caso de que existan dudas, \u00e9stas no las aclaren las autoridades correspondientes<\/strong>. Nosotros tambi\u00e9n estamos disponibles para dar toda la informaci\u00f3n necesaria\u201d, puntualiz\u00f3.<\/p>\n\n\n\n<p>El presidente&nbsp; de la&nbsp; Sociedad Nacional de Miner\u00eda reiter\u00f3 que la industria minera est\u00e1 llamada a jugar un rol fundamental en la recuperaci\u00f3n de la econom\u00eda post pandemia. Sin embargo, Hern\u00e1ndez sostuvo que&nbsp;&nbsp;<strong>\u201cpara recuperar la inversi\u00f3n, es fundamental enviar se\u00f1ales claras de seguridad jur\u00eddica y tributaria\u201d<\/strong>.<\/p>\n\n\n\n<p>noticia <a rel=\"noreferrer noopener\" href=\"https:\/\/www.mch.cl\/2022\/05\/18\/sonami-propone-modificar-escala-de-impuesto-especifico-a-la-mineria-y-desestimar-royalty-ad-valorem\/\" data-type=\"URL\" data-id=\"https:\/\/www.mch.cl\/2022\/05\/18\/sonami-propone-modificar-escala-de-impuesto-especifico-a-la-mineria-y-desestimar-royalty-ad-valorem\/\" target=\"_blank\">a<\/a><a rel=\"noreferrer noopener\" href=\"https:\/\/www.mch.cl\/2022\/05\/18\/sonami-propone-modificar-escala-de-impuesto-especifico-a-la-mineria-y-desestimar-royalty-ad-valorem\/\" data-type=\"URL\" data-id=\"https:\/\/www.mch.cl\/2022\/05\/18\/sonami-propone-modificar-escala-de-impuesto-especifico-a-la-mineria-y-desestimar-royalty-ad-valorem\/\" target=\"_blank\">q<\/a><a rel=\"noreferrer noopener\" href=\"https:\/\/www.mch.cl\/2022\/05\/18\/sonami-propone-modificar-escala-de-impuesto-especifico-a-la-mineria-y-desestimar-royalty-ad-valorem\/\" data-type=\"URL\" data-id=\"https:\/\/www.mch.cl\/2022\/05\/18\/sonami-propone-modificar-escala-de-impuesto-especifico-a-la-mineria-y-desestimar-royalty-ad-valorem\/\" target=\"_blank\">u<\/a><a href=\"https:\/\/www.mch.cl\/2022\/05\/18\/sonami-propone-modificar-escala-de-impuesto-especifico-a-la-mineria-y-desestimar-royalty-ad-valorem\/\" data-type=\"URL\" data-id=\"https:\/\/www.mch.cl\/2022\/05\/18\/sonami-propone-modificar-escala-de-impuesto-especifico-a-la-mineria-y-desestimar-royalty-ad-valorem\/\" target=\"_blank\" rel=\"noreferrer noopener\">\u00ed<\/a><\/p>\n","protected":false},"excerpt":{"rendered":"<p>(Publicado por: https:\/\/www.mch.cl\/, 18-05-2022) #Chile&nbsp;#miner\u00eda&nbsp;#Impuestoespec\u00edficoalaminer\u00eda #royalty Diego Hern\u00e1ndez, presidente de la gremial, propuso \u201cponer un l\u00edmite por volumen de producci\u00f3n, de modo que bajo ese l\u00edmite no se aplique el Impuesto Espec\u00edfico a la Miner\u00eda, de modo de fomentar el desarrollo de la peque\u00f1a y mediana miner\u00eda\u201d. Al participar en la instancia&nbsp;\u201cDi\u00e1logos sociales para la &hellip;<\/p>\n<p class=\"read-more\"> <a class=\"\" href=\"https:\/\/www.portatax.cl\/mineria\/2022\/05\/18\/sonami-propone-modificar-escala-de-impuesto-especifico-a-la-mineria-y-desestimar-royalty-ad-valorem\/\"> <span class=\"screen-reader-text\">Sonami propone modificar escala de Impuesto Espec\u00edfico a la Miner\u00eda y desestimar royalty ad valorem<\/span> Leer m\u00e1s &raquo;<\/a><\/p>\n","protected":false},"author":2,"featured_media":4045,"comment_status":"closed","ping_status":"closed","sticky":false,"template":"","format":"standard","meta":{"om_disable_all_campaigns":false,"_monsterinsights_skip_tracking":false,"_monsterinsights_sitenote_active":false,"_monsterinsights_sitenote_note":"","_monsterinsights_sitenote_category":0,"_uf_show_specific_survey":0,"_uf_disable_surveys":false,"site-sidebar-layout":"default","site-content-layout":"default","ast-site-content-layout":"default","site-content-style":"default","site-sidebar-style":"default","ast-global-header-display":"","ast-banner-title-visibility":"","ast-main-header-display":"","ast-hfb-above-header-display":"","ast-hfb-below-header-display":"","ast-hfb-mobile-header-display":"","site-post-title":"","ast-breadcrumbs-content":"","ast-featured-img":"","footer-sml-layout":"","theme-transparent-header-meta":"default","adv-header-id-meta":"","stick-header-meta":"","header-above-stick-meta":"","header-main-stick-meta":"","header-below-stick-meta":"","astra-migrate-meta-layouts":"set","ast-page-background-enabled":"default","ast-page-background-meta":{"desktop":{"background-color":"","background-image":"","background-repeat":"repeat","background-position":"center center","background-size":"auto","background-attachment":"scroll","background-type":"","background-media":"","overlay-type":"","overlay-color":"","overlay-gradient":""},"tablet":{"background-color":"","background-image":"","background-repeat":"repeat","background-position":"center center","background-size":"auto","background-attachment":"scroll","background-type":"","background-media":"","overlay-type":"","overlay-color":"","overlay-gradient":""},"mobile":{"background-color":"","background-image":"","background-repeat":"repeat","background-position":"center center","background-size":"auto","background-attachment":"scroll","background-type":"","background-media":"","overlay-type":"","overlay-color":"","overlay-gradient":""}},"ast-content-background-meta":{"desktop":{"background-color":"var(--ast-global-color-5)","background-image":"","background-repeat":"repeat","background-position":"center center","background-size":"auto","background-attachment":"scroll","background-type":"","background-media":"","overlay-type":"","overlay-color":"","overlay-gradient":""},"tablet":{"background-color":"var(--ast-global-color-5)","background-image":"","background-repeat":"repeat","background-position":"center center","background-size":"auto","background-attachment":"scroll","background-type":"","background-media":"","overlay-type":"","overlay-color":"","overlay-gradient":""},"mobile":{"background-color":"var(--ast-global-color-5)","background-image":"","background-repeat":"repeat","background-position":"center center","background-size":"auto","background-attachment":"scroll","background-type":"","background-media":"","overlay-type":"","overlay-color":"","overlay-gradient":""}},"footnotes":""},"categories":[42],"tags":[],"class_list":["post-4014","post","type-post","status-publish","format-standard","has-post-thumbnail","hentry","category-actualidad-minera"],"aioseo_notices":[],"yoast_head":"<!-- This site is optimized with the Yoast SEO plugin v21.5 - https:\/\/yoast.com\/wordpress\/plugins\/seo\/ -->\n<title>Sonami propone modificar escala de Impuesto Espec\u00edfico a la Miner\u00eda y desestimar royalty ad valorem - Portatax<\/title>\n<meta name=\"robots\" content=\"index, follow, max-snippet:-1, max-image-preview:large, max-video-preview:-1\" \/>\n<link rel=\"canonical\" href=\"https:\/\/www.portatax.cl\/mineria\/2022\/05\/18\/sonami-propone-modificar-escala-de-impuesto-especifico-a-la-mineria-y-desestimar-royalty-ad-valorem\/\" \/>\n<meta property=\"og:locale\" content=\"es_ES\" \/>\n<meta property=\"og:type\" content=\"article\" \/>\n<meta property=\"og:title\" content=\"Sonami propone modificar escala de Impuesto Espec\u00edfico a la Miner\u00eda y desestimar royalty ad valorem - Portatax\" \/>\n<meta property=\"og:description\" content=\"(Publicado por: https:\/\/www.mch.cl\/, 18-05-2022) #Chile&nbsp;#miner\u00eda&nbsp;#Impuestoespec\u00edficoalaminer\u00eda #royalty Diego Hern\u00e1ndez, presidente de la gremial, propuso \u201cponer un l\u00edmite por volumen de producci\u00f3n, de modo que bajo ese l\u00edmite no se aplique el Impuesto Espec\u00edfico a la Miner\u00eda, de modo de fomentar el desarrollo de la peque\u00f1a y mediana miner\u00eda\u201d. Al participar en la instancia&nbsp;\u201cDi\u00e1logos sociales para la &hellip; Sonami propone modificar escala de Impuesto Espec\u00edfico a la Miner\u00eda y desestimar royalty ad valorem Leer m\u00e1s &raquo;\" \/>\n<meta property=\"og:url\" content=\"https:\/\/www.portatax.cl\/mineria\/2022\/05\/18\/sonami-propone-modificar-escala-de-impuesto-especifico-a-la-mineria-y-desestimar-royalty-ad-valorem\/\" \/>\n<meta property=\"og:site_name\" content=\"Portatax\" \/>\n<meta property=\"article:published_time\" content=\"2022-05-18T17:48:00+00:00\" \/>\n<meta property=\"article:modified_time\" content=\"2023-12-04T22:57:43+00:00\" \/>\n<meta property=\"og:image\" content=\"https:\/\/www.portatax.cl\/mineria\/wp-content\/uploads\/2022\/05\/diego-hernandez-620x403-1.png\" \/>\n\t<meta property=\"og:image:width\" content=\"620\" \/>\n\t<meta property=\"og:image:height\" content=\"403\" \/>\n\t<meta property=\"og:image:type\" content=\"image\/png\" \/>\n<meta name=\"author\" content=\"Marjorie\" \/>\n<meta name=\"twitter:card\" content=\"summary_large_image\" \/>\n<meta name=\"twitter:label1\" content=\"Escrito por\" \/>\n\t<meta name=\"twitter:data1\" content=\"Marjorie\" \/>\n\t<meta name=\"twitter:label2\" content=\"Tiempo de lectura\" \/>\n\t<meta name=\"twitter:data2\" content=\"2 minutos\" \/>\n<script type=\"application\/ld+json\" class=\"yoast-schema-graph\">{\"@context\":\"https:\/\/schema.org\",\"@graph\":[{\"@type\":\"Article\",\"@id\":\"https:\/\/www.portatax.cl\/mineria\/2022\/05\/18\/sonami-propone-modificar-escala-de-impuesto-especifico-a-la-mineria-y-desestimar-royalty-ad-valorem\/#article\",\"isPartOf\":{\"@id\":\"https:\/\/www.portatax.cl\/mineria\/2022\/05\/18\/sonami-propone-modificar-escala-de-impuesto-especifico-a-la-mineria-y-desestimar-royalty-ad-valorem\/\"},\"author\":{\"name\":\"Marjorie\",\"@id\":\"https:\/\/www.portatax.cl\/mineria\/#\/schema\/person\/16bad928390762f14c4b8023f0f356d2\"},\"headline\":\"Sonami propone modificar escala de Impuesto Espec\u00edfico a la Miner\u00eda y desestimar royalty ad valorem\",\"datePublished\":\"2022-05-18T17:48:00+00:00\",\"dateModified\":\"2023-12-04T22:57:43+00:00\",\"mainEntityOfPage\":{\"@id\":\"https:\/\/www.portatax.cl\/mineria\/2022\/05\/18\/sonami-propone-modificar-escala-de-impuesto-especifico-a-la-mineria-y-desestimar-royalty-ad-valorem\/\"},\"wordCount\":464,\"publisher\":{\"@id\":\"https:\/\/www.portatax.cl\/mineria\/#organization\"},\"articleSection\":[\"Actualidad Minera\"],\"inLanguage\":\"es\"},{\"@type\":\"WebPage\",\"@id\":\"https:\/\/www.portatax.cl\/mineria\/2022\/05\/18\/sonami-propone-modificar-escala-de-impuesto-especifico-a-la-mineria-y-desestimar-royalty-ad-valorem\/\",\"url\":\"https:\/\/www.portatax.cl\/mineria\/2022\/05\/18\/sonami-propone-modificar-escala-de-impuesto-especifico-a-la-mineria-y-desestimar-royalty-ad-valorem\/\",\"name\":\"Sonami propone modificar escala de Impuesto Espec\u00edfico a la Miner\u00eda y desestimar royalty ad valorem - Portatax\",\"isPartOf\":{\"@id\":\"https:\/\/www.portatax.cl\/mineria\/#website\"},\"datePublished\":\"2022-05-18T17:48:00+00:00\",\"dateModified\":\"2023-12-04T22:57:43+00:00\",\"breadcrumb\":{\"@id\":\"https:\/\/www.portatax.cl\/mineria\/2022\/05\/18\/sonami-propone-modificar-escala-de-impuesto-especifico-a-la-mineria-y-desestimar-royalty-ad-valorem\/#breadcrumb\"},\"inLanguage\":\"es\",\"potentialAction\":[{\"@type\":\"ReadAction\",\"target\":[\"https:\/\/www.portatax.cl\/mineria\/2022\/05\/18\/sonami-propone-modificar-escala-de-impuesto-especifico-a-la-mineria-y-desestimar-royalty-ad-valorem\/\"]}]},{\"@type\":\"BreadcrumbList\",\"@id\":\"https:\/\/www.portatax.cl\/mineria\/2022\/05\/18\/sonami-propone-modificar-escala-de-impuesto-especifico-a-la-mineria-y-desestimar-royalty-ad-valorem\/#breadcrumb\",\"itemListElement\":[{\"@type\":\"ListItem\",\"position\":1,\"name\":\"Portada\",\"item\":\"https:\/\/www.portatax.cl\/mineria\/\"},{\"@type\":\"ListItem\",\"position\":2,\"name\":\"Sonami propone modificar escala de Impuesto Espec\u00edfico a la Miner\u00eda y desestimar royalty ad valorem\"}]},{\"@type\":\"WebSite\",\"@id\":\"https:\/\/www.portatax.cl\/mineria\/#website\",\"url\":\"https:\/\/www.portatax.cl\/mineria\/\",\"name\":\"Portatax\",\"description\":\"Servicios Tributarios\",\"publisher\":{\"@id\":\"https:\/\/www.portatax.cl\/mineria\/#organization\"},\"potentialAction\":[{\"@type\":\"SearchAction\",\"target\":{\"@type\":\"EntryPoint\",\"urlTemplate\":\"https:\/\/www.portatax.cl\/mineria\/?s={search_term_string}\"},\"query-input\":\"required name=search_term_string\"}],\"inLanguage\":\"es\"},{\"@type\":\"Organization\",\"@id\":\"https:\/\/www.portatax.cl\/mineria\/#organization\",\"name\":\"Portatax\",\"url\":\"https:\/\/www.portatax.cl\/mineria\/\",\"logo\":{\"@type\":\"ImageObject\",\"inLanguage\":\"es\",\"@id\":\"https:\/\/www.portatax.cl\/mineria\/#\/schema\/logo\/image\/\",\"url\":\"https:\/\/www.portatax.cl\/mineria\/wp-content\/uploads\/2021\/03\/Logo-Porta-Tax-2.png\",\"contentUrl\":\"https:\/\/www.portatax.cl\/mineria\/wp-content\/uploads\/2021\/03\/Logo-Porta-Tax-2.png\",\"width\":250,\"height\":83,\"caption\":\"Portatax\"},\"image\":{\"@id\":\"https:\/\/www.portatax.cl\/mineria\/#\/schema\/logo\/image\/\"}},{\"@type\":\"Person\",\"@id\":\"https:\/\/www.portatax.cl\/mineria\/#\/schema\/person\/16bad928390762f14c4b8023f0f356d2\",\"name\":\"Marjorie\",\"image\":{\"@type\":\"ImageObject\",\"inLanguage\":\"es\",\"@id\":\"https:\/\/www.portatax.cl\/mineria\/#\/schema\/person\/image\/\",\"url\":\"https:\/\/secure.gravatar.com\/avatar\/075ec98493ed93d68bb3fc65934af517464edbda82d3de640a0d868437b444ba?s=96&d=mm&r=g\",\"contentUrl\":\"https:\/\/secure.gravatar.com\/avatar\/075ec98493ed93d68bb3fc65934af517464edbda82d3de640a0d868437b444ba?s=96&d=mm&r=g\",\"caption\":\"Marjorie\"},\"url\":\"https:\/\/www.portatax.cl\/mineria\/author\/marjorie\/\"}]}<\/script>\n<!-- \/ Yoast SEO plugin. -->","yoast_head_json":{"title":"Sonami propone modificar escala de Impuesto Espec\u00edfico a la Miner\u00eda y desestimar royalty ad valorem - Portatax","robots":{"index":"index","follow":"follow","max-snippet":"max-snippet:-1","max-image-preview":"max-image-preview:large","max-video-preview":"max-video-preview:-1"},"canonical":"https:\/\/www.portatax.cl\/mineria\/2022\/05\/18\/sonami-propone-modificar-escala-de-impuesto-especifico-a-la-mineria-y-desestimar-royalty-ad-valorem\/","og_locale":"es_ES","og_type":"article","og_title":"Sonami propone modificar escala de Impuesto Espec\u00edfico a la Miner\u00eda y desestimar royalty ad valorem - Portatax","og_description":"(Publicado por: https:\/\/www.mch.cl\/, 18-05-2022) #Chile&nbsp;#miner\u00eda&nbsp;#Impuestoespec\u00edficoalaminer\u00eda #royalty Diego Hern\u00e1ndez, presidente de la gremial, propuso \u201cponer un l\u00edmite por volumen de producci\u00f3n, de modo que bajo ese l\u00edmite no se aplique el Impuesto Espec\u00edfico a la Miner\u00eda, de modo de fomentar el desarrollo de la peque\u00f1a y mediana miner\u00eda\u201d. Al participar en la instancia&nbsp;\u201cDi\u00e1logos sociales para la &hellip; Sonami propone modificar escala de Impuesto Espec\u00edfico a la Miner\u00eda y desestimar royalty ad valorem Leer m\u00e1s &raquo;","og_url":"https:\/\/www.portatax.cl\/mineria\/2022\/05\/18\/sonami-propone-modificar-escala-de-impuesto-especifico-a-la-mineria-y-desestimar-royalty-ad-valorem\/","og_site_name":"Portatax","article_published_time":"2022-05-18T17:48:00+00:00","article_modified_time":"2023-12-04T22:57:43+00:00","og_image":[{"width":620,"height":403,"url":"https:\/\/www.portatax.cl\/mineria\/wp-content\/uploads\/2022\/05\/diego-hernandez-620x403-1.png","type":"image\/png"}],"author":"Marjorie","twitter_card":"summary_large_image","twitter_misc":{"Escrito por":"Marjorie","Tiempo de lectura":"2 minutos"},"schema":{"@context":"https:\/\/schema.org","@graph":[{"@type":"Article","@id":"https:\/\/www.portatax.cl\/mineria\/2022\/05\/18\/sonami-propone-modificar-escala-de-impuesto-especifico-a-la-mineria-y-desestimar-royalty-ad-valorem\/#article","isPartOf":{"@id":"https:\/\/www.portatax.cl\/mineria\/2022\/05\/18\/sonami-propone-modificar-escala-de-impuesto-especifico-a-la-mineria-y-desestimar-royalty-ad-valorem\/"},"author":{"name":"Marjorie","@id":"https:\/\/www.portatax.cl\/mineria\/#\/schema\/person\/16bad928390762f14c4b8023f0f356d2"},"headline":"Sonami propone modificar escala de Impuesto Espec\u00edfico a la Miner\u00eda y desestimar royalty ad valorem","datePublished":"2022-05-18T17:48:00+00:00","dateModified":"2023-12-04T22:57:43+00:00","mainEntityOfPage":{"@id":"https:\/\/www.portatax.cl\/mineria\/2022\/05\/18\/sonami-propone-modificar-escala-de-impuesto-especifico-a-la-mineria-y-desestimar-royalty-ad-valorem\/"},"wordCount":464,"publisher":{"@id":"https:\/\/www.portatax.cl\/mineria\/#organization"},"articleSection":["Actualidad Minera"],"inLanguage":"es"},{"@type":"WebPage","@id":"https:\/\/www.portatax.cl\/mineria\/2022\/05\/18\/sonami-propone-modificar-escala-de-impuesto-especifico-a-la-mineria-y-desestimar-royalty-ad-valorem\/","url":"https:\/\/www.portatax.cl\/mineria\/2022\/05\/18\/sonami-propone-modificar-escala-de-impuesto-especifico-a-la-mineria-y-desestimar-royalty-ad-valorem\/","name":"Sonami propone modificar escala de Impuesto Espec\u00edfico a la Miner\u00eda y desestimar royalty ad valorem - Portatax","isPartOf":{"@id":"https:\/\/www.portatax.cl\/mineria\/#website"},"datePublished":"2022-05-18T17:48:00+00:00","dateModified":"2023-12-04T22:57:43+00:00","breadcrumb":{"@id":"https:\/\/www.portatax.cl\/mineria\/2022\/05\/18\/sonami-propone-modificar-escala-de-impuesto-especifico-a-la-mineria-y-desestimar-royalty-ad-valorem\/#breadcrumb"},"inLanguage":"es","potentialAction":[{"@type":"ReadAction","target":["https:\/\/www.portatax.cl\/mineria\/2022\/05\/18\/sonami-propone-modificar-escala-de-impuesto-especifico-a-la-mineria-y-desestimar-royalty-ad-valorem\/"]}]},{"@type":"BreadcrumbList","@id":"https:\/\/www.portatax.cl\/mineria\/2022\/05\/18\/sonami-propone-modificar-escala-de-impuesto-especifico-a-la-mineria-y-desestimar-royalty-ad-valorem\/#breadcrumb","itemListElement":[{"@type":"ListItem","position":1,"name":"Portada","item":"https:\/\/www.portatax.cl\/mineria\/"},{"@type":"ListItem","position":2,"name":"Sonami propone modificar escala de Impuesto Espec\u00edfico a la Miner\u00eda y desestimar royalty ad valorem"}]},{"@type":"WebSite","@id":"https:\/\/www.portatax.cl\/mineria\/#website","url":"https:\/\/www.portatax.cl\/mineria\/","name":"Portatax","description":"Servicios Tributarios","publisher":{"@id":"https:\/\/www.portatax.cl\/mineria\/#organization"},"potentialAction":[{"@type":"SearchAction","target":{"@type":"EntryPoint","urlTemplate":"https:\/\/www.portatax.cl\/mineria\/?s={search_term_string}"},"query-input":"required name=search_term_string"}],"inLanguage":"es"},{"@type":"Organization","@id":"https:\/\/www.portatax.cl\/mineria\/#organization","name":"Portatax","url":"https:\/\/www.portatax.cl\/mineria\/","logo":{"@type":"ImageObject","inLanguage":"es","@id":"https:\/\/www.portatax.cl\/mineria\/#\/schema\/logo\/image\/","url":"https:\/\/www.portatax.cl\/mineria\/wp-content\/uploads\/2021\/03\/Logo-Porta-Tax-2.png","contentUrl":"https:\/\/www.portatax.cl\/mineria\/wp-content\/uploads\/2021\/03\/Logo-Porta-Tax-2.png","width":250,"height":83,"caption":"Portatax"},"image":{"@id":"https:\/\/www.portatax.cl\/mineria\/#\/schema\/logo\/image\/"}},{"@type":"Person","@id":"https:\/\/www.portatax.cl\/mineria\/#\/schema\/person\/16bad928390762f14c4b8023f0f356d2","name":"Marjorie","image":{"@type":"ImageObject","inLanguage":"es","@id":"https:\/\/www.portatax.cl\/mineria\/#\/schema\/person\/image\/","url":"https:\/\/secure.gravatar.com\/avatar\/075ec98493ed93d68bb3fc65934af517464edbda82d3de640a0d868437b444ba?s=96&d=mm&r=g","contentUrl":"https:\/\/secure.gravatar.com\/avatar\/075ec98493ed93d68bb3fc65934af517464edbda82d3de640a0d868437b444ba?s=96&d=mm&r=g","caption":"Marjorie"},"url":"https:\/\/www.portatax.cl\/mineria\/author\/marjorie\/"}]}},"_links":{"self":[{"href":"https:\/\/www.portatax.cl\/mineria\/wp-json\/wp\/v2\/posts\/4014","targetHints":{"allow":["GET"]}}],"collection":[{"href":"https:\/\/www.portatax.cl\/mineria\/wp-json\/wp\/v2\/posts"}],"about":[{"href":"https:\/\/www.portatax.cl\/mineria\/wp-json\/wp\/v2\/types\/post"}],"author":[{"embeddable":true,"href":"https:\/\/www.portatax.cl\/mineria\/wp-json\/wp\/v2\/users\/2"}],"replies":[{"embeddable":true,"href":"https:\/\/www.portatax.cl\/mineria\/wp-json\/wp\/v2\/comments?post=4014"}],"version-history":[{"count":3,"href":"https:\/\/www.portatax.cl\/mineria\/wp-json\/wp\/v2\/posts\/4014\/revisions"}],"predecessor-version":[{"id":4705,"href":"https:\/\/www.portatax.cl\/mineria\/wp-json\/wp\/v2\/posts\/4014\/revisions\/4705"}],"wp:featuredmedia":[{"embeddable":true,"href":"https:\/\/www.portatax.cl\/mineria\/wp-json\/wp\/v2\/media\/4045"}],"wp:attachment":[{"href":"https:\/\/www.portatax.cl\/mineria\/wp-json\/wp\/v2\/media?parent=4014"}],"wp:term":[{"taxonomy":"category","embeddable":true,"href":"https:\/\/www.portatax.cl\/mineria\/wp-json\/wp\/v2\/categories?post=4014"},{"taxonomy":"post_tag","embeddable":true,"href":"https:\/\/www.portatax.cl\/mineria\/wp-json\/wp\/v2\/tags?post=4014"}],"curies":[{"name":"wp","href":"https:\/\/api.w.org\/{rel}","templated":true}]}}